{"id":9998,"date":"2022-01-11T12:53:15","date_gmt":"2022-01-11T10:53:15","guid":{"rendered":"https:\/\/www.martin-huelle.de\/blog\/?p=9998"},"modified":"2025-10-16T11:48:16","modified_gmt":"2025-10-16T09:48:16","slug":"11-januar","status":"publish","type":"post","link":"https:\/\/www.martin-huelle.de\/blog\/11-januar\/","title":{"rendered":"11. Januar"},"content":{"rendered":"\n<p>Vor genau zwei Jahren unternahm ich mit einer <a href=\"https:\/\/www.martin-huelle.de\/workshops\/waldfotografie-ein-streifzug-durch-den-wald\" target=\"_blank\" rel=\"noreferrer noopener\">Waldfotografie-Workshop-Gruppe<\/a> einen winterlichen Ausflug in die karge Natur. An jenem Samstag zog es uns in Wuppertal-Beyenburg zun\u00e4chst ins Naturschutzgebiet Bilstein-Daipenbecke und im weiteren Verlauf des Tages auch noch in die Naturschutzgebiete Bram- und Fastenbecke.<\/p>\n\n\n\n<p>Es war k\u00fchl, aber schneelos. Kein Wei\u00df verh\u00fcllte die trostlosen Szenerien. Aber das st\u00f6rte uns nicht. Im Gegenteil \u2013 wir sahen es als Ansporn und machten uns mit offenen Augen auf den Weg, die nackt daliegende Tristesse zu durchstreifen und suchten im Unscheinbaren nach au\u00dfergew\u00f6hnlichen Motiven.<\/p>\n\n\n\n<div class=\"wp-block-jetpack-tiled-gallery aligncenter is-style-rectangular\"><div class=\"\"><div class=\"tiled-gallery__gallery\"><div class=\"tiled-gallery__row\"><div class=\"tiled-gallery__col\" style=\"flex-basis:50.00000%\"><figure class=\"tiled-gallery__item\"><img decoding=\"async\" data-attachment-id=\"9994\" data-permalink=\"https:\/\/www.martin-huelle.de\/blog\/wald-wasser-wurzel-2\/\" data-orig-file=\"https:\/\/www.martin-huelle.de\/blog\/wp-content\/uploads\/2022\/01\/verloren.jpg\" data-orig-size=\"2010,1340\" data-comments-opened=\"1\" data-image-meta=\"{&quot;aperture&quot;:&quot;5.6&quot;,&quot;credit&quot;:&quot;Martin H\\u00fclle&quot;,&quot;camera&quot;:&quot;X-Pro2&quot;,&quot;caption&quot;:&quot;&quot;,&quot;created_timestamp&quot;:&quot;1578746924&quot;,&quot;copyright&quot;:&quot;Martin H\\u00fclle \/ www.martin-huelle.de&quot;,&quot;focal_length&quot;:&quot;56&quot;,&quot;iso&quot;:&quot;1250&quot;,&quot;shutter_speed&quot;:&quot;0.008&quot;,&quot;title&quot;:&quot;Wald. Wasser. Wurzel.&quot;,&quot;orientation&quot;:&quot;1&quot;}\" data-image-title=\"Verloren, Foto: Martin H\u00fclle\" data-image-description=\"&lt;p&gt;Verloren, Foto: Martin H\u00fclle&lt;\/p&gt;\n\" data-image-caption=\"\" data-large-file=\"https:\/\/www.martin-huelle.de\/blog\/wp-content\/uploads\/2022\/01\/verloren-1024x683.jpg\" data-attachment-id=\"9994\" data-permalink=\"https:\/\/www.martin-huelle.de\/blog\/wald-wasser-wurzel-2\/\" data-orig-file=\"https:\/\/www.martin-huelle.de\/blog\/wp-content\/uploads\/2022\/01\/verloren.jpg\" data-orig-size=\"2010,1340\" data-comments-opened=\"1\" data-image-meta=\"{&quot;aperture&quot;:&quot;5.6&quot;,&quot;credit&quot;:&quot;Martin H\\u00fclle&quot;,&quot;camera&quot;:&quot;X-Pro2&quot;,&quot;caption&quot;:&quot;&quot;,&quot;created_timestamp&quot;:&quot;1578746924&quot;,&quot;copyright&quot;:&quot;Martin H\\u00fclle \/ www.martin-huelle.de&quot;,&quot;focal_length&quot;:&quot;56&quot;,&quot;iso&quot;:&quot;1250&quot;,&quot;shutter_speed&quot;:&quot;0.008&quot;,&quot;title&quot;:&quot;Wald. Wasser. Wurzel.&quot;,&quot;orientation&quot;:&quot;1&quot;}\" data-image-title=\"Verloren, Foto: Martin H\u00fclle\" data-image-description=\"&lt;p&gt;Verloren, Foto: Martin H\u00fclle&lt;\/p&gt;\n\" data-image-caption=\"\" data-large-file=\"https:\/\/www.martin-huelle.de\/blog\/wp-content\/uploads\/2022\/01\/verloren-1024x683.jpg\" role=\"button\" tabindex=\"0\" aria-label=\"Bild\u00a01 von 2 im Vollbildmodus \u00f6ffnen\"srcset=\"https:\/\/i0.wp.com\/www.martin-huelle.de\/blog\/wp-content\/uploads\/2022\/01\/verloren-1024x683.jpg?strip=info&#038;w=600&#038;ssl=1 600w,https:\/\/i0.wp.com\/www.martin-huelle.de\/blog\/wp-content\/uploads\/2022\/01\/verloren-1024x683.jpg?strip=info&#038;w=900&#038;ssl=1 900w,https:\/\/i0.wp.com\/www.martin-huelle.de\/blog\/wp-content\/uploads\/2022\/01\/verloren-1024x683.jpg?strip=info&#038;w=1200&#038;ssl=1 1200w,https:\/\/i0.wp.com\/www.martin-huelle.de\/blog\/wp-content\/uploads\/2022\/01\/verloren-1024x683.jpg?strip=info&#038;w=1500&#038;ssl=1 1500w,https:\/\/i0.wp.com\/www.martin-huelle.de\/blog\/wp-content\/uploads\/2022\/01\/verloren-1024x683.jpg?strip=info&#038;w=1800&#038;ssl=1 1800w,https:\/\/i0.wp.com\/www.martin-huelle.de\/blog\/wp-content\/uploads\/2022\/01\/verloren-1024x683.jpg?strip=info&#038;w=2000&#038;ssl=1 2000w\" alt=\"Verloren, Foto: Martin H\u00fclle\" data-height=\"1340\" data-id=\"9994\" data-link=\"https:\/\/www.martin-huelle.de\/blog\/wald-wasser-wurzel-2\/\" data-url=\"https:\/\/www.martin-huelle.de\/blog\/wp-content\/uploads\/2022\/01\/verloren-1024x683.jpg\" data-width=\"2010\" src=\"https:\/\/i0.wp.com\/www.martin-huelle.de\/blog\/wp-content\/uploads\/2022\/01\/verloren-1024x683.jpg?ssl=1\" data-amp-layout=\"responsive\"\/><\/figure><\/div><div class=\"tiled-gallery__col\" style=\"flex-basis:50.00000%\"><figure class=\"tiled-gallery__item\"><img decoding=\"async\" data-attachment-id=\"9995\" data-permalink=\"https:\/\/www.martin-huelle.de\/blog\/wald-wasser-wurzel-3\/\" data-orig-file=\"https:\/\/www.martin-huelle.de\/blog\/wp-content\/uploads\/2022\/01\/am_wegesrand.jpg\" data-orig-size=\"2010,1340\" data-comments-opened=\"1\" data-image-meta=\"{&quot;aperture&quot;:&quot;2.8&quot;,&quot;credit&quot;:&quot;Martin H\\u00fclle&quot;,&quot;camera&quot;:&quot;X-Pro2&quot;,&quot;caption&quot;:&quot;&quot;,&quot;created_timestamp&quot;:&quot;1578753784&quot;,&quot;copyright&quot;:&quot;Martin H\\u00fclle \/ www.martin-huelle.de&quot;,&quot;focal_length&quot;:&quot;56&quot;,&quot;iso&quot;:&quot;200&quot;,&quot;shutter_speed&quot;:&quot;0.0058823529411765&quot;,&quot;title&quot;:&quot;Wald. Wasser. Wurzel.&quot;,&quot;orientation&quot;:&quot;1&quot;}\" data-image-title=\"Am Wegesrand, Foto: Martin H\u00fclle\" data-image-description=\"&lt;p&gt;Am Wegesrand, Foto: Martin H\u00fclle&lt;\/p&gt;\n\" data-image-caption=\"\" data-large-file=\"https:\/\/www.martin-huelle.de\/blog\/wp-content\/uploads\/2022\/01\/am_wegesrand-1024x683.jpg\" data-attachment-id=\"9995\" data-permalink=\"https:\/\/www.martin-huelle.de\/blog\/wald-wasser-wurzel-3\/\" data-orig-file=\"https:\/\/www.martin-huelle.de\/blog\/wp-content\/uploads\/2022\/01\/am_wegesrand.jpg\" data-orig-size=\"2010,1340\" data-comments-opened=\"1\" data-image-meta=\"{&quot;aperture&quot;:&quot;2.8&quot;,&quot;credit&quot;:&quot;Martin H\\u00fclle&quot;,&quot;camera&quot;:&quot;X-Pro2&quot;,&quot;caption&quot;:&quot;&quot;,&quot;created_timestamp&quot;:&quot;1578753784&quot;,&quot;copyright&quot;:&quot;Martin H\\u00fclle \/ www.martin-huelle.de&quot;,&quot;focal_length&quot;:&quot;56&quot;,&quot;iso&quot;:&quot;200&quot;,&quot;shutter_speed&quot;:&quot;0.0058823529411765&quot;,&quot;title&quot;:&quot;Wald. Wasser. Wurzel.&quot;,&quot;orientation&quot;:&quot;1&quot;}\" data-image-title=\"Am Wegesrand, Foto: Martin H\u00fclle\" data-image-description=\"&lt;p&gt;Am Wegesrand, Foto: Martin H\u00fclle&lt;\/p&gt;\n\" data-image-caption=\"\" data-large-file=\"https:\/\/www.martin-huelle.de\/blog\/wp-content\/uploads\/2022\/01\/am_wegesrand-1024x683.jpg\" role=\"button\" tabindex=\"0\" aria-label=\"Bild\u00a02 von 2 im Vollbildmodus \u00f6ffnen\"srcset=\"https:\/\/i0.wp.com\/www.martin-huelle.de\/blog\/wp-content\/uploads\/2022\/01\/am_wegesrand-1024x683.jpg?strip=info&#038;w=600&#038;ssl=1 600w,https:\/\/i0.wp.com\/www.martin-huelle.de\/blog\/wp-content\/uploads\/2022\/01\/am_wegesrand-1024x683.jpg?strip=info&#038;w=900&#038;ssl=1 900w,https:\/\/i0.wp.com\/www.martin-huelle.de\/blog\/wp-content\/uploads\/2022\/01\/am_wegesrand-1024x683.jpg?strip=info&#038;w=1200&#038;ssl=1 1200w,https:\/\/i0.wp.com\/www.martin-huelle.de\/blog\/wp-content\/uploads\/2022\/01\/am_wegesrand-1024x683.jpg?strip=info&#038;w=1500&#038;ssl=1 1500w,https:\/\/i0.wp.com\/www.martin-huelle.de\/blog\/wp-content\/uploads\/2022\/01\/am_wegesrand-1024x683.jpg?strip=info&#038;w=1800&#038;ssl=1 1800w,https:\/\/i0.wp.com\/www.martin-huelle.de\/blog\/wp-content\/uploads\/2022\/01\/am_wegesrand-1024x683.jpg?strip=info&#038;w=2000&#038;ssl=1 2000w\" alt=\"Am Wegesrand, Foto: Martin H\u00fclle\" data-height=\"1340\" data-id=\"9995\" data-link=\"https:\/\/www.martin-huelle.de\/blog\/wald-wasser-wurzel-3\/\" data-url=\"https:\/\/www.martin-huelle.de\/blog\/wp-content\/uploads\/2022\/01\/am_wegesrand-1024x683.jpg\" data-width=\"2010\" src=\"https:\/\/i0.wp.com\/www.martin-huelle.de\/blog\/wp-content\/uploads\/2022\/01\/am_wegesrand-1024x683.jpg?ssl=1\" data-amp-layout=\"responsive\"\/><\/figure><\/div><\/div><\/div><\/div><\/div>\n\n\n\n<p class=\"has-text-align-center\">\u2014<\/p>\n\n\n\n<p>Dabei griff auch ich immer wieder zur Kamera und erfreute mich an Linien und Strukturen. Ob Birken, Spiegelungen in Pf\u00fctzen oder das Chaos im Farn. Es zeigte sich mal wieder, dass zu jeder Jahreszeit, egal bei welchem Wetter und unabh\u00e4ngig &#8222;guten&#8220; Fotolichts Bilder zu finden sind, die Geschichten erz\u00e4hlen.<\/p>\n\n\n\n<div class=\"wp-block-jetpack-tiled-gallery aligncenter is-style-rectangular\"><div class=\"\"><div class=\"tiled-gallery__gallery\"><div class=\"tiled-gallery__row\"><div class=\"tiled-gallery__col\" style=\"flex-basis:50.00000%\"><figure class=\"tiled-gallery__item\"><img decoding=\"async\" data-attachment-id=\"9996\" data-permalink=\"https:\/\/www.martin-huelle.de\/blog\/wald-wasser-wurzel-4\/\" data-orig-file=\"https:\/\/www.martin-huelle.de\/blog\/wp-content\/uploads\/2022\/01\/pfuetze.jpg\" data-orig-size=\"2010,1340\" data-comments-opened=\"1\" data-image-meta=\"{&quot;aperture&quot;:&quot;5.6&quot;,&quot;credit&quot;:&quot;Martin H\\u00fclle&quot;,&quot;camera&quot;:&quot;X-Pro2&quot;,&quot;caption&quot;:&quot;&quot;,&quot;created_timestamp&quot;:&quot;1578742019&quot;,&quot;copyright&quot;:&quot;Martin H\\u00fclle \/ www.martin-huelle.de&quot;,&quot;focal_length&quot;:&quot;56&quot;,&quot;iso&quot;:&quot;800&quot;,&quot;shutter_speed&quot;:&quot;0.008&quot;,&quot;title&quot;:&quot;Wald. Wasser. Wurzel.&quot;,&quot;orientation&quot;:&quot;1&quot;}\" data-image-title=\"Pf\u00fctze, Foto: Martin H\u00fclle\" data-image-description=\"&lt;p&gt;Pf\u00fctze, Foto: Martin H\u00fclle&lt;\/p&gt;\n\" data-image-caption=\"\" data-large-file=\"https:\/\/www.martin-huelle.de\/blog\/wp-content\/uploads\/2022\/01\/pfuetze-1024x683.jpg\" data-attachment-id=\"9996\" data-permalink=\"https:\/\/www.martin-huelle.de\/blog\/wald-wasser-wurzel-4\/\" data-orig-file=\"https:\/\/www.martin-huelle.de\/blog\/wp-content\/uploads\/2022\/01\/pfuetze.jpg\" data-orig-size=\"2010,1340\" data-comments-opened=\"1\" data-image-meta=\"{&quot;aperture&quot;:&quot;5.6&quot;,&quot;credit&quot;:&quot;Martin H\\u00fclle&quot;,&quot;camera&quot;:&quot;X-Pro2&quot;,&quot;caption&quot;:&quot;&quot;,&quot;created_timestamp&quot;:&quot;1578742019&quot;,&quot;copyright&quot;:&quot;Martin H\\u00fclle \/ www.martin-huelle.de&quot;,&quot;focal_length&quot;:&quot;56&quot;,&quot;iso&quot;:&quot;800&quot;,&quot;shutter_speed&quot;:&quot;0.008&quot;,&quot;title&quot;:&quot;Wald. Wasser. Wurzel.&quot;,&quot;orientation&quot;:&quot;1&quot;}\" data-image-title=\"Pf\u00fctze, Foto: Martin H\u00fclle\" data-image-description=\"&lt;p&gt;Pf\u00fctze, Foto: Martin H\u00fclle&lt;\/p&gt;\n\" data-image-caption=\"\" data-large-file=\"https:\/\/www.martin-huelle.de\/blog\/wp-content\/uploads\/2022\/01\/pfuetze-1024x683.jpg\" role=\"button\" tabindex=\"0\" aria-label=\"Bild\u00a01 von 2 im Vollbildmodus \u00f6ffnen\"srcset=\"https:\/\/i0.wp.com\/www.martin-huelle.de\/blog\/wp-content\/uploads\/2022\/01\/pfuetze-1024x683.jpg?strip=info&#038;w=600&#038;ssl=1 600w,https:\/\/i0.wp.com\/www.martin-huelle.de\/blog\/wp-content\/uploads\/2022\/01\/pfuetze-1024x683.jpg?strip=info&#038;w=900&#038;ssl=1 900w,https:\/\/i0.wp.com\/www.martin-huelle.de\/blog\/wp-content\/uploads\/2022\/01\/pfuetze-1024x683.jpg?strip=info&#038;w=1200&#038;ssl=1 1200w,https:\/\/i0.wp.com\/www.martin-huelle.de\/blog\/wp-content\/uploads\/2022\/01\/pfuetze-1024x683.jpg?strip=info&#038;w=1500&#038;ssl=1 1500w,https:\/\/i0.wp.com\/www.martin-huelle.de\/blog\/wp-content\/uploads\/2022\/01\/pfuetze-1024x683.jpg?strip=info&#038;w=1800&#038;ssl=1 1800w,https:\/\/i0.wp.com\/www.martin-huelle.de\/blog\/wp-content\/uploads\/2022\/01\/pfuetze-1024x683.jpg?strip=info&#038;w=2000&#038;ssl=1 2000w\" alt=\"Pf\u00fctze, Foto: Martin H\u00fclle\" data-height=\"1340\" data-id=\"9996\" data-link=\"https:\/\/www.martin-huelle.de\/blog\/wald-wasser-wurzel-4\/\" data-url=\"https:\/\/www.martin-huelle.de\/blog\/wp-content\/uploads\/2022\/01\/pfuetze-1024x683.jpg\" data-width=\"2010\" src=\"https:\/\/i0.wp.com\/www.martin-huelle.de\/blog\/wp-content\/uploads\/2022\/01\/pfuetze-1024x683.jpg?ssl=1\" data-amp-layout=\"responsive\"\/><\/figure><\/div><div class=\"tiled-gallery__col\" style=\"flex-basis:50.00000%\"><figure class=\"tiled-gallery__item\"><img decoding=\"async\" data-attachment-id=\"9997\" data-permalink=\"https:\/\/www.martin-huelle.de\/blog\/wald-wasser-wurzel-5\/\" data-orig-file=\"https:\/\/www.martin-huelle.de\/blog\/wp-content\/uploads\/2022\/01\/im_farn.jpg\" data-orig-size=\"2010,1340\" data-comments-opened=\"1\" data-image-meta=\"{&quot;aperture&quot;:&quot;2.8&quot;,&quot;credit&quot;:&quot;Martin H\\u00fclle&quot;,&quot;camera&quot;:&quot;X-Pro2&quot;,&quot;caption&quot;:&quot;&quot;,&quot;created_timestamp&quot;:&quot;1578739915&quot;,&quot;copyright&quot;:&quot;Martin H\\u00fclle \/ www.martin-huelle.de&quot;,&quot;focal_length&quot;:&quot;23&quot;,&quot;iso&quot;:&quot;320&quot;,&quot;shutter_speed&quot;:&quot;0.008&quot;,&quot;title&quot;:&quot;Wald. Wasser. Wurzel.&quot;,&quot;orientation&quot;:&quot;1&quot;}\" data-image-title=\"Im Farn, Foto: Martin H\u00fclle\" data-image-description=\"&lt;p&gt;Im Farn, Foto: Martin H\u00fclle&lt;\/p&gt;\n\" data-image-caption=\"\" data-large-file=\"https:\/\/www.martin-huelle.de\/blog\/wp-content\/uploads\/2022\/01\/im_farn-1024x683.jpg\" data-attachment-id=\"9997\" data-permalink=\"https:\/\/www.martin-huelle.de\/blog\/wald-wasser-wurzel-5\/\" data-orig-file=\"https:\/\/www.martin-huelle.de\/blog\/wp-content\/uploads\/2022\/01\/im_farn.jpg\" data-orig-size=\"2010,1340\" data-comments-opened=\"1\" data-image-meta=\"{&quot;aperture&quot;:&quot;2.8&quot;,&quot;credit&quot;:&quot;Martin H\\u00fclle&quot;,&quot;camera&quot;:&quot;X-Pro2&quot;,&quot;caption&quot;:&quot;&quot;,&quot;created_timestamp&quot;:&quot;1578739915&quot;,&quot;copyright&quot;:&quot;Martin H\\u00fclle \/ www.martin-huelle.de&quot;,&quot;focal_length&quot;:&quot;23&quot;,&quot;iso&quot;:&quot;320&quot;,&quot;shutter_speed&quot;:&quot;0.008&quot;,&quot;title&quot;:&quot;Wald. Wasser. Wurzel.&quot;,&quot;orientation&quot;:&quot;1&quot;}\" data-image-title=\"Im Farn, Foto: Martin H\u00fclle\" data-image-description=\"&lt;p&gt;Im Farn, Foto: Martin H\u00fclle&lt;\/p&gt;\n\" data-image-caption=\"\" data-large-file=\"https:\/\/www.martin-huelle.de\/blog\/wp-content\/uploads\/2022\/01\/im_farn-1024x683.jpg\" role=\"button\" tabindex=\"0\" aria-label=\"Bild\u00a02 von 2 im Vollbildmodus \u00f6ffnen\"srcset=\"https:\/\/i0.wp.com\/www.martin-huelle.de\/blog\/wp-content\/uploads\/2022\/01\/im_farn-1024x683.jpg?strip=info&#038;w=600&#038;ssl=1 600w,https:\/\/i0.wp.com\/www.martin-huelle.de\/blog\/wp-content\/uploads\/2022\/01\/im_farn-1024x683.jpg?strip=info&#038;w=900&#038;ssl=1 900w,https:\/\/i0.wp.com\/www.martin-huelle.de\/blog\/wp-content\/uploads\/2022\/01\/im_farn-1024x683.jpg?strip=info&#038;w=1200&#038;ssl=1 1200w,https:\/\/i0.wp.com\/www.martin-huelle.de\/blog\/wp-content\/uploads\/2022\/01\/im_farn-1024x683.jpg?strip=info&#038;w=1500&#038;ssl=1 1500w,https:\/\/i0.wp.com\/www.martin-huelle.de\/blog\/wp-content\/uploads\/2022\/01\/im_farn-1024x683.jpg?strip=info&#038;w=1800&#038;ssl=1 1800w,https:\/\/i0.wp.com\/www.martin-huelle.de\/blog\/wp-content\/uploads\/2022\/01\/im_farn-1024x683.jpg?strip=info&#038;w=2000&#038;ssl=1 2000w\" alt=\"Im Farn, Foto: Martin H\u00fclle\" data-height=\"1340\" data-id=\"9997\" data-link=\"https:\/\/www.martin-huelle.de\/blog\/wald-wasser-wurzel-5\/\" data-url=\"https:\/\/www.martin-huelle.de\/blog\/wp-content\/uploads\/2022\/01\/im_farn-1024x683.jpg\" data-width=\"2010\" src=\"https:\/\/i0.wp.com\/www.martin-huelle.de\/blog\/wp-content\/uploads\/2022\/01\/im_farn-1024x683.jpg?ssl=1\" data-amp-layout=\"responsive\"\/><\/figure><\/div><\/div><\/div><\/div><\/div>\n\n\n\n<p class=\"has-text-align-center\">\u2014<\/p>\n\n\n\n<p>In der Nachbearbeitung entschied ich mich dazu, die Fotos monochrom zu halten und ihnen jede ohnehin sp\u00e4rliche Farbigkeit zu nehmen. In Schwarz und Wei\u00df kam das Grau in Grau am besten zur Geltung &#8230;<\/p>\n\n\n\n<p>Kommt beim n\u00e4chsten Mal doch mit!<\/p>\n\n\n\n<p><a href=\"https:\/\/www.martin-huelle.de\/workshops\" target=\"_blank\" rel=\"noreferrer noopener\">&gt; Workshops<\/a><\/p>\n\n\n\n<p class=\"has-text-align-center\">\u2014<\/p>\n\n\n\n<p class=\"has-text-align-center\"><em>Dir gef\u00e4llt mein Blog oder Du m\u00f6chtest meine Arbeit unterst\u00fctzen? Dann&nbsp;<a href=\"https:\/\/www.paypal.com\/paypalme\/martinhuellefotograf\" target=\"_blank\" rel=\"noreferrer noopener\">spendiere mir einen Kaffee<\/a>&nbsp;:-)<\/em><\/p>\n<div class=\"shariff shariff-align-left shariff-widget-align-left\"><ul class=\"shariff-buttons theme-white orientation-horizontal buttonsize-small\"><li class=\"shariff-button facebook shariff-nocustomcolor\" style=\"background-color:#4273c8\"><a href=\"https:\/\/www.facebook.com\/sharer\/sharer.php?u=https%3A%2F%2Fwww.martin-huelle.de%2Fblog%2F11-januar%2F\" title=\"Bei Facebook teilen\" aria-label=\"Bei Facebook teilen\" role=\"button\" rel=\"nofollow\" class=\"shariff-link\" style=\"; background-color:#3b5998; color:#3b5998\" target=\"_blank\"><span class=\"shariff-icon\" style=\"fill:#3b5998\"><svg width=\"32px\" height=\"20px\" xmlns=\"http:\/\/www.w3.org\/2000\/svg\" viewBox=\"0 0 18 32\"><path fill=\"#3b5998\" d=\"M17.1 0.2v4.7h-2.8q-1.5 0-2.1 0.6t-0.5 1.9v3.4h5.2l-0.7 5.3h-4.5v13.6h-5.5v-13.6h-4.5v-5.3h4.5v-3.9q0-3.3 1.9-5.2t5-1.8q2.6 0 4.1 0.2z\"\/><\/svg><\/span><span class=\"shariff-text\" style=\"color:#3b5998\">teilen<\/span>&nbsp;<\/a><\/li><li class=\"shariff-button twitter shariff-nocustomcolor\" style=\"background-color:#595959\"><a href=\"https:\/\/twitter.com\/share?url=https%3A%2F%2Fwww.martin-huelle.de%2Fblog%2F11-januar%2F&text=11.%20Januar\" title=\"Bei X teilen\" aria-label=\"Bei X teilen\" role=\"button\" rel=\"noopener nofollow\" class=\"shariff-link\" style=\"; background-color:#000; color:#000\" target=\"_blank\"><span class=\"shariff-icon\" style=\"fill:#000\"><svg width=\"32px\" height=\"20px\" xmlns=\"http:\/\/www.w3.org\/2000\/svg\" viewBox=\"0 0 24 24\"><path fill=\"#000\" d=\"M14.258 10.152L23.176 0h-2.113l-7.747 8.813L7.133 0H0l9.352 13.328L0 23.973h2.113l8.176-9.309 6.531 9.309h7.133zm-2.895 3.293l-.949-1.328L2.875 1.56h3.246l6.086 8.523.945 1.328 7.91 11.078h-3.246zm0 0\"\/><\/svg><\/span><span class=\"shariff-text\" style=\"color:#000\">teilen<\/span>&nbsp;<\/a><\/li><li class=\"shariff-button mailto shariff-nocustomcolor\" style=\"background-color:#a8a8a8\"><a href=\"mailto:?body=https%3A%2F%2Fwww.martin-huelle.de%2Fblog%2F11-januar%2F&subject=11.%20Januar\" title=\"Per E-Mail versenden\" aria-label=\"Per E-Mail versenden\" role=\"button\" rel=\"noopener nofollow\" class=\"shariff-link\" style=\"; background-color:#999; color:#999\"><span class=\"shariff-icon\" style=\"fill:#999\"><svg width=\"32px\" height=\"20px\" xmlns=\"http:\/\/www.w3.org\/2000\/svg\" viewBox=\"0 0 32 32\"><path fill=\"#999\" d=\"M32 12.7v14.2q0 1.2-0.8 2t-2 0.9h-26.3q-1.2 0-2-0.9t-0.8-2v-14.2q0.8 0.9 1.8 1.6 6.5 4.4 8.9 6.1 1 0.8 1.6 1.2t1.7 0.9 2 0.4h0.1q0.9 0 2-0.4t1.7-0.9 1.6-1.2q3-2.2 8.9-6.1 1-0.7 1.8-1.6zM32 7.4q0 1.4-0.9 2.7t-2.2 2.2q-6.7 4.7-8.4 5.8-0.2 0.1-0.7 0.5t-1 0.7-0.9 0.6-1.1 0.5-0.9 0.2h-0.1q-0.4 0-0.9-0.2t-1.1-0.5-0.9-0.6-1-0.7-0.7-0.5q-1.6-1.1-4.7-3.2t-3.6-2.6q-1.1-0.7-2.1-2t-1-2.5q0-1.4 0.7-2.3t2.1-0.9h26.3q1.2 0 2 0.8t0.9 2z\"\/><\/svg><\/span><span class=\"shariff-text\" style=\"color:#999\">E-Mail<\/span>&nbsp;<\/a><\/li><\/ul><\/div>","protected":false},"excerpt":{"rendered":"<p>Vor genau zwei Jahren unternahm ich mit einer Waldfotografie-Workshop-Gruppe einen winterlichen Ausflug in die karge Natur. An jenem Samstag zog es uns in Wuppertal-Beyenburg zun\u00e4chst ins Naturschutzgebiet Bilstein-Daipenbecke und im weiteren Verlauf des Tages auch noch in die Naturschutzgebiete Bram- und Fastenbecke. Es war k\u00fchl, aber schneelos. Kein Wei\u00df verh\u00fcllte die trostlosen Szenerien. Aber das&hellip;<\/p>\n","protected":false},"author":2,"featured_media":9993,"comment_status":"open","ping_status":"open","sticky":false,"template":"","format":"standard","meta":{"jetpack_post_was_ever_published":false,"_jetpack_newsletter_access":"","_jetpack_dont_email_post_to_subs":false,"_jetpack_newsletter_tier_id":0,"_jetpack_memberships_contains_paywalled_content":false,"_jetpack_memberships_contains_paid_content":false,"footnotes":"","jetpack_publicize_message":"","jetpack_publicize_feature_enabled":true,"jetpack_social_post_already_shared":true,"jetpack_social_options":{"image_generator_settings":{"template":"highway","default_image_id":0,"font":"","enabled":false},"version":2},"_links_to":"","_links_to_target":""},"categories":[9],"tags":[401,89,498,282,310],"class_list":["post-9998","post","type-post","status-publish","format-standard","has-post-thumbnail","hentry","category-fotografie","tag-fotoworkshop","tag-fujifilm","tag-waldfotografie","tag-workshop","tag-x-pro2","comments-open","has-comments"],"yoast_head":"<!-- This site is optimized with the Yoast SEO plugin v27.4 - https:\/\/yoast.com\/product\/yoast-seo-wordpress\/ -->\n<title>11. Januar - Martin H\u00fclle<\/title>\n<meta name=\"robots\" content=\"index, follow, max-snippet:-1, max-image-preview:large, max-video-preview:-1\" \/>\n<link rel=\"canonical\" href=\"https:\/\/www.martin-huelle.de\/blog\/11-januar\/\" \/>\n<meta property=\"og:locale\" content=\"de_DE\" \/>\n<meta property=\"og:type\" content=\"article\" \/>\n<meta property=\"og:title\" content=\"11. Januar - Martin H\u00fclle\" \/>\n<meta property=\"og:description\" content=\"Vor genau zwei Jahren unternahm ich mit einer Waldfotografie-Workshop-Gruppe einen winterlichen Ausflug in die karge Natur. An jenem Samstag zog es uns in Wuppertal-Beyenburg zun\u00e4chst ins Naturschutzgebiet Bilstein-Daipenbecke und im weiteren Verlauf des Tages auch noch in die Naturschutzgebiete Bram- und Fastenbecke. Es war k\u00fchl, aber schneelos. Kein Wei\u00df verh\u00fcllte die trostlosen Szenerien. Aber das&hellip;\" \/>\n<meta property=\"og:url\" content=\"https:\/\/www.martin-huelle.de\/blog\/11-januar\/\" \/>\n<meta property=\"og:site_name\" content=\"Martin H\u00fclle\" \/>\n<meta property=\"article:publisher\" content=\"https:\/\/www.facebook.com\/MartinHuelleFotografie\" \/>\n<meta property=\"article:published_time\" content=\"2022-01-11T10:53:15+00:00\" \/>\n<meta property=\"article:modified_time\" content=\"2025-10-16T09:48:16+00:00\" \/>\n<meta property=\"og:image\" content=\"https:\/\/www.martin-huelle.de\/blog\/wp-content\/uploads\/2022\/01\/birken.jpg\" \/>\n\t<meta property=\"og:image:width\" content=\"2000\" \/>\n\t<meta property=\"og:image:height\" content=\"1125\" \/>\n\t<meta property=\"og:image:type\" content=\"image\/jpeg\" \/>\n<meta name=\"author\" content=\"Martin H\u00fclle\" \/>\n<meta name=\"twitter:card\" content=\"summary_large_image\" \/>\n<meta name=\"twitter:creator\" content=\"@MartinHuelle\" \/>\n<meta name=\"twitter:site\" content=\"@MartinHuelle\" \/>\n<meta name=\"twitter:label1\" content=\"Verfasst von\" \/>\n\t<meta name=\"twitter:data1\" content=\"Martin H\u00fclle\" \/>\n\t<meta name=\"twitter:label2\" content=\"Gesch\u00e4tzte Lesezeit\" \/>\n\t<meta name=\"twitter:data2\" content=\"3\u00a0Minuten\" \/>\n<script type=\"application\/ld+json\" class=\"yoast-schema-graph\">{\"@context\":\"https:\\\/\\\/schema.org\",\"@graph\":[{\"@type\":\"Article\",\"@id\":\"https:\\\/\\\/www.martin-huelle.de\\\/blog\\\/11-januar\\\/#article\",\"isPartOf\":{\"@id\":\"https:\\\/\\\/www.martin-huelle.de\\\/blog\\\/11-januar\\\/\"},\"author\":{\"name\":\"Martin H\u00fclle\",\"@id\":\"https:\\\/\\\/www.martin-huelle.de\\\/blog\\\/#\\\/schema\\\/person\\\/3795a036df77eeca5488e43d17b280d6\"},\"headline\":\"11. Januar\",\"datePublished\":\"2022-01-11T10:53:15+00:00\",\"dateModified\":\"2025-10-16T09:48:16+00:00\",\"mainEntityOfPage\":{\"@id\":\"https:\\\/\\\/www.martin-huelle.de\\\/blog\\\/11-januar\\\/\"},\"wordCount\":210,\"commentCount\":4,\"image\":{\"@id\":\"https:\\\/\\\/www.martin-huelle.de\\\/blog\\\/11-januar\\\/#primaryimage\"},\"thumbnailUrl\":\"https:\\\/\\\/www.martin-huelle.de\\\/blog\\\/wp-content\\\/uploads\\\/2022\\\/01\\\/birken.jpg\",\"keywords\":[\"fotoworkshop\",\"fujifilm\",\"waldfotografie\",\"workshop\",\"x-pro2\"],\"articleSection\":[\"Fotografie\"],\"inLanguage\":\"de\",\"potentialAction\":[{\"@type\":\"CommentAction\",\"name\":\"Comment\",\"target\":[\"https:\\\/\\\/www.martin-huelle.de\\\/blog\\\/11-januar\\\/#respond\"]}]},{\"@type\":\"WebPage\",\"@id\":\"https:\\\/\\\/www.martin-huelle.de\\\/blog\\\/11-januar\\\/\",\"url\":\"https:\\\/\\\/www.martin-huelle.de\\\/blog\\\/11-januar\\\/\",\"name\":\"11. Januar - Martin H\u00fclle\",\"isPartOf\":{\"@id\":\"https:\\\/\\\/www.martin-huelle.de\\\/blog\\\/#website\"},\"primaryImageOfPage\":{\"@id\":\"https:\\\/\\\/www.martin-huelle.de\\\/blog\\\/11-januar\\\/#primaryimage\"},\"image\":{\"@id\":\"https:\\\/\\\/www.martin-huelle.de\\\/blog\\\/11-januar\\\/#primaryimage\"},\"thumbnailUrl\":\"https:\\\/\\\/www.martin-huelle.de\\\/blog\\\/wp-content\\\/uploads\\\/2022\\\/01\\\/birken.jpg\",\"datePublished\":\"2022-01-11T10:53:15+00:00\",\"dateModified\":\"2025-10-16T09:48:16+00:00\",\"author\":{\"@id\":\"https:\\\/\\\/www.martin-huelle.de\\\/blog\\\/#\\\/schema\\\/person\\\/3795a036df77eeca5488e43d17b280d6\"},\"breadcrumb\":{\"@id\":\"https:\\\/\\\/www.martin-huelle.de\\\/blog\\\/11-januar\\\/#breadcrumb\"},\"inLanguage\":\"de\",\"potentialAction\":[{\"@type\":\"ReadAction\",\"target\":[\"https:\\\/\\\/www.martin-huelle.de\\\/blog\\\/11-januar\\\/\"]}]},{\"@type\":\"ImageObject\",\"inLanguage\":\"de\",\"@id\":\"https:\\\/\\\/www.martin-huelle.de\\\/blog\\\/11-januar\\\/#primaryimage\",\"url\":\"https:\\\/\\\/www.martin-huelle.de\\\/blog\\\/wp-content\\\/uploads\\\/2022\\\/01\\\/birken.jpg\",\"contentUrl\":\"https:\\\/\\\/www.martin-huelle.de\\\/blog\\\/wp-content\\\/uploads\\\/2022\\\/01\\\/birken.jpg\",\"width\":2000,\"height\":1125,\"caption\":\"Birken, Foto: Martin H\u00fclle\"},{\"@type\":\"BreadcrumbList\",\"@id\":\"https:\\\/\\\/www.martin-huelle.de\\\/blog\\\/11-januar\\\/#breadcrumb\",\"itemListElement\":[{\"@type\":\"ListItem\",\"position\":1,\"name\":\"Startseite\",\"item\":\"https:\\\/\\\/www.martin-huelle.de\\\/blog\\\/\"},{\"@type\":\"ListItem\",\"position\":2,\"name\":\"11. Januar\"}]},{\"@type\":\"WebSite\",\"@id\":\"https:\\\/\\\/www.martin-huelle.de\\\/blog\\\/#website\",\"url\":\"https:\\\/\\\/www.martin-huelle.de\\\/blog\\\/\",\"name\":\"Martin H\u00fclle\",\"description\":\"Fotografie - Blog\",\"potentialAction\":[{\"@type\":\"SearchAction\",\"target\":{\"@type\":\"EntryPoint\",\"urlTemplate\":\"https:\\\/\\\/www.martin-huelle.de\\\/blog\\\/?s={search_term_string}\"},\"query-input\":{\"@type\":\"PropertyValueSpecification\",\"valueRequired\":true,\"valueName\":\"search_term_string\"}}],\"inLanguage\":\"de\"},{\"@type\":\"Person\",\"@id\":\"https:\\\/\\\/www.martin-huelle.de\\\/blog\\\/#\\\/schema\\\/person\\\/3795a036df77eeca5488e43d17b280d6\",\"name\":\"Martin H\u00fclle\",\"image\":{\"@type\":\"ImageObject\",\"inLanguage\":\"de\",\"@id\":\"https:\\\/\\\/secure.gravatar.com\\\/avatar\\\/c98e2751188ecfaf9efaca563c2601d020b00535097295c8d2a11488554048fe?s=96&d=blank&r=g\",\"url\":\"https:\\\/\\\/secure.gravatar.com\\\/avatar\\\/c98e2751188ecfaf9efaca563c2601d020b00535097295c8d2a11488554048fe?s=96&d=blank&r=g\",\"contentUrl\":\"https:\\\/\\\/secure.gravatar.com\\\/avatar\\\/c98e2751188ecfaf9efaca563c2601d020b00535097295c8d2a11488554048fe?s=96&d=blank&r=g\",\"caption\":\"Martin H\u00fclle\"},\"sameAs\":[\"http:\\\/\\\/www.martin-huelle.de\"],\"url\":\"https:\\\/\\\/www.martin-huelle.de\\\/blog\\\/author\\\/martin\\\/\"}]}<\/script>\n<!-- \/ Yoast SEO plugin. -->","yoast_head_json":{"title":"11. Januar - Martin H\u00fclle","robots":{"index":"index","follow":"follow","max-snippet":"max-snippet:-1","max-image-preview":"max-image-preview:large","max-video-preview":"max-video-preview:-1"},"canonical":"https:\/\/www.martin-huelle.de\/blog\/11-januar\/","og_locale":"de_DE","og_type":"article","og_title":"11. Januar - Martin H\u00fclle","og_description":"Vor genau zwei Jahren unternahm ich mit einer Waldfotografie-Workshop-Gruppe einen winterlichen Ausflug in die karge Natur. An jenem Samstag zog es uns in Wuppertal-Beyenburg zun\u00e4chst ins Naturschutzgebiet Bilstein-Daipenbecke und im weiteren Verlauf des Tages auch noch in die Naturschutzgebiete Bram- und Fastenbecke. Es war k\u00fchl, aber schneelos. Kein Wei\u00df verh\u00fcllte die trostlosen Szenerien. Aber das&hellip;","og_url":"https:\/\/www.martin-huelle.de\/blog\/11-januar\/","og_site_name":"Martin H\u00fclle","article_publisher":"https:\/\/www.facebook.com\/MartinHuelleFotografie","article_published_time":"2022-01-11T10:53:15+00:00","article_modified_time":"2025-10-16T09:48:16+00:00","og_image":[{"width":2000,"height":1125,"url":"https:\/\/www.martin-huelle.de\/blog\/wp-content\/uploads\/2022\/01\/birken.jpg","type":"image\/jpeg"}],"author":"Martin H\u00fclle","twitter_card":"summary_large_image","twitter_creator":"@MartinHuelle","twitter_site":"@MartinHuelle","twitter_misc":{"Verfasst von":"Martin H\u00fclle","Gesch\u00e4tzte Lesezeit":"3\u00a0Minuten"},"schema":{"@context":"https:\/\/schema.org","@graph":[{"@type":"Article","@id":"https:\/\/www.martin-huelle.de\/blog\/11-januar\/#article","isPartOf":{"@id":"https:\/\/www.martin-huelle.de\/blog\/11-januar\/"},"author":{"name":"Martin H\u00fclle","@id":"https:\/\/www.martin-huelle.de\/blog\/#\/schema\/person\/3795a036df77eeca5488e43d17b280d6"},"headline":"11. Januar","datePublished":"2022-01-11T10:53:15+00:00","dateModified":"2025-10-16T09:48:16+00:00","mainEntityOfPage":{"@id":"https:\/\/www.martin-huelle.de\/blog\/11-januar\/"},"wordCount":210,"commentCount":4,"image":{"@id":"https:\/\/www.martin-huelle.de\/blog\/11-januar\/#primaryimage"},"thumbnailUrl":"https:\/\/www.martin-huelle.de\/blog\/wp-content\/uploads\/2022\/01\/birken.jpg","keywords":["fotoworkshop","fujifilm","waldfotografie","workshop","x-pro2"],"articleSection":["Fotografie"],"inLanguage":"de","potentialAction":[{"@type":"CommentAction","name":"Comment","target":["https:\/\/www.martin-huelle.de\/blog\/11-januar\/#respond"]}]},{"@type":"WebPage","@id":"https:\/\/www.martin-huelle.de\/blog\/11-januar\/","url":"https:\/\/www.martin-huelle.de\/blog\/11-januar\/","name":"11. Januar - Martin H\u00fclle","isPartOf":{"@id":"https:\/\/www.martin-huelle.de\/blog\/#website"},"primaryImageOfPage":{"@id":"https:\/\/www.martin-huelle.de\/blog\/11-januar\/#primaryimage"},"image":{"@id":"https:\/\/www.martin-huelle.de\/blog\/11-januar\/#primaryimage"},"thumbnailUrl":"https:\/\/www.martin-huelle.de\/blog\/wp-content\/uploads\/2022\/01\/birken.jpg","datePublished":"2022-01-11T10:53:15+00:00","dateModified":"2025-10-16T09:48:16+00:00","author":{"@id":"https:\/\/www.martin-huelle.de\/blog\/#\/schema\/person\/3795a036df77eeca5488e43d17b280d6"},"breadcrumb":{"@id":"https:\/\/www.martin-huelle.de\/blog\/11-januar\/#breadcrumb"},"inLanguage":"de","potentialAction":[{"@type":"ReadAction","target":["https:\/\/www.martin-huelle.de\/blog\/11-januar\/"]}]},{"@type":"ImageObject","inLanguage":"de","@id":"https:\/\/www.martin-huelle.de\/blog\/11-januar\/#primaryimage","url":"https:\/\/www.martin-huelle.de\/blog\/wp-content\/uploads\/2022\/01\/birken.jpg","contentUrl":"https:\/\/www.martin-huelle.de\/blog\/wp-content\/uploads\/2022\/01\/birken.jpg","width":2000,"height":1125,"caption":"Birken, Foto: Martin H\u00fclle"},{"@type":"BreadcrumbList","@id":"https:\/\/www.martin-huelle.de\/blog\/11-januar\/#breadcrumb","itemListElement":[{"@type":"ListItem","position":1,"name":"Startseite","item":"https:\/\/www.martin-huelle.de\/blog\/"},{"@type":"ListItem","position":2,"name":"11. Januar"}]},{"@type":"WebSite","@id":"https:\/\/www.martin-huelle.de\/blog\/#website","url":"https:\/\/www.martin-huelle.de\/blog\/","name":"Martin H\u00fclle","description":"Fotografie - Blog","potentialAction":[{"@type":"SearchAction","target":{"@type":"EntryPoint","urlTemplate":"https:\/\/www.martin-huelle.de\/blog\/?s={search_term_string}"},"query-input":{"@type":"PropertyValueSpecification","valueRequired":true,"valueName":"search_term_string"}}],"inLanguage":"de"},{"@type":"Person","@id":"https:\/\/www.martin-huelle.de\/blog\/#\/schema\/person\/3795a036df77eeca5488e43d17b280d6","name":"Martin H\u00fclle","image":{"@type":"ImageObject","inLanguage":"de","@id":"https:\/\/secure.gravatar.com\/avatar\/c98e2751188ecfaf9efaca563c2601d020b00535097295c8d2a11488554048fe?s=96&d=blank&r=g","url":"https:\/\/secure.gravatar.com\/avatar\/c98e2751188ecfaf9efaca563c2601d020b00535097295c8d2a11488554048fe?s=96&d=blank&r=g","contentUrl":"https:\/\/secure.gravatar.com\/avatar\/c98e2751188ecfaf9efaca563c2601d020b00535097295c8d2a11488554048fe?s=96&d=blank&r=g","caption":"Martin H\u00fclle"},"sameAs":["http:\/\/www.martin-huelle.de"],"url":"https:\/\/www.martin-huelle.de\/blog\/author\/martin\/"}]}},"jetpack_publicize_connections":[],"jetpack_featured_media_url":"https:\/\/www.martin-huelle.de\/blog\/wp-content\/uploads\/2022\/01\/birken.jpg","jetpack_sharing_enabled":true,"jetpack_shortlink":"https:\/\/wp.me\/p3Wb1B-2Bg","_links":{"self":[{"href":"https:\/\/www.martin-huelle.de\/blog\/wp-json\/wp\/v2\/posts\/9998","targetHints":{"allow":["GET"]}}],"collection":[{"href":"https:\/\/www.martin-huelle.de\/blog\/wp-json\/wp\/v2\/posts"}],"about":[{"href":"https:\/\/www.martin-huelle.de\/blog\/wp-json\/wp\/v2\/types\/post"}],"author":[{"embeddable":true,"href":"https:\/\/www.martin-huelle.de\/blog\/wp-json\/wp\/v2\/users\/2"}],"replies":[{"embeddable":true,"href":"https:\/\/www.martin-huelle.de\/blog\/wp-json\/wp\/v2\/comments?post=9998"}],"version-history":[{"count":7,"href":"https:\/\/www.martin-huelle.de\/blog\/wp-json\/wp\/v2\/posts\/9998\/revisions"}],"predecessor-version":[{"id":12459,"href":"https:\/\/www.martin-huelle.de\/blog\/wp-json\/wp\/v2\/posts\/9998\/revisions\/12459"}],"wp:featuredmedia":[{"embeddable":true,"href":"https:\/\/www.martin-huelle.de\/blog\/wp-json\/wp\/v2\/media\/9993"}],"wp:attachment":[{"href":"https:\/\/www.martin-huelle.de\/blog\/wp-json\/wp\/v2\/media?parent=9998"}],"wp:term":[{"taxonomy":"category","embeddable":true,"href":"https:\/\/www.martin-huelle.de\/blog\/wp-json\/wp\/v2\/categories?post=9998"},{"taxonomy":"post_tag","embeddable":true,"href":"https:\/\/www.martin-huelle.de\/blog\/wp-json\/wp\/v2\/tags?post=9998"}],"curies":[{"name":"wp","href":"https:\/\/api.w.org\/{rel}","templated":true}]}}