{"id":8743,"date":"2019-06-11T11:22:10","date_gmt":"2019-06-11T09:22:10","guid":{"rendered":"http:\/\/www.martin-huelle.de\/blog\/?p=8743"},"modified":"2022-03-28T08:12:25","modified_gmt":"2022-03-28T06:12:25","slug":"vollendung","status":"publish","type":"post","link":"https:\/\/www.martin-huelle.de\/blog\/vollendung\/","title":{"rendered":"Vollendung"},"content":{"rendered":"\n<p>Ich quere zwei zerrissene Gletscherzungen und finde fast nicht mehr heraus aus dem Wirrwarr aus Spalten und tiefen Rissen. Wegloses Gel\u00e4nde meistere ich \u00fcber mehr Stein als Stock und rutsche mit einem Fu\u00df in ein tiefes Loch, aus dem ich mich zum Gl\u00fcck wieder befreien kann. Aber trotz aller Schwierigkeiten geht mein Plan einer Rundtour auf. Von Narsarsuaq, dem Dreh- und Angelpunkt in S\u00fcdgr\u00f6nland, wage ich mich in die wilde Welt, in der ich elf Tage lang keine andere Menschenseele treffe. Durch das Blomsterdalen laufe ich zum Gletscher Kuussuup Sermia, \u00fcber dessen eisige Zunge ich hinein gelange ins Johan Dahl Land. Weiter geht es zum Nordbos\u00f8 und dem dar\u00fcber aufragenden Valhaltinde. Meine Idee, diesen Berg bei gutem Wetter zu besteigen, verwerfe ich zugunsten eines Tages, den ich am Hullet verbringe, diesem kaum in Worte zu packenden Chaos aus Eisbergen, einer Szenerie, so spektakul\u00e4r und eindr\u00fccklich, wie ich es anderswo noch nie gesehen habe. Umgeben von Ausl\u00e4ufern des Inlandeises zieht mich dieser Ort so sehr in seinen Bann, dass ich mich nur schwer davon lossagen kann. Doch es folgen weitere Highlights. Nachdem ich auch den Gletscher Kuukuluup Sermia \u00fcberschritten habe, kann mich aufkommender Hagel nicht davon abhalten, nach einem sch\u00f6nen Zeltplatz zu suchen. Meine Beharrlichkeit wird hoch auf einem Bergr\u00fccken belohnt mit einer Panoramaaussicht \u00fcber den Nordbos\u00f8 und den darin kalbenden Nordbogletscher. Zur\u00fcck im Tal des Flusses Qinngua liegt der schwerste Teil hinter mir. Von nun an zeichnen sich zumindest ab und an schmale Pfadspuren ab, denen ich durch dichtes, hartes Geb\u00fcsch folge. So erreiche ich auch die Bucht Qajuuttaq am Fjord Eqalorutsit Kangilliit. Nach der schroffen Bergwelt eine willkommene Abwechslung. Ich genie\u00dfe mein stilles Dasein in der Einsamkeit, bevor ich schlie\u00dflich am Tasiusaq eintreffe. Es ist ein erhabenes Gef\u00fchl, dort auf das im Wasser d\u00fcmpelnde Eis zu schauen und zu wissen, nach all der langen Zeit so gut wie am Ziel zu sein. Okay, ein paar Kilometer bis zum Endpunkt meiner Wandertour liegen noch vor mir, auch ein Kurztrip ins Mellemlandet steht noch aus, aber die gro\u00dfe Runde durch das Johan Dahl Land ist fast beendet. Von Qassiarsuk, wo ich am vierzehnten Tag eintrudele, rufe ich Jacky von Blue Ice Explorer an. Kurz darauf holt er mich mit seinem Boot ab. F\u00fcnf Minuten dauert die \u00dcberfahrt \u00fcber den Tunulliarfik, den Eriksfjord, und ich bin zur\u00fcck in Narsarsuaq. Ein Traum ist Wirklichkeit geworden.<\/p>\n\n\n\n<p><em>Fotografiert mit der FUJIFILM X-Pro2 und dem XF16mmF1.4 R WR, dem XF23mmF1.4 R sowie dem XF56mmF1.2 R<\/em><\/p>\n\n\n\n<div class=\"wp-block-jetpack-tiled-gallery aligncenter is-style-rectangular\"><div class=\"tiled-gallery__gallery\"><div class=\"tiled-gallery__row\"><div class=\"tiled-gallery__col\" style=\"flex-basis:66.79620%\"><figure class=\"tiled-gallery__item\"><img decoding=\"async\" data-attachment-id=\"10923\" data-permalink=\"https:\/\/www.martin-huelle.de\/blog\/groenland-johan-dahl-land-2016-6\/\" data-orig-file=\"https:\/\/www.martin-huelle.de\/blog\/wp-content\/uploads\/2022\/03\/hullet_groenland.jpg\" data-orig-size=\"2010,1340\" data-comments-opened=\"1\" data-image-meta=\"{&quot;aperture&quot;:&quot;5.6&quot;,&quot;credit&quot;:&quot;Martin H\\u00fclle&quot;,&quot;camera&quot;:&quot;X-Pro2&quot;,&quot;caption&quot;:&quot;&quot;,&quot;created_timestamp&quot;:&quot;1473176399&quot;,&quot;copyright&quot;:&quot;Martin H\\u00fclle \/ www.martin-huelle.de&quot;,&quot;focal_length&quot;:&quot;23&quot;,&quot;iso&quot;:&quot;400&quot;,&quot;shutter_speed&quot;:&quot;0.00052631578947368&quot;,&quot;title&quot;:&quot;Gr\\u00f6nland Johan Dahl Land 2016&quot;,&quot;orientation&quot;:&quot;1&quot;}\" data-image-title=\"Hullet, Foto: Martin H\u00fclle\" data-image-description=\"&lt;p&gt;Hullet, Foto: Martin H\u00fclle&lt;\/p&gt;\n\" data-image-caption=\"\" data-large-file=\"https:\/\/www.martin-huelle.de\/blog\/wp-content\/uploads\/2022\/03\/hullet_groenland-1024x683.jpg\" data-attachment-id=\"10923\" data-permalink=\"https:\/\/www.martin-huelle.de\/blog\/groenland-johan-dahl-land-2016-6\/\" data-orig-file=\"https:\/\/www.martin-huelle.de\/blog\/wp-content\/uploads\/2022\/03\/hullet_groenland.jpg\" data-orig-size=\"2010,1340\" data-comments-opened=\"1\" data-image-meta=\"{&quot;aperture&quot;:&quot;5.6&quot;,&quot;credit&quot;:&quot;Martin H\\u00fclle&quot;,&quot;camera&quot;:&quot;X-Pro2&quot;,&quot;caption&quot;:&quot;&quot;,&quot;created_timestamp&quot;:&quot;1473176399&quot;,&quot;copyright&quot;:&quot;Martin H\\u00fclle \/ www.martin-huelle.de&quot;,&quot;focal_length&quot;:&quot;23&quot;,&quot;iso&quot;:&quot;400&quot;,&quot;shutter_speed&quot;:&quot;0.00052631578947368&quot;,&quot;title&quot;:&quot;Gr\\u00f6nland Johan Dahl Land 2016&quot;,&quot;orientation&quot;:&quot;1&quot;}\" data-image-title=\"Hullet, Foto: Martin H\u00fclle\" data-image-description=\"&lt;p&gt;Hullet, Foto: Martin H\u00fclle&lt;\/p&gt;\n\" data-image-caption=\"\" data-large-file=\"https:\/\/www.martin-huelle.de\/blog\/wp-content\/uploads\/2022\/03\/hullet_groenland-1024x683.jpg\" role=\"button\" tabindex=\"0\" aria-label=\"Bild\u00a01 von 4 im Vollbildmodus \u00f6ffnen\"srcset=\"https:\/\/i0.wp.com\/www.martin-huelle.de\/blog\/wp-content\/uploads\/2022\/03\/hullet_groenland-1024x683.jpg?strip=info&#038;w=600&#038;ssl=1 600w,https:\/\/i0.wp.com\/www.martin-huelle.de\/blog\/wp-content\/uploads\/2022\/03\/hullet_groenland-1024x683.jpg?strip=info&#038;w=900&#038;ssl=1 900w,https:\/\/i0.wp.com\/www.martin-huelle.de\/blog\/wp-content\/uploads\/2022\/03\/hullet_groenland-1024x683.jpg?strip=info&#038;w=1200&#038;ssl=1 1200w,https:\/\/i0.wp.com\/www.martin-huelle.de\/blog\/wp-content\/uploads\/2022\/03\/hullet_groenland-1024x683.jpg?strip=info&#038;w=1500&#038;ssl=1 1500w,https:\/\/i0.wp.com\/www.martin-huelle.de\/blog\/wp-content\/uploads\/2022\/03\/hullet_groenland-1024x683.jpg?strip=info&#038;w=1800&#038;ssl=1 1800w,https:\/\/i0.wp.com\/www.martin-huelle.de\/blog\/wp-content\/uploads\/2022\/03\/hullet_groenland-1024x683.jpg?strip=info&#038;w=2000&#038;ssl=1 2000w\" alt=\"Hullet, Foto: Martin H\u00fclle\" data-height=\"1340\" data-id=\"10923\" data-link=\"https:\/\/www.martin-huelle.de\/blog\/groenland-johan-dahl-land-2016-6\/\" data-url=\"https:\/\/www.martin-huelle.de\/blog\/wp-content\/uploads\/2022\/03\/hullet_groenland-1024x683.jpg\" data-width=\"2010\" src=\"https:\/\/i0.wp.com\/www.martin-huelle.de\/blog\/wp-content\/uploads\/2022\/03\/hullet_groenland-1024x683.jpg?ssl=1\" data-amp-layout=\"responsive\"\/><\/figure><\/div><div class=\"tiled-gallery__col\" style=\"flex-basis:33.20380%\"><figure class=\"tiled-gallery__item\"><img decoding=\"async\" data-attachment-id=\"10922\" data-permalink=\"https:\/\/www.martin-huelle.de\/blog\/groenland-johan-dahl-land-2016-5\/\" data-orig-file=\"https:\/\/www.martin-huelle.de\/blog\/wp-content\/uploads\/2022\/03\/hullet_und_sydgletscher_groenland.jpg\" data-orig-size=\"2010,1340\" data-comments-opened=\"1\" data-image-meta=\"{&quot;aperture&quot;:&quot;5.6&quot;,&quot;credit&quot;:&quot;Martin H\\u00fclle&quot;,&quot;camera&quot;:&quot;X-Pro2&quot;,&quot;caption&quot;:&quot;&quot;,&quot;created_timestamp&quot;:&quot;1473190729&quot;,&quot;copyright&quot;:&quot;Martin H\\u00fclle \/ www.martin-huelle.de&quot;,&quot;focal_length&quot;:&quot;56&quot;,&quot;iso&quot;:&quot;400&quot;,&quot;shutter_speed&quot;:&quot;0.00025&quot;,&quot;title&quot;:&quot;Gr\\u00f6nland Johan Dahl Land 2016&quot;,&quot;orientation&quot;:&quot;1&quot;}\" data-image-title=\"Hullet und Sydgletscher, Foto: Martin H\u00fclle\" data-image-description=\"&lt;p&gt;Hullet und Sydgletscher, Foto: Martin H\u00fclle&lt;\/p&gt;\n\" data-image-caption=\"\" data-large-file=\"https:\/\/www.martin-huelle.de\/blog\/wp-content\/uploads\/2022\/03\/hullet_und_sydgletscher_groenland-1024x683.jpg\" data-attachment-id=\"10922\" data-permalink=\"https:\/\/www.martin-huelle.de\/blog\/groenland-johan-dahl-land-2016-5\/\" data-orig-file=\"https:\/\/www.martin-huelle.de\/blog\/wp-content\/uploads\/2022\/03\/hullet_und_sydgletscher_groenland.jpg\" data-orig-size=\"2010,1340\" data-comments-opened=\"1\" data-image-meta=\"{&quot;aperture&quot;:&quot;5.6&quot;,&quot;credit&quot;:&quot;Martin H\\u00fclle&quot;,&quot;camera&quot;:&quot;X-Pro2&quot;,&quot;caption&quot;:&quot;&quot;,&quot;created_timestamp&quot;:&quot;1473190729&quot;,&quot;copyright&quot;:&quot;Martin H\\u00fclle \/ www.martin-huelle.de&quot;,&quot;focal_length&quot;:&quot;56&quot;,&quot;iso&quot;:&quot;400&quot;,&quot;shutter_speed&quot;:&quot;0.00025&quot;,&quot;title&quot;:&quot;Gr\\u00f6nland Johan Dahl Land 2016&quot;,&quot;orientation&quot;:&quot;1&quot;}\" data-image-title=\"Hullet und Sydgletscher, Foto: Martin H\u00fclle\" data-image-description=\"&lt;p&gt;Hullet und Sydgletscher, Foto: Martin H\u00fclle&lt;\/p&gt;\n\" data-image-caption=\"\" data-large-file=\"https:\/\/www.martin-huelle.de\/blog\/wp-content\/uploads\/2022\/03\/hullet_und_sydgletscher_groenland-1024x683.jpg\" role=\"button\" tabindex=\"0\" aria-label=\"Bild\u00a02 von 4 im Vollbildmodus \u00f6ffnen\"srcset=\"https:\/\/i1.wp.com\/www.martin-huelle.de\/blog\/wp-content\/uploads\/2022\/03\/hullet_und_sydgletscher_groenland-1024x683.jpg?strip=info&#038;w=600&#038;ssl=1 600w,https:\/\/i1.wp.com\/www.martin-huelle.de\/blog\/wp-content\/uploads\/2022\/03\/hullet_und_sydgletscher_groenland-1024x683.jpg?strip=info&#038;w=900&#038;ssl=1 900w,https:\/\/i1.wp.com\/www.martin-huelle.de\/blog\/wp-content\/uploads\/2022\/03\/hullet_und_sydgletscher_groenland-1024x683.jpg?strip=info&#038;w=1200&#038;ssl=1 1200w,https:\/\/i1.wp.com\/www.martin-huelle.de\/blog\/wp-content\/uploads\/2022\/03\/hullet_und_sydgletscher_groenland-1024x683.jpg?strip=info&#038;w=1500&#038;ssl=1 1500w,https:\/\/i1.wp.com\/www.martin-huelle.de\/blog\/wp-content\/uploads\/2022\/03\/hullet_und_sydgletscher_groenland-1024x683.jpg?strip=info&#038;w=1800&#038;ssl=1 1800w,https:\/\/i1.wp.com\/www.martin-huelle.de\/blog\/wp-content\/uploads\/2022\/03\/hullet_und_sydgletscher_groenland-1024x683.jpg?strip=info&#038;w=2000&#038;ssl=1 2000w\" alt=\"Hullet und Sydgletscher, Foto: Martin H\u00fclle\" data-height=\"1340\" data-id=\"10922\" data-link=\"https:\/\/www.martin-huelle.de\/blog\/groenland-johan-dahl-land-2016-5\/\" data-url=\"https:\/\/www.martin-huelle.de\/blog\/wp-content\/uploads\/2022\/03\/hullet_und_sydgletscher_groenland-1024x683.jpg\" data-width=\"2010\" src=\"https:\/\/i1.wp.com\/www.martin-huelle.de\/blog\/wp-content\/uploads\/2022\/03\/hullet_und_sydgletscher_groenland-1024x683.jpg?ssl=1\" data-amp-layout=\"responsive\"\/><\/figure><figure class=\"tiled-gallery__item\"><img decoding=\"async\" data-attachment-id=\"10921\" data-permalink=\"https:\/\/www.martin-huelle.de\/blog\/groenland-johan-dahl-land-2016-4\/\" data-orig-file=\"https:\/\/www.martin-huelle.de\/blog\/wp-content\/uploads\/2022\/03\/tasiusaq_groenland.jpg\" data-orig-size=\"2010,1340\" data-comments-opened=\"1\" data-image-meta=\"{&quot;aperture&quot;:&quot;5.6&quot;,&quot;credit&quot;:&quot;Martin H\\u00fclle&quot;,&quot;camera&quot;:&quot;X-Pro2&quot;,&quot;caption&quot;:&quot;&quot;,&quot;created_timestamp&quot;:&quot;1473878516&quot;,&quot;copyright&quot;:&quot;Martin H\\u00fclle \/ www.martin-huelle.de&quot;,&quot;focal_length&quot;:&quot;23&quot;,&quot;iso&quot;:&quot;400&quot;,&quot;shutter_speed&quot;:&quot;0.00071428571428571&quot;,&quot;title&quot;:&quot;Gr\\u00f6nland Johan Dahl Land 2016&quot;,&quot;orientation&quot;:&quot;1&quot;}\" data-image-title=\"Tasiusaq, Foto: Martin H\u00fclle\" data-image-description=\"&lt;p&gt;Tasiusaq, Foto: Martin H\u00fclle&lt;\/p&gt;\n\" data-image-caption=\"\" data-large-file=\"https:\/\/www.martin-huelle.de\/blog\/wp-content\/uploads\/2022\/03\/tasiusaq_groenland-1024x683.jpg\" data-attachment-id=\"10921\" data-permalink=\"https:\/\/www.martin-huelle.de\/blog\/groenland-johan-dahl-land-2016-4\/\" data-orig-file=\"https:\/\/www.martin-huelle.de\/blog\/wp-content\/uploads\/2022\/03\/tasiusaq_groenland.jpg\" data-orig-size=\"2010,1340\" data-comments-opened=\"1\" data-image-meta=\"{&quot;aperture&quot;:&quot;5.6&quot;,&quot;credit&quot;:&quot;Martin H\\u00fclle&quot;,&quot;camera&quot;:&quot;X-Pro2&quot;,&quot;caption&quot;:&quot;&quot;,&quot;created_timestamp&quot;:&quot;1473878516&quot;,&quot;copyright&quot;:&quot;Martin H\\u00fclle \/ www.martin-huelle.de&quot;,&quot;focal_length&quot;:&quot;23&quot;,&quot;iso&quot;:&quot;400&quot;,&quot;shutter_speed&quot;:&quot;0.00071428571428571&quot;,&quot;title&quot;:&quot;Gr\\u00f6nland Johan Dahl Land 2016&quot;,&quot;orientation&quot;:&quot;1&quot;}\" data-image-title=\"Tasiusaq, Foto: Martin H\u00fclle\" data-image-description=\"&lt;p&gt;Tasiusaq, Foto: Martin H\u00fclle&lt;\/p&gt;\n\" data-image-caption=\"\" data-large-file=\"https:\/\/www.martin-huelle.de\/blog\/wp-content\/uploads\/2022\/03\/tasiusaq_groenland-1024x683.jpg\" role=\"button\" tabindex=\"0\" aria-label=\"Bild\u00a03 von 4 im Vollbildmodus \u00f6ffnen\"srcset=\"https:\/\/i2.wp.com\/www.martin-huelle.de\/blog\/wp-content\/uploads\/2022\/03\/tasiusaq_groenland-1024x683.jpg?strip=info&#038;w=600&#038;ssl=1 600w,https:\/\/i2.wp.com\/www.martin-huelle.de\/blog\/wp-content\/uploads\/2022\/03\/tasiusaq_groenland-1024x683.jpg?strip=info&#038;w=900&#038;ssl=1 900w,https:\/\/i2.wp.com\/www.martin-huelle.de\/blog\/wp-content\/uploads\/2022\/03\/tasiusaq_groenland-1024x683.jpg?strip=info&#038;w=1200&#038;ssl=1 1200w,https:\/\/i2.wp.com\/www.martin-huelle.de\/blog\/wp-content\/uploads\/2022\/03\/tasiusaq_groenland-1024x683.jpg?strip=info&#038;w=1500&#038;ssl=1 1500w,https:\/\/i2.wp.com\/www.martin-huelle.de\/blog\/wp-content\/uploads\/2022\/03\/tasiusaq_groenland-1024x683.jpg?strip=info&#038;w=1800&#038;ssl=1 1800w,https:\/\/i2.wp.com\/www.martin-huelle.de\/blog\/wp-content\/uploads\/2022\/03\/tasiusaq_groenland-1024x683.jpg?strip=info&#038;w=2000&#038;ssl=1 2000w\" alt=\"Tasiusaq, Foto: Martin H\u00fclle\" data-height=\"1340\" data-id=\"10921\" data-link=\"https:\/\/www.martin-huelle.de\/blog\/groenland-johan-dahl-land-2016-4\/\" data-url=\"https:\/\/www.martin-huelle.de\/blog\/wp-content\/uploads\/2022\/03\/tasiusaq_groenland-1024x683.jpg\" data-width=\"2010\" src=\"https:\/\/i2.wp.com\/www.martin-huelle.de\/blog\/wp-content\/uploads\/2022\/03\/tasiusaq_groenland-1024x683.jpg?ssl=1\" data-amp-layout=\"responsive\"\/><\/figure><\/div><\/div><div class=\"tiled-gallery__row\"><div class=\"tiled-gallery__col\" style=\"flex-basis:100.00000%\"><figure class=\"tiled-gallery__item\"><img decoding=\"async\" data-attachment-id=\"10920\" data-permalink=\"https:\/\/www.martin-huelle.de\/blog\/groenland-johan-dahl-land-2016-3\/\" data-orig-file=\"https:\/\/www.martin-huelle.de\/blog\/wp-content\/uploads\/2022\/03\/qooqqut_groenland.jpg\" data-orig-size=\"2010,1340\" data-comments-opened=\"1\" data-image-meta=\"{&quot;aperture&quot;:&quot;5.6&quot;,&quot;credit&quot;:&quot;Martin H\\u00fclle&quot;,&quot;camera&quot;:&quot;X-Pro2&quot;,&quot;caption&quot;:&quot;&quot;,&quot;created_timestamp&quot;:&quot;1474129247&quot;,&quot;copyright&quot;:&quot;Martin H\\u00fclle \/ www.martin-huelle.de&quot;,&quot;focal_length&quot;:&quot;23&quot;,&quot;iso&quot;:&quot;400&quot;,&quot;shutter_speed&quot;:&quot;0.00071428571428571&quot;,&quot;title&quot;:&quot;Gr\\u00f6nland Johan Dahl Land 2016&quot;,&quot;orientation&quot;:&quot;1&quot;}\" data-image-title=\"Qooqqut, Foto: Martin H\u00fclle\" data-image-description=\"&lt;p&gt;Qooqqut, Foto: Martin H\u00fclle&lt;\/p&gt;\n\" data-image-caption=\"\" data-large-file=\"https:\/\/www.martin-huelle.de\/blog\/wp-content\/uploads\/2022\/03\/qooqqut_groenland-1024x683.jpg\" data-attachment-id=\"10920\" data-permalink=\"https:\/\/www.martin-huelle.de\/blog\/groenland-johan-dahl-land-2016-3\/\" data-orig-file=\"https:\/\/www.martin-huelle.de\/blog\/wp-content\/uploads\/2022\/03\/qooqqut_groenland.jpg\" data-orig-size=\"2010,1340\" data-comments-opened=\"1\" data-image-meta=\"{&quot;aperture&quot;:&quot;5.6&quot;,&quot;credit&quot;:&quot;Martin H\\u00fclle&quot;,&quot;camera&quot;:&quot;X-Pro2&quot;,&quot;caption&quot;:&quot;&quot;,&quot;created_timestamp&quot;:&quot;1474129247&quot;,&quot;copyright&quot;:&quot;Martin H\\u00fclle \/ www.martin-huelle.de&quot;,&quot;focal_length&quot;:&quot;23&quot;,&quot;iso&quot;:&quot;400&quot;,&quot;shutter_speed&quot;:&quot;0.00071428571428571&quot;,&quot;title&quot;:&quot;Gr\\u00f6nland Johan Dahl Land 2016&quot;,&quot;orientation&quot;:&quot;1&quot;}\" data-image-title=\"Qooqqut, Foto: Martin H\u00fclle\" data-image-description=\"&lt;p&gt;Qooqqut, Foto: Martin H\u00fclle&lt;\/p&gt;\n\" data-image-caption=\"\" data-large-file=\"https:\/\/www.martin-huelle.de\/blog\/wp-content\/uploads\/2022\/03\/qooqqut_groenland-1024x683.jpg\" role=\"button\" tabindex=\"0\" aria-label=\"Bild\u00a04 von 4 im Vollbildmodus \u00f6ffnen\"srcset=\"https:\/\/i0.wp.com\/www.martin-huelle.de\/blog\/wp-content\/uploads\/2022\/03\/qooqqut_groenland-1024x683.jpg?strip=info&#038;w=600&#038;ssl=1 600w,https:\/\/i0.wp.com\/www.martin-huelle.de\/blog\/wp-content\/uploads\/2022\/03\/qooqqut_groenland-1024x683.jpg?strip=info&#038;w=900&#038;ssl=1 900w,https:\/\/i0.wp.com\/www.martin-huelle.de\/blog\/wp-content\/uploads\/2022\/03\/qooqqut_groenland-1024x683.jpg?strip=info&#038;w=1200&#038;ssl=1 1200w,https:\/\/i0.wp.com\/www.martin-huelle.de\/blog\/wp-content\/uploads\/2022\/03\/qooqqut_groenland-1024x683.jpg?strip=info&#038;w=1500&#038;ssl=1 1500w,https:\/\/i0.wp.com\/www.martin-huelle.de\/blog\/wp-content\/uploads\/2022\/03\/qooqqut_groenland-1024x683.jpg?strip=info&#038;w=1800&#038;ssl=1 1800w,https:\/\/i0.wp.com\/www.martin-huelle.de\/blog\/wp-content\/uploads\/2022\/03\/qooqqut_groenland-1024x683.jpg?strip=info&#038;w=2000&#038;ssl=1 2000w\" alt=\"Qooqqut, Foto: Martin H\u00fclle\" data-height=\"1340\" data-id=\"10920\" data-link=\"https:\/\/www.martin-huelle.de\/blog\/groenland-johan-dahl-land-2016-3\/\" data-url=\"https:\/\/www.martin-huelle.de\/blog\/wp-content\/uploads\/2022\/03\/qooqqut_groenland-1024x683.jpg\" data-width=\"2010\" src=\"https:\/\/i0.wp.com\/www.martin-huelle.de\/blog\/wp-content\/uploads\/2022\/03\/qooqqut_groenland-1024x683.jpg?ssl=1\" data-amp-layout=\"responsive\"\/><\/figure><\/div><\/div><\/div><\/div>\n\n\n\n<p class=\"has-text-align-center\">\u2014<\/p>\n\n\n\n<p>Aus dem&nbsp;<a href=\"https:\/\/www.martin-huelle.de\/projekte\/mein-norden\" target=\"_blank\" rel=\"noreferrer noopener\">Projekt<\/a>&nbsp;und Fotobuch&nbsp;<a href=\"https:\/\/www.martin-huelle.de\/buecher\/mein-norden\" target=\"_blank\" rel=\"noreferrer noopener\">Mein Norden<\/a>.<\/p>\n\n\n\n<p class=\"has-text-align-center\">\u2014<\/p>\n\n\n\n<p class=\"has-text-align-center\"><em>Dir&nbsp;<\/em><em>gef\u00e4llt mein Blog oder Du m\u00f6chtest meine Arbeit unterst\u00fctzen?<\/em>&nbsp;<em>Dann&nbsp;<a href=\"https:\/\/www.paypal.com\/paypalme\/martinhuellefotograf\" target=\"_blank\" rel=\"noreferrer noopener\">spendiere mir einen Kaffee<\/a>&nbsp;:-)<\/em><\/p>\n<div class=\"shariff shariff-align-left shariff-widget-align-left\"><ul class=\"shariff-buttons theme-white orientation-horizontal buttonsize-small\"><li class=\"shariff-button facebook shariff-nocustomcolor\" style=\"background-color:#4273c8\"><a href=\"https:\/\/www.facebook.com\/sharer\/sharer.php?u=https%3A%2F%2Fwww.martin-huelle.de%2Fblog%2Fvollendung%2F\" title=\"Bei Facebook teilen\" aria-label=\"Bei Facebook teilen\" role=\"button\" rel=\"nofollow\" class=\"shariff-link\" style=\"; background-color:#3b5998; color:#3b5998\" target=\"_blank\"><span class=\"shariff-icon\" style=\"fill:#3b5998\"><svg width=\"32px\" height=\"20px\" xmlns=\"http:\/\/www.w3.org\/2000\/svg\" viewBox=\"0 0 18 32\"><path fill=\"#3b5998\" d=\"M17.1 0.2v4.7h-2.8q-1.5 0-2.1 0.6t-0.5 1.9v3.4h5.2l-0.7 5.3h-4.5v13.6h-5.5v-13.6h-4.5v-5.3h4.5v-3.9q0-3.3 1.9-5.2t5-1.8q2.6 0 4.1 0.2z\"\/><\/svg><\/span><span class=\"shariff-text\" style=\"color:#3b5998\">teilen<\/span>&nbsp;<\/a><\/li><li class=\"shariff-button twitter shariff-nocustomcolor\" style=\"background-color:#595959\"><a href=\"https:\/\/twitter.com\/share?url=https%3A%2F%2Fwww.martin-huelle.de%2Fblog%2Fvollendung%2F&text=Vollendung\" title=\"Bei X teilen\" aria-label=\"Bei X teilen\" role=\"button\" rel=\"noopener nofollow\" class=\"shariff-link\" style=\"; background-color:#000; color:#000\" target=\"_blank\"><span class=\"shariff-icon\" style=\"fill:#000\"><svg width=\"32px\" height=\"20px\" xmlns=\"http:\/\/www.w3.org\/2000\/svg\" viewBox=\"0 0 24 24\"><path fill=\"#000\" d=\"M14.258 10.152L23.176 0h-2.113l-7.747 8.813L7.133 0H0l9.352 13.328L0 23.973h2.113l8.176-9.309 6.531 9.309h7.133zm-2.895 3.293l-.949-1.328L2.875 1.56h3.246l6.086 8.523.945 1.328 7.91 11.078h-3.246zm0 0\"\/><\/svg><\/span><span class=\"shariff-text\" style=\"color:#000\">teilen<\/span>&nbsp;<\/a><\/li><li class=\"shariff-button mailto shariff-nocustomcolor\" style=\"background-color:#a8a8a8\"><a href=\"mailto:?body=https%3A%2F%2Fwww.martin-huelle.de%2Fblog%2Fvollendung%2F&subject=Vollendung\" title=\"Per E-Mail versenden\" aria-label=\"Per E-Mail versenden\" role=\"button\" rel=\"noopener nofollow\" class=\"shariff-link\" style=\"; background-color:#999; color:#999\"><span class=\"shariff-icon\" style=\"fill:#999\"><svg width=\"32px\" height=\"20px\" xmlns=\"http:\/\/www.w3.org\/2000\/svg\" viewBox=\"0 0 32 32\"><path fill=\"#999\" d=\"M32 12.7v14.2q0 1.2-0.8 2t-2 0.9h-26.3q-1.2 0-2-0.9t-0.8-2v-14.2q0.8 0.9 1.8 1.6 6.5 4.4 8.9 6.1 1 0.8 1.6 1.2t1.7 0.9 2 0.4h0.1q0.9 0 2-0.4t1.7-0.9 1.6-1.2q3-2.2 8.9-6.1 1-0.7 1.8-1.6zM32 7.4q0 1.4-0.9 2.7t-2.2 2.2q-6.7 4.7-8.4 5.8-0.2 0.1-0.7 0.5t-1 0.7-0.9 0.6-1.1 0.5-0.9 0.2h-0.1q-0.4 0-0.9-0.2t-1.1-0.5-0.9-0.6-1-0.7-0.7-0.5q-1.6-1.1-4.7-3.2t-3.6-2.6q-1.1-0.7-2.1-2t-1-2.5q0-1.4 0.7-2.3t2.1-0.9h26.3q1.2 0 2 0.8t0.9 2z\"\/><\/svg><\/span><span class=\"shariff-text\" style=\"color:#999\">E-Mail<\/span>&nbsp;<\/a><\/li><\/ul><\/div>","protected":false},"excerpt":{"rendered":"<p>Ich quere zwei zerrissene Gletscherzungen und finde fast nicht mehr heraus aus dem Wirrwarr aus Spalten und tiefen Rissen. Wegloses Gel\u00e4nde meistere ich \u00fcber mehr Stein als Stock und rutsche mit einem Fu\u00df in ein tiefes Loch, aus dem ich mich zum Gl\u00fcck wieder befreien kann. Aber trotz aller Schwierigkeiten geht mein Plan einer Rundtour&hellip;<\/p>\n","protected":false},"author":2,"featured_media":10924,"comment_status":"open","ping_status":"open","sticky":false,"template":"","format":"standard","meta":{"jetpack_post_was_ever_published":false,"_jetpack_newsletter_access":"","_jetpack_dont_email_post_to_subs":false,"_jetpack_newsletter_tier_id":0,"_jetpack_memberships_contains_paywalled_content":false,"_jetpack_memberships_contains_paid_content":false,"footnotes":"","jetpack_publicize_message":"","jetpack_publicize_feature_enabled":true,"jetpack_social_post_already_shared":true,"jetpack_social_options":{"image_generator_settings":{"template":"highway","default_image_id":0,"font":"","enabled":false},"version":2},"_links_to":"","_links_to_target":""},"categories":[9,11],"tags":[89,71,369,231,370,310],"class_list":["post-8743","post","type-post","status-publish","format-standard","has-post-thumbnail","hentry","category-fotografie","category-reisen","tag-fujifilm","tag-gronland","tag-johan-dahl-land","tag-mein-norden","tag-mellemlandet","tag-x-pro2","comments-open","no-comments"],"yoast_head":"<!-- This site is optimized with the Yoast SEO plugin v27.5 - https:\/\/yoast.com\/product\/yoast-seo-wordpress\/ -->\n<title>Vollendung - Martin H\u00fclle<\/title>\n<meta name=\"robots\" content=\"index, follow, max-snippet:-1, max-image-preview:large, max-video-preview:-1\" \/>\n<link rel=\"canonical\" href=\"https:\/\/www.martin-huelle.de\/blog\/vollendung\/\" \/>\n<meta property=\"og:locale\" content=\"de_DE\" \/>\n<meta property=\"og:type\" content=\"article\" \/>\n<meta property=\"og:title\" content=\"Vollendung - Martin H\u00fclle\" \/>\n<meta property=\"og:description\" content=\"Ich quere zwei zerrissene Gletscherzungen und finde fast nicht mehr heraus aus dem Wirrwarr aus Spalten und tiefen Rissen. Wegloses Gel\u00e4nde meistere ich \u00fcber mehr Stein als Stock und rutsche mit einem Fu\u00df in ein tiefes Loch, aus dem ich mich zum Gl\u00fcck wieder befreien kann. Aber trotz aller Schwierigkeiten geht mein Plan einer Rundtour&hellip;\" \/>\n<meta property=\"og:url\" content=\"https:\/\/www.martin-huelle.de\/blog\/vollendung\/\" \/>\n<meta property=\"og:site_name\" content=\"Martin H\u00fclle\" \/>\n<meta property=\"article:publisher\" content=\"https:\/\/www.facebook.com\/MartinHuelleFotografie\" \/>\n<meta property=\"article:published_time\" content=\"2019-06-11T09:22:10+00:00\" \/>\n<meta property=\"article:modified_time\" content=\"2022-03-28T06:12:25+00:00\" \/>\n<meta property=\"og:image\" content=\"https:\/\/www.martin-huelle.de\/blog\/wp-content\/uploads\/2022\/03\/vollendung.jpg\" \/>\n\t<meta property=\"og:image:width\" content=\"2000\" \/>\n\t<meta property=\"og:image:height\" content=\"1125\" \/>\n\t<meta property=\"og:image:type\" content=\"image\/jpeg\" \/>\n<meta name=\"author\" content=\"Martin H\u00fclle\" \/>\n<meta name=\"twitter:card\" content=\"summary_large_image\" \/>\n<meta name=\"twitter:creator\" content=\"@MartinHuelle\" \/>\n<meta name=\"twitter:site\" content=\"@MartinHuelle\" \/>\n<meta name=\"twitter:label1\" content=\"Verfasst von\" \/>\n\t<meta name=\"twitter:data1\" content=\"Martin H\u00fclle\" \/>\n\t<meta name=\"twitter:label2\" content=\"Gesch\u00e4tzte Lesezeit\" \/>\n\t<meta name=\"twitter:data2\" content=\"4\u00a0Minuten\" \/>\n<script type=\"application\/ld+json\" class=\"yoast-schema-graph\">{\"@context\":\"https:\\\/\\\/schema.org\",\"@graph\":[{\"@type\":\"Article\",\"@id\":\"https:\\\/\\\/www.martin-huelle.de\\\/blog\\\/vollendung\\\/#article\",\"isPartOf\":{\"@id\":\"https:\\\/\\\/www.martin-huelle.de\\\/blog\\\/vollendung\\\/\"},\"author\":{\"name\":\"Martin H\u00fclle\",\"@id\":\"https:\\\/\\\/www.martin-huelle.de\\\/blog\\\/#\\\/schema\\\/person\\\/3795a036df77eeca5488e43d17b280d6\"},\"headline\":\"Vollendung\",\"datePublished\":\"2019-06-11T09:22:10+00:00\",\"dateModified\":\"2022-03-28T06:12:25+00:00\",\"mainEntityOfPage\":{\"@id\":\"https:\\\/\\\/www.martin-huelle.de\\\/blog\\\/vollendung\\\/\"},\"wordCount\":465,\"commentCount\":0,\"image\":{\"@id\":\"https:\\\/\\\/www.martin-huelle.de\\\/blog\\\/vollendung\\\/#primaryimage\"},\"thumbnailUrl\":\"https:\\\/\\\/www.martin-huelle.de\\\/blog\\\/wp-content\\\/uploads\\\/2022\\\/03\\\/vollendung.jpg\",\"keywords\":[\"fujifilm\",\"gr\u00f6nland\",\"johan dahl land\",\"mein norden\",\"mellemlandet\",\"x-pro2\"],\"articleSection\":[\"Fotografie\",\"Reisen\"],\"inLanguage\":\"de\",\"potentialAction\":[{\"@type\":\"CommentAction\",\"name\":\"Comment\",\"target\":[\"https:\\\/\\\/www.martin-huelle.de\\\/blog\\\/vollendung\\\/#respond\"]}]},{\"@type\":\"WebPage\",\"@id\":\"https:\\\/\\\/www.martin-huelle.de\\\/blog\\\/vollendung\\\/\",\"url\":\"https:\\\/\\\/www.martin-huelle.de\\\/blog\\\/vollendung\\\/\",\"name\":\"Vollendung - Martin H\u00fclle\",\"isPartOf\":{\"@id\":\"https:\\\/\\\/www.martin-huelle.de\\\/blog\\\/#website\"},\"primaryImageOfPage\":{\"@id\":\"https:\\\/\\\/www.martin-huelle.de\\\/blog\\\/vollendung\\\/#primaryimage\"},\"image\":{\"@id\":\"https:\\\/\\\/www.martin-huelle.de\\\/blog\\\/vollendung\\\/#primaryimage\"},\"thumbnailUrl\":\"https:\\\/\\\/www.martin-huelle.de\\\/blog\\\/wp-content\\\/uploads\\\/2022\\\/03\\\/vollendung.jpg\",\"datePublished\":\"2019-06-11T09:22:10+00:00\",\"dateModified\":\"2022-03-28T06:12:25+00:00\",\"author\":{\"@id\":\"https:\\\/\\\/www.martin-huelle.de\\\/blog\\\/#\\\/schema\\\/person\\\/3795a036df77eeca5488e43d17b280d6\"},\"breadcrumb\":{\"@id\":\"https:\\\/\\\/www.martin-huelle.de\\\/blog\\\/vollendung\\\/#breadcrumb\"},\"inLanguage\":\"de\",\"potentialAction\":[{\"@type\":\"ReadAction\",\"target\":[\"https:\\\/\\\/www.martin-huelle.de\\\/blog\\\/vollendung\\\/\"]}]},{\"@type\":\"ImageObject\",\"inLanguage\":\"de\",\"@id\":\"https:\\\/\\\/www.martin-huelle.de\\\/blog\\\/vollendung\\\/#primaryimage\",\"url\":\"https:\\\/\\\/www.martin-huelle.de\\\/blog\\\/wp-content\\\/uploads\\\/2022\\\/03\\\/vollendung.jpg\",\"contentUrl\":\"https:\\\/\\\/www.martin-huelle.de\\\/blog\\\/wp-content\\\/uploads\\\/2022\\\/03\\\/vollendung.jpg\",\"width\":2000,\"height\":1125,\"caption\":\"Vollendung, Foto: Martin H\u00fclle\"},{\"@type\":\"BreadcrumbList\",\"@id\":\"https:\\\/\\\/www.martin-huelle.de\\\/blog\\\/vollendung\\\/#breadcrumb\",\"itemListElement\":[{\"@type\":\"ListItem\",\"position\":1,\"name\":\"Startseite\",\"item\":\"https:\\\/\\\/www.martin-huelle.de\\\/blog\\\/\"},{\"@type\":\"ListItem\",\"position\":2,\"name\":\"Vollendung\"}]},{\"@type\":\"WebSite\",\"@id\":\"https:\\\/\\\/www.martin-huelle.de\\\/blog\\\/#website\",\"url\":\"https:\\\/\\\/www.martin-huelle.de\\\/blog\\\/\",\"name\":\"Martin H\u00fclle\",\"description\":\"Fotografie - Blog\",\"potentialAction\":[{\"@type\":\"SearchAction\",\"target\":{\"@type\":\"EntryPoint\",\"urlTemplate\":\"https:\\\/\\\/www.martin-huelle.de\\\/blog\\\/?s={search_term_string}\"},\"query-input\":{\"@type\":\"PropertyValueSpecification\",\"valueRequired\":true,\"valueName\":\"search_term_string\"}}],\"inLanguage\":\"de\"},{\"@type\":\"Person\",\"@id\":\"https:\\\/\\\/www.martin-huelle.de\\\/blog\\\/#\\\/schema\\\/person\\\/3795a036df77eeca5488e43d17b280d6\",\"name\":\"Martin H\u00fclle\",\"image\":{\"@type\":\"ImageObject\",\"inLanguage\":\"de\",\"@id\":\"https:\\\/\\\/secure.gravatar.com\\\/avatar\\\/c98e2751188ecfaf9efaca563c2601d020b00535097295c8d2a11488554048fe?s=96&d=blank&r=g\",\"url\":\"https:\\\/\\\/secure.gravatar.com\\\/avatar\\\/c98e2751188ecfaf9efaca563c2601d020b00535097295c8d2a11488554048fe?s=96&d=blank&r=g\",\"contentUrl\":\"https:\\\/\\\/secure.gravatar.com\\\/avatar\\\/c98e2751188ecfaf9efaca563c2601d020b00535097295c8d2a11488554048fe?s=96&d=blank&r=g\",\"caption\":\"Martin H\u00fclle\"},\"sameAs\":[\"http:\\\/\\\/www.martin-huelle.de\"],\"url\":\"https:\\\/\\\/www.martin-huelle.de\\\/blog\\\/author\\\/martin\\\/\"}]}<\/script>\n<!-- \/ Yoast SEO plugin. -->","yoast_head_json":{"title":"Vollendung - Martin H\u00fclle","robots":{"index":"index","follow":"follow","max-snippet":"max-snippet:-1","max-image-preview":"max-image-preview:large","max-video-preview":"max-video-preview:-1"},"canonical":"https:\/\/www.martin-huelle.de\/blog\/vollendung\/","og_locale":"de_DE","og_type":"article","og_title":"Vollendung - Martin H\u00fclle","og_description":"Ich quere zwei zerrissene Gletscherzungen und finde fast nicht mehr heraus aus dem Wirrwarr aus Spalten und tiefen Rissen. Wegloses Gel\u00e4nde meistere ich \u00fcber mehr Stein als Stock und rutsche mit einem Fu\u00df in ein tiefes Loch, aus dem ich mich zum Gl\u00fcck wieder befreien kann. Aber trotz aller Schwierigkeiten geht mein Plan einer Rundtour&hellip;","og_url":"https:\/\/www.martin-huelle.de\/blog\/vollendung\/","og_site_name":"Martin H\u00fclle","article_publisher":"https:\/\/www.facebook.com\/MartinHuelleFotografie","article_published_time":"2019-06-11T09:22:10+00:00","article_modified_time":"2022-03-28T06:12:25+00:00","og_image":[{"width":2000,"height":1125,"url":"https:\/\/www.martin-huelle.de\/blog\/wp-content\/uploads\/2022\/03\/vollendung.jpg","type":"image\/jpeg"}],"author":"Martin H\u00fclle","twitter_card":"summary_large_image","twitter_creator":"@MartinHuelle","twitter_site":"@MartinHuelle","twitter_misc":{"Verfasst von":"Martin H\u00fclle","Gesch\u00e4tzte Lesezeit":"4\u00a0Minuten"},"schema":{"@context":"https:\/\/schema.org","@graph":[{"@type":"Article","@id":"https:\/\/www.martin-huelle.de\/blog\/vollendung\/#article","isPartOf":{"@id":"https:\/\/www.martin-huelle.de\/blog\/vollendung\/"},"author":{"name":"Martin H\u00fclle","@id":"https:\/\/www.martin-huelle.de\/blog\/#\/schema\/person\/3795a036df77eeca5488e43d17b280d6"},"headline":"Vollendung","datePublished":"2019-06-11T09:22:10+00:00","dateModified":"2022-03-28T06:12:25+00:00","mainEntityOfPage":{"@id":"https:\/\/www.martin-huelle.de\/blog\/vollendung\/"},"wordCount":465,"commentCount":0,"image":{"@id":"https:\/\/www.martin-huelle.de\/blog\/vollendung\/#primaryimage"},"thumbnailUrl":"https:\/\/www.martin-huelle.de\/blog\/wp-content\/uploads\/2022\/03\/vollendung.jpg","keywords":["fujifilm","gr\u00f6nland","johan dahl land","mein norden","mellemlandet","x-pro2"],"articleSection":["Fotografie","Reisen"],"inLanguage":"de","potentialAction":[{"@type":"CommentAction","name":"Comment","target":["https:\/\/www.martin-huelle.de\/blog\/vollendung\/#respond"]}]},{"@type":"WebPage","@id":"https:\/\/www.martin-huelle.de\/blog\/vollendung\/","url":"https:\/\/www.martin-huelle.de\/blog\/vollendung\/","name":"Vollendung - Martin H\u00fclle","isPartOf":{"@id":"https:\/\/www.martin-huelle.de\/blog\/#website"},"primaryImageOfPage":{"@id":"https:\/\/www.martin-huelle.de\/blog\/vollendung\/#primaryimage"},"image":{"@id":"https:\/\/www.martin-huelle.de\/blog\/vollendung\/#primaryimage"},"thumbnailUrl":"https:\/\/www.martin-huelle.de\/blog\/wp-content\/uploads\/2022\/03\/vollendung.jpg","datePublished":"2019-06-11T09:22:10+00:00","dateModified":"2022-03-28T06:12:25+00:00","author":{"@id":"https:\/\/www.martin-huelle.de\/blog\/#\/schema\/person\/3795a036df77eeca5488e43d17b280d6"},"breadcrumb":{"@id":"https:\/\/www.martin-huelle.de\/blog\/vollendung\/#breadcrumb"},"inLanguage":"de","potentialAction":[{"@type":"ReadAction","target":["https:\/\/www.martin-huelle.de\/blog\/vollendung\/"]}]},{"@type":"ImageObject","inLanguage":"de","@id":"https:\/\/www.martin-huelle.de\/blog\/vollendung\/#primaryimage","url":"https:\/\/www.martin-huelle.de\/blog\/wp-content\/uploads\/2022\/03\/vollendung.jpg","contentUrl":"https:\/\/www.martin-huelle.de\/blog\/wp-content\/uploads\/2022\/03\/vollendung.jpg","width":2000,"height":1125,"caption":"Vollendung, Foto: Martin H\u00fclle"},{"@type":"BreadcrumbList","@id":"https:\/\/www.martin-huelle.de\/blog\/vollendung\/#breadcrumb","itemListElement":[{"@type":"ListItem","position":1,"name":"Startseite","item":"https:\/\/www.martin-huelle.de\/blog\/"},{"@type":"ListItem","position":2,"name":"Vollendung"}]},{"@type":"WebSite","@id":"https:\/\/www.martin-huelle.de\/blog\/#website","url":"https:\/\/www.martin-huelle.de\/blog\/","name":"Martin H\u00fclle","description":"Fotografie - Blog","potentialAction":[{"@type":"SearchAction","target":{"@type":"EntryPoint","urlTemplate":"https:\/\/www.martin-huelle.de\/blog\/?s={search_term_string}"},"query-input":{"@type":"PropertyValueSpecification","valueRequired":true,"valueName":"search_term_string"}}],"inLanguage":"de"},{"@type":"Person","@id":"https:\/\/www.martin-huelle.de\/blog\/#\/schema\/person\/3795a036df77eeca5488e43d17b280d6","name":"Martin H\u00fclle","image":{"@type":"ImageObject","inLanguage":"de","@id":"https:\/\/secure.gravatar.com\/avatar\/c98e2751188ecfaf9efaca563c2601d020b00535097295c8d2a11488554048fe?s=96&d=blank&r=g","url":"https:\/\/secure.gravatar.com\/avatar\/c98e2751188ecfaf9efaca563c2601d020b00535097295c8d2a11488554048fe?s=96&d=blank&r=g","contentUrl":"https:\/\/secure.gravatar.com\/avatar\/c98e2751188ecfaf9efaca563c2601d020b00535097295c8d2a11488554048fe?s=96&d=blank&r=g","caption":"Martin H\u00fclle"},"sameAs":["http:\/\/www.martin-huelle.de"],"url":"https:\/\/www.martin-huelle.de\/blog\/author\/martin\/"}]}},"jetpack_publicize_connections":[],"jetpack_featured_media_url":"https:\/\/www.martin-huelle.de\/blog\/wp-content\/uploads\/2022\/03\/vollendung.jpg","jetpack_sharing_enabled":true,"jetpack_shortlink":"https:\/\/wp.me\/p3Wb1B-2h1","_links":{"self":[{"href":"https:\/\/www.martin-huelle.de\/blog\/wp-json\/wp\/v2\/posts\/8743","targetHints":{"allow":["GET"]}}],"collection":[{"href":"https:\/\/www.martin-huelle.de\/blog\/wp-json\/wp\/v2\/posts"}],"about":[{"href":"https:\/\/www.martin-huelle.de\/blog\/wp-json\/wp\/v2\/types\/post"}],"author":[{"embeddable":true,"href":"https:\/\/www.martin-huelle.de\/blog\/wp-json\/wp\/v2\/users\/2"}],"replies":[{"embeddable":true,"href":"https:\/\/www.martin-huelle.de\/blog\/wp-json\/wp\/v2\/comments?post=8743"}],"version-history":[{"count":6,"href":"https:\/\/www.martin-huelle.de\/blog\/wp-json\/wp\/v2\/posts\/8743\/revisions"}],"predecessor-version":[{"id":10925,"href":"https:\/\/www.martin-huelle.de\/blog\/wp-json\/wp\/v2\/posts\/8743\/revisions\/10925"}],"wp:featuredmedia":[{"embeddable":true,"href":"https:\/\/www.martin-huelle.de\/blog\/wp-json\/wp\/v2\/media\/10924"}],"wp:attachment":[{"href":"https:\/\/www.martin-huelle.de\/blog\/wp-json\/wp\/v2\/media?parent=8743"}],"wp:term":[{"taxonomy":"category","embeddable":true,"href":"https:\/\/www.martin-huelle.de\/blog\/wp-json\/wp\/v2\/categories?post=8743"},{"taxonomy":"post_tag","embeddable":true,"href":"https:\/\/www.martin-huelle.de\/blog\/wp-json\/wp\/v2\/tags?post=8743"}],"curies":[{"name":"wp","href":"https:\/\/api.w.org\/{rel}","templated":true}]}}