{"id":8629,"date":"2019-05-24T09:56:46","date_gmt":"2019-05-24T07:56:46","guid":{"rendered":"http:\/\/www.martin-huelle.de\/blog\/?p=8629"},"modified":"2022-03-21T09:05:29","modified_gmt":"2022-03-21T07:05:29","slug":"sommer-im-winter-b-seite","status":"publish","type":"post","link":"https:\/\/www.martin-huelle.de\/blog\/sommer-im-winter-b-seite\/","title":{"rendered":"Sommer im Winter \u2013 (B-Seite)"},"content":{"rendered":"\n<p>Unsere Wintertour durch Rondane verspr\u00fchte einen Hauch von Sommer. Kein Wunder, dass Simon Michalowicz, der im Jahr zuvor ganz allein <a href=\"https:\/\/www.simonpatur.de\/norge-pa-langs\/\" target=\"_blank\" rel=\"noopener noreferrer\">Norge p\u00e5 langs<\/a> gelaufen war, bei seiner ersten Skitour dann auch voller Elan ans Werk ging. Das Wetter zeigte sich ihm, seiner Freundin Anna und mir bei unserem kleinen Schneeabenteuer von seiner besten Seite. Kein Sturm, kein White-Out, keine bitteren Minusgrade. All das blieb aus.<\/p>\n\n\n\n<p>Wir hatten uns den \u00e4ltesten Nationalpark Norwegens ausgesucht und wollten es ohnehin ganz ruhig angehen lassen. Von Hjerkinn einmal durch die Bergwelt bis nach Venabu. Und nun konnten wir gar an vielen Tagen drau\u00dfen vor dem Zelt sitzen und in morgendlicher W\u00e4rme fr\u00fchst\u00fccken. Herrlich. So vergingen die Stunden und die Tage, die wir gem\u00e4chlich bestritten. Pausenzeiten dehnten sich und wir entflohen jeglicher Hektik. Kaum einmal sa\u00df uns schlechtes Wetter im Nacken und trieb zur Eile. Im Gegenteil: Wenn wir abends in die Schlafs\u00e4cke krochen, war uns meist schon klar, dass uns am n\u00e4chsten Tag die Sonne wieder begr\u00fc\u00dfen w\u00fcrde.<\/p>\n\n\n\n<p>Wir zogen \u00fcber die Berge zur Grimsdalshytta und ins Grimsdalen, wo wir unter klarem Sternenhimmel biwakierten. Die schroffen Nordw\u00e4nde des Dreigestirns H\u00f8gronden, Midtronden und Digerronden waren uns danach einen Ausflug mit leichtem Gep\u00e4ck wert. Unter dem Rondslottet, den Anna erklomm, blieben wir l\u00e4ngere Zeit, um die Gegend zu erkunden. Und auf dem zugefrorenen Rondvatnet lief uns der Schwei\u00df in Str\u00f6men Gesicht und R\u00fccken herunter, bevor wir im Vulufjellet der wei\u00dfen Weite langsam Adieu sagten und schlie\u00dflich auf der Troll-L\u00f8ypa unser Ziel Venabu erreichten.<\/p>\n\n\n\n<p>Ab und an kam mir in diesen Tagen der Gedanke, keinem realen skandinavischen Winter ausgesetzt zu sein \u2013 der doch meist Entbehrungen verlangt, Anstrengung fordert und ein Z\u00e4hneklappern ob der K\u00e4lte mit sich bringt \u2013, doch diese \u00dcberlegungen wischte ich weg und es war vielleicht gerade deshalb eine so vergn\u00fcgliche Zeit. Norwegisches Friluftsliv in reinster Form. F\u00fcr Simon gar eine <a href=\"https:\/\/www.simonpatur.de\/traumtour-durch-rondane-meine-erste-skitour\/\" target=\"_blank\" rel=\"noopener noreferrer\">Traumtour<\/a>, der m\u00f6gliche Beginn einer schneereichen &#8222;zweiten Karriere&#8220; nach seinem strammen Marsch vom Kap Lindesnes im S\u00fcden bis ans Nordkap im vorigen Fr\u00fchjahr, Sommer und Herbst \u2026<\/p>\n\n\n\n<p>\u2026<\/p>\n\n\n\n<p>Dieses gar nicht so<span title=\"Bearbeitet\"> eisige Abenteuer hatte ich seinerzeit auch im Rahmen meines Projekts <a href=\"https:\/\/www.martin-huelle.de\/projekte\/mein-norden\" target=\"_blank\" rel=\"noopener noreferrer\">Mein Norden<\/a> unternommen, doch die dabei gemachten Aufnahmen haben es nachher nicht ins gleichnamige <a href=\"https:\/\/www.martin-huelle.de\/buecher\/mein-norden\" target=\"_blank\" rel=\"noopener noreferrer\">Fotobuch<\/a> geschafft. So ist diese Geschichte und Bilderserie nur eine weitere B-Seite meines Bildbands.<\/span><\/p>\n\n\n\n<p><em>Fotografiert mit der FUJIFILM X-T1 und dem XF14mmF2.8 R, dem XF23mmF1.4 R sowie dem XF18-55mmF2.8-4 R LM OIS<\/em><\/p>\n\n\n\n<div class=\"wp-block-jetpack-tiled-gallery aligncenter is-style-rectangular\"><div class=\"tiled-gallery__gallery\"><div class=\"tiled-gallery__row\"><div class=\"tiled-gallery__col\" style=\"flex-basis:66.79620%\"><figure class=\"tiled-gallery__item\"><img decoding=\"async\" data-attachment-id=\"10875\" data-permalink=\"https:\/\/www.martin-huelle.de\/blog\/rondane-wintertour-2014-4\/\" data-orig-file=\"https:\/\/www.martin-huelle.de\/blog\/wp-content\/uploads\/2022\/03\/schwarz_gelb_rondane.jpg\" data-orig-size=\"2010,1340\" data-comments-opened=\"1\" data-image-meta=\"{&quot;aperture&quot;:&quot;4&quot;,&quot;credit&quot;:&quot;Martin H\\u00fclle&quot;,&quot;camera&quot;:&quot;X-T1&quot;,&quot;caption&quot;:&quot;&quot;,&quot;created_timestamp&quot;:&quot;1396023906&quot;,&quot;copyright&quot;:&quot;Martin H\\u00fclle \/ www.martin-huelle.de&quot;,&quot;focal_length&quot;:&quot;23&quot;,&quot;iso&quot;:&quot;200&quot;,&quot;shutter_speed&quot;:&quot;0.0004&quot;,&quot;title&quot;:&quot;Rondane Wintertour 2014&quot;,&quot;orientation&quot;:&quot;1&quot;}\" data-image-title=\"Schwarz-Gelb, Foto: Martin H\u00fclle\" data-image-description=\"&lt;p&gt;Schwarz-Gelb, Foto: Martin H\u00fclle&lt;\/p&gt;\n\" data-image-caption=\"\" data-large-file=\"https:\/\/www.martin-huelle.de\/blog\/wp-content\/uploads\/2022\/03\/schwarz_gelb_rondane-1024x683.jpg\" data-attachment-id=\"10875\" data-permalink=\"https:\/\/www.martin-huelle.de\/blog\/rondane-wintertour-2014-4\/\" data-orig-file=\"https:\/\/www.martin-huelle.de\/blog\/wp-content\/uploads\/2022\/03\/schwarz_gelb_rondane.jpg\" data-orig-size=\"2010,1340\" data-comments-opened=\"1\" data-image-meta=\"{&quot;aperture&quot;:&quot;4&quot;,&quot;credit&quot;:&quot;Martin H\\u00fclle&quot;,&quot;camera&quot;:&quot;X-T1&quot;,&quot;caption&quot;:&quot;&quot;,&quot;created_timestamp&quot;:&quot;1396023906&quot;,&quot;copyright&quot;:&quot;Martin H\\u00fclle \/ www.martin-huelle.de&quot;,&quot;focal_length&quot;:&quot;23&quot;,&quot;iso&quot;:&quot;200&quot;,&quot;shutter_speed&quot;:&quot;0.0004&quot;,&quot;title&quot;:&quot;Rondane Wintertour 2014&quot;,&quot;orientation&quot;:&quot;1&quot;}\" data-image-title=\"Schwarz-Gelb, Foto: Martin H\u00fclle\" data-image-description=\"&lt;p&gt;Schwarz-Gelb, Foto: Martin H\u00fclle&lt;\/p&gt;\n\" data-image-caption=\"\" data-large-file=\"https:\/\/www.martin-huelle.de\/blog\/wp-content\/uploads\/2022\/03\/schwarz_gelb_rondane-1024x683.jpg\" role=\"button\" tabindex=\"0\" aria-label=\"Bild\u00a01 von 4 im Vollbildmodus \u00f6ffnen\"srcset=\"https:\/\/i1.wp.com\/www.martin-huelle.de\/blog\/wp-content\/uploads\/2022\/03\/schwarz_gelb_rondane-1024x683.jpg?strip=info&#038;w=600&#038;ssl=1 600w,https:\/\/i1.wp.com\/www.martin-huelle.de\/blog\/wp-content\/uploads\/2022\/03\/schwarz_gelb_rondane-1024x683.jpg?strip=info&#038;w=900&#038;ssl=1 900w,https:\/\/i1.wp.com\/www.martin-huelle.de\/blog\/wp-content\/uploads\/2022\/03\/schwarz_gelb_rondane-1024x683.jpg?strip=info&#038;w=1200&#038;ssl=1 1200w,https:\/\/i1.wp.com\/www.martin-huelle.de\/blog\/wp-content\/uploads\/2022\/03\/schwarz_gelb_rondane-1024x683.jpg?strip=info&#038;w=1500&#038;ssl=1 1500w,https:\/\/i1.wp.com\/www.martin-huelle.de\/blog\/wp-content\/uploads\/2022\/03\/schwarz_gelb_rondane-1024x683.jpg?strip=info&#038;w=1800&#038;ssl=1 1800w,https:\/\/i1.wp.com\/www.martin-huelle.de\/blog\/wp-content\/uploads\/2022\/03\/schwarz_gelb_rondane-1024x683.jpg?strip=info&#038;w=2000&#038;ssl=1 2000w\" alt=\"Schwarz-Gelb, Foto: Martin H\u00fclle\" data-height=\"1340\" data-id=\"10875\" data-link=\"https:\/\/www.martin-huelle.de\/blog\/rondane-wintertour-2014-4\/\" data-url=\"https:\/\/www.martin-huelle.de\/blog\/wp-content\/uploads\/2022\/03\/schwarz_gelb_rondane-1024x683.jpg\" data-width=\"2010\" src=\"https:\/\/i1.wp.com\/www.martin-huelle.de\/blog\/wp-content\/uploads\/2022\/03\/schwarz_gelb_rondane-1024x683.jpg?ssl=1\" data-amp-layout=\"responsive\"\/><\/figure><\/div><div class=\"tiled-gallery__col\" style=\"flex-basis:33.20380%\"><figure class=\"tiled-gallery__item\"><img decoding=\"async\" data-attachment-id=\"10874\" data-permalink=\"https:\/\/www.martin-huelle.de\/blog\/rondane-wintertour-2014-3\/\" data-orig-file=\"https:\/\/www.martin-huelle.de\/blog\/wp-content\/uploads\/2022\/03\/rondslottet_und_storronden_rondane.jpg\" data-orig-size=\"2010,1340\" data-comments-opened=\"1\" data-image-meta=\"{&quot;aperture&quot;:&quot;11&quot;,&quot;credit&quot;:&quot;Martin H\\u00fclle&quot;,&quot;camera&quot;:&quot;X-T1&quot;,&quot;caption&quot;:&quot;&quot;,&quot;created_timestamp&quot;:&quot;1396103501&quot;,&quot;copyright&quot;:&quot;Martin H\\u00fclle \/ www.martin-huelle.de&quot;,&quot;focal_length&quot;:&quot;18&quot;,&quot;iso&quot;:&quot;200&quot;,&quot;shutter_speed&quot;:&quot;0.0022222222222222&quot;,&quot;title&quot;:&quot;Rondane Wintertour 2014&quot;,&quot;orientation&quot;:&quot;1&quot;}\" data-image-title=\"Rondslottet und Storronden, Foto: Martin H\u00fclle\" data-image-description=\"&lt;p&gt;Rondslottet und Storronden, Foto: Martin H\u00fclle&lt;\/p&gt;\n\" data-image-caption=\"\" data-large-file=\"https:\/\/www.martin-huelle.de\/blog\/wp-content\/uploads\/2022\/03\/rondslottet_und_storronden_rondane-1024x683.jpg\" data-attachment-id=\"10874\" data-permalink=\"https:\/\/www.martin-huelle.de\/blog\/rondane-wintertour-2014-3\/\" data-orig-file=\"https:\/\/www.martin-huelle.de\/blog\/wp-content\/uploads\/2022\/03\/rondslottet_und_storronden_rondane.jpg\" data-orig-size=\"2010,1340\" data-comments-opened=\"1\" data-image-meta=\"{&quot;aperture&quot;:&quot;11&quot;,&quot;credit&quot;:&quot;Martin H\\u00fclle&quot;,&quot;camera&quot;:&quot;X-T1&quot;,&quot;caption&quot;:&quot;&quot;,&quot;created_timestamp&quot;:&quot;1396103501&quot;,&quot;copyright&quot;:&quot;Martin H\\u00fclle \/ www.martin-huelle.de&quot;,&quot;focal_length&quot;:&quot;18&quot;,&quot;iso&quot;:&quot;200&quot;,&quot;shutter_speed&quot;:&quot;0.0022222222222222&quot;,&quot;title&quot;:&quot;Rondane Wintertour 2014&quot;,&quot;orientation&quot;:&quot;1&quot;}\" data-image-title=\"Rondslottet und Storronden, Foto: Martin H\u00fclle\" data-image-description=\"&lt;p&gt;Rondslottet und Storronden, Foto: Martin H\u00fclle&lt;\/p&gt;\n\" data-image-caption=\"\" data-large-file=\"https:\/\/www.martin-huelle.de\/blog\/wp-content\/uploads\/2022\/03\/rondslottet_und_storronden_rondane-1024x683.jpg\" role=\"button\" tabindex=\"0\" aria-label=\"Bild\u00a02 von 4 im Vollbildmodus \u00f6ffnen\"srcset=\"https:\/\/i1.wp.com\/www.martin-huelle.de\/blog\/wp-content\/uploads\/2022\/03\/rondslottet_und_storronden_rondane-1024x683.jpg?strip=info&#038;w=600&#038;ssl=1 600w,https:\/\/i1.wp.com\/www.martin-huelle.de\/blog\/wp-content\/uploads\/2022\/03\/rondslottet_und_storronden_rondane-1024x683.jpg?strip=info&#038;w=900&#038;ssl=1 900w,https:\/\/i1.wp.com\/www.martin-huelle.de\/blog\/wp-content\/uploads\/2022\/03\/rondslottet_und_storronden_rondane-1024x683.jpg?strip=info&#038;w=1200&#038;ssl=1 1200w,https:\/\/i1.wp.com\/www.martin-huelle.de\/blog\/wp-content\/uploads\/2022\/03\/rondslottet_und_storronden_rondane-1024x683.jpg?strip=info&#038;w=1500&#038;ssl=1 1500w,https:\/\/i1.wp.com\/www.martin-huelle.de\/blog\/wp-content\/uploads\/2022\/03\/rondslottet_und_storronden_rondane-1024x683.jpg?strip=info&#038;w=1800&#038;ssl=1 1800w,https:\/\/i1.wp.com\/www.martin-huelle.de\/blog\/wp-content\/uploads\/2022\/03\/rondslottet_und_storronden_rondane-1024x683.jpg?strip=info&#038;w=2000&#038;ssl=1 2000w\" alt=\"Rondslottet und Storronden, Foto: Martin H\u00fclle\" data-height=\"1340\" data-id=\"10874\" data-link=\"https:\/\/www.martin-huelle.de\/blog\/rondane-wintertour-2014-3\/\" data-url=\"https:\/\/www.martin-huelle.de\/blog\/wp-content\/uploads\/2022\/03\/rondslottet_und_storronden_rondane-1024x683.jpg\" data-width=\"2010\" src=\"https:\/\/i1.wp.com\/www.martin-huelle.de\/blog\/wp-content\/uploads\/2022\/03\/rondslottet_und_storronden_rondane-1024x683.jpg?ssl=1\" data-amp-layout=\"responsive\"\/><\/figure><figure class=\"tiled-gallery__item\"><img decoding=\"async\" data-attachment-id=\"10872\" data-permalink=\"https:\/\/www.martin-huelle.de\/blog\/rondane-wintertour-2014\/\" data-orig-file=\"https:\/\/www.martin-huelle.de\/blog\/wp-content\/uploads\/2022\/03\/conquest_rondane.jpg\" data-orig-size=\"2010,1340\" data-comments-opened=\"1\" data-image-meta=\"{&quot;aperture&quot;:&quot;11&quot;,&quot;credit&quot;:&quot;Martin H\\u00fclle&quot;,&quot;camera&quot;:&quot;X-T1&quot;,&quot;caption&quot;:&quot;&quot;,&quot;created_timestamp&quot;:&quot;1396374138&quot;,&quot;copyright&quot;:&quot;Martin H\\u00fclle \/ www.martin-huelle.de&quot;,&quot;focal_length&quot;:&quot;37.4&quot;,&quot;iso&quot;:&quot;200&quot;,&quot;shutter_speed&quot;:&quot;0.0058823529411765&quot;,&quot;title&quot;:&quot;Rondane Wintertour 2014&quot;,&quot;orientation&quot;:&quot;1&quot;}\" data-image-title=\"Conquest, Foto: Martin H\u00fclle\" data-image-description=\"&lt;p&gt;Conquest, Foto: Martin H\u00fclle&lt;\/p&gt;\n\" data-image-caption=\"\" data-large-file=\"https:\/\/www.martin-huelle.de\/blog\/wp-content\/uploads\/2022\/03\/conquest_rondane-1024x683.jpg\" data-attachment-id=\"10872\" data-permalink=\"https:\/\/www.martin-huelle.de\/blog\/rondane-wintertour-2014\/\" data-orig-file=\"https:\/\/www.martin-huelle.de\/blog\/wp-content\/uploads\/2022\/03\/conquest_rondane.jpg\" data-orig-size=\"2010,1340\" data-comments-opened=\"1\" data-image-meta=\"{&quot;aperture&quot;:&quot;11&quot;,&quot;credit&quot;:&quot;Martin H\\u00fclle&quot;,&quot;camera&quot;:&quot;X-T1&quot;,&quot;caption&quot;:&quot;&quot;,&quot;created_timestamp&quot;:&quot;1396374138&quot;,&quot;copyright&quot;:&quot;Martin H\\u00fclle \/ www.martin-huelle.de&quot;,&quot;focal_length&quot;:&quot;37.4&quot;,&quot;iso&quot;:&quot;200&quot;,&quot;shutter_speed&quot;:&quot;0.0058823529411765&quot;,&quot;title&quot;:&quot;Rondane Wintertour 2014&quot;,&quot;orientation&quot;:&quot;1&quot;}\" data-image-title=\"Conquest, Foto: Martin H\u00fclle\" data-image-description=\"&lt;p&gt;Conquest, Foto: Martin H\u00fclle&lt;\/p&gt;\n\" data-image-caption=\"\" data-large-file=\"https:\/\/www.martin-huelle.de\/blog\/wp-content\/uploads\/2022\/03\/conquest_rondane-1024x683.jpg\" role=\"button\" tabindex=\"0\" aria-label=\"Bild\u00a03 von 4 im Vollbildmodus \u00f6ffnen\"srcset=\"https:\/\/i0.wp.com\/www.martin-huelle.de\/blog\/wp-content\/uploads\/2022\/03\/conquest_rondane-1024x683.jpg?strip=info&#038;w=600&#038;ssl=1 600w,https:\/\/i0.wp.com\/www.martin-huelle.de\/blog\/wp-content\/uploads\/2022\/03\/conquest_rondane-1024x683.jpg?strip=info&#038;w=900&#038;ssl=1 900w,https:\/\/i0.wp.com\/www.martin-huelle.de\/blog\/wp-content\/uploads\/2022\/03\/conquest_rondane-1024x683.jpg?strip=info&#038;w=1200&#038;ssl=1 1200w,https:\/\/i0.wp.com\/www.martin-huelle.de\/blog\/wp-content\/uploads\/2022\/03\/conquest_rondane-1024x683.jpg?strip=info&#038;w=1500&#038;ssl=1 1500w,https:\/\/i0.wp.com\/www.martin-huelle.de\/blog\/wp-content\/uploads\/2022\/03\/conquest_rondane-1024x683.jpg?strip=info&#038;w=1800&#038;ssl=1 1800w,https:\/\/i0.wp.com\/www.martin-huelle.de\/blog\/wp-content\/uploads\/2022\/03\/conquest_rondane-1024x683.jpg?strip=info&#038;w=2000&#038;ssl=1 2000w\" alt=\"Conquest, Foto: Martin H\u00fclle\" data-height=\"1340\" data-id=\"10872\" data-link=\"https:\/\/www.martin-huelle.de\/blog\/rondane-wintertour-2014\/\" data-url=\"https:\/\/www.martin-huelle.de\/blog\/wp-content\/uploads\/2022\/03\/conquest_rondane-1024x683.jpg\" data-width=\"2010\" src=\"https:\/\/i0.wp.com\/www.martin-huelle.de\/blog\/wp-content\/uploads\/2022\/03\/conquest_rondane-1024x683.jpg?ssl=1\" data-amp-layout=\"responsive\"\/><\/figure><\/div><\/div><div class=\"tiled-gallery__row\"><div class=\"tiled-gallery__col\" style=\"flex-basis:100.00000%\"><figure class=\"tiled-gallery__item\"><img decoding=\"async\" data-attachment-id=\"10873\" data-permalink=\"https:\/\/www.martin-huelle.de\/blog\/rondane-wintertour-2014-2\/\" data-orig-file=\"https:\/\/www.martin-huelle.de\/blog\/wp-content\/uploads\/2022\/03\/das_loch_rondane.jpg\" data-orig-size=\"2010,1340\" data-comments-opened=\"1\" data-image-meta=\"{&quot;aperture&quot;:&quot;11&quot;,&quot;credit&quot;:&quot;Martin H\\u00fclle&quot;,&quot;camera&quot;:&quot;X-T1&quot;,&quot;caption&quot;:&quot;&quot;,&quot;created_timestamp&quot;:&quot;1395840539&quot;,&quot;copyright&quot;:&quot;Martin H\\u00fclle \/ www.martin-huelle.de&quot;,&quot;focal_length&quot;:&quot;18&quot;,&quot;iso&quot;:&quot;200&quot;,&quot;shutter_speed&quot;:&quot;0.0010526315789474&quot;,&quot;title&quot;:&quot;Rondane Wintertour 2014&quot;,&quot;orientation&quot;:&quot;1&quot;}\" data-image-title=\"Das Loch, Foto: Martin H\u00fclle\" data-image-description=\"&lt;p&gt;Das Loch, Foto: Martin H\u00fclle&lt;\/p&gt;\n\" data-image-caption=\"\" data-large-file=\"https:\/\/www.martin-huelle.de\/blog\/wp-content\/uploads\/2022\/03\/das_loch_rondane-1024x683.jpg\" data-attachment-id=\"10873\" data-permalink=\"https:\/\/www.martin-huelle.de\/blog\/rondane-wintertour-2014-2\/\" data-orig-file=\"https:\/\/www.martin-huelle.de\/blog\/wp-content\/uploads\/2022\/03\/das_loch_rondane.jpg\" data-orig-size=\"2010,1340\" data-comments-opened=\"1\" data-image-meta=\"{&quot;aperture&quot;:&quot;11&quot;,&quot;credit&quot;:&quot;Martin H\\u00fclle&quot;,&quot;camera&quot;:&quot;X-T1&quot;,&quot;caption&quot;:&quot;&quot;,&quot;created_timestamp&quot;:&quot;1395840539&quot;,&quot;copyright&quot;:&quot;Martin H\\u00fclle \/ www.martin-huelle.de&quot;,&quot;focal_length&quot;:&quot;18&quot;,&quot;iso&quot;:&quot;200&quot;,&quot;shutter_speed&quot;:&quot;0.0010526315789474&quot;,&quot;title&quot;:&quot;Rondane Wintertour 2014&quot;,&quot;orientation&quot;:&quot;1&quot;}\" data-image-title=\"Das Loch, Foto: Martin H\u00fclle\" data-image-description=\"&lt;p&gt;Das Loch, Foto: Martin H\u00fclle&lt;\/p&gt;\n\" data-image-caption=\"\" data-large-file=\"https:\/\/www.martin-huelle.de\/blog\/wp-content\/uploads\/2022\/03\/das_loch_rondane-1024x683.jpg\" role=\"button\" tabindex=\"0\" aria-label=\"Bild\u00a04 von 4 im Vollbildmodus \u00f6ffnen\"srcset=\"https:\/\/i0.wp.com\/www.martin-huelle.de\/blog\/wp-content\/uploads\/2022\/03\/das_loch_rondane-1024x683.jpg?strip=info&#038;w=600&#038;ssl=1 600w,https:\/\/i0.wp.com\/www.martin-huelle.de\/blog\/wp-content\/uploads\/2022\/03\/das_loch_rondane-1024x683.jpg?strip=info&#038;w=900&#038;ssl=1 900w,https:\/\/i0.wp.com\/www.martin-huelle.de\/blog\/wp-content\/uploads\/2022\/03\/das_loch_rondane-1024x683.jpg?strip=info&#038;w=1200&#038;ssl=1 1200w,https:\/\/i0.wp.com\/www.martin-huelle.de\/blog\/wp-content\/uploads\/2022\/03\/das_loch_rondane-1024x683.jpg?strip=info&#038;w=1500&#038;ssl=1 1500w,https:\/\/i0.wp.com\/www.martin-huelle.de\/blog\/wp-content\/uploads\/2022\/03\/das_loch_rondane-1024x683.jpg?strip=info&#038;w=1800&#038;ssl=1 1800w,https:\/\/i0.wp.com\/www.martin-huelle.de\/blog\/wp-content\/uploads\/2022\/03\/das_loch_rondane-1024x683.jpg?strip=info&#038;w=2000&#038;ssl=1 2000w\" alt=\"Das Loch, Foto: Martin H\u00fclle\" data-height=\"1340\" data-id=\"10873\" data-link=\"https:\/\/www.martin-huelle.de\/blog\/rondane-wintertour-2014-2\/\" data-url=\"https:\/\/www.martin-huelle.de\/blog\/wp-content\/uploads\/2022\/03\/das_loch_rondane-1024x683.jpg\" data-width=\"2010\" src=\"https:\/\/i0.wp.com\/www.martin-huelle.de\/blog\/wp-content\/uploads\/2022\/03\/das_loch_rondane-1024x683.jpg?ssl=1\" data-amp-layout=\"responsive\"\/><\/figure><\/div><\/div><\/div><\/div>\n\n\n\n<p class=\"has-text-align-center\">\u2014<\/p>\n\n\n\n<p>Aus dem&nbsp;Projekt&nbsp;<a href=\"https:\/\/www.martin-huelle.de\/projekte\/mein-norden\" target=\"_blank\" rel=\"noreferrer noopener\">Mein Norden<\/a>.<\/p>\n\n\n\n<p class=\"has-text-align-center\">\u2014<\/p>\n\n\n\n<p class=\"has-text-align-center\"><em>Dir&nbsp;<\/em><em>gef\u00e4llt mein Blog oder Du m\u00f6chtest meine Arbeit unterst\u00fctzen?<\/em>&nbsp;<em>Dann&nbsp;<a href=\"https:\/\/www.paypal.com\/paypalme\/martinhuellefotograf\" target=\"_blank\" rel=\"noreferrer noopener\">spendiere mir einen Kaffee<\/a>&nbsp;:-)<\/em><\/p>\n<div class=\"shariff shariff-align-left shariff-widget-align-left\"><ul class=\"shariff-buttons theme-white orientation-horizontal buttonsize-small\"><li class=\"shariff-button facebook shariff-nocustomcolor\" style=\"background-color:#4273c8\"><a href=\"https:\/\/www.facebook.com\/sharer\/sharer.php?u=https%3A%2F%2Fwww.martin-huelle.de%2Fblog%2Fsommer-im-winter-b-seite%2F\" title=\"Bei Facebook teilen\" aria-label=\"Bei Facebook teilen\" role=\"button\" rel=\"nofollow\" class=\"shariff-link\" style=\"; background-color:#3b5998; color:#3b5998\" target=\"_blank\"><span class=\"shariff-icon\" style=\"fill:#3b5998\"><svg width=\"32px\" height=\"20px\" xmlns=\"http:\/\/www.w3.org\/2000\/svg\" viewBox=\"0 0 18 32\"><path fill=\"#3b5998\" d=\"M17.1 0.2v4.7h-2.8q-1.5 0-2.1 0.6t-0.5 1.9v3.4h5.2l-0.7 5.3h-4.5v13.6h-5.5v-13.6h-4.5v-5.3h4.5v-3.9q0-3.3 1.9-5.2t5-1.8q2.6 0 4.1 0.2z\"\/><\/svg><\/span><span class=\"shariff-text\" style=\"color:#3b5998\">teilen<\/span>&nbsp;<\/a><\/li><li class=\"shariff-button twitter shariff-nocustomcolor\" style=\"background-color:#595959\"><a href=\"https:\/\/twitter.com\/share?url=https%3A%2F%2Fwww.martin-huelle.de%2Fblog%2Fsommer-im-winter-b-seite%2F&text=Sommer%20im%20Winter%20%E2%80%93%20%28B-Seite%29\" title=\"Bei X teilen\" aria-label=\"Bei X teilen\" role=\"button\" rel=\"noopener nofollow\" class=\"shariff-link\" style=\"; background-color:#000; color:#000\" target=\"_blank\"><span class=\"shariff-icon\" style=\"fill:#000\"><svg width=\"32px\" height=\"20px\" xmlns=\"http:\/\/www.w3.org\/2000\/svg\" viewBox=\"0 0 24 24\"><path fill=\"#000\" d=\"M14.258 10.152L23.176 0h-2.113l-7.747 8.813L7.133 0H0l9.352 13.328L0 23.973h2.113l8.176-9.309 6.531 9.309h7.133zm-2.895 3.293l-.949-1.328L2.875 1.56h3.246l6.086 8.523.945 1.328 7.91 11.078h-3.246zm0 0\"\/><\/svg><\/span><span class=\"shariff-text\" style=\"color:#000\">teilen<\/span>&nbsp;<\/a><\/li><li class=\"shariff-button mailto shariff-nocustomcolor\" style=\"background-color:#a8a8a8\"><a href=\"mailto:?body=https%3A%2F%2Fwww.martin-huelle.de%2Fblog%2Fsommer-im-winter-b-seite%2F&subject=Sommer%20im%20Winter%20%E2%80%93%20%28B-Seite%29\" title=\"Per E-Mail versenden\" aria-label=\"Per E-Mail versenden\" role=\"button\" rel=\"noopener nofollow\" class=\"shariff-link\" style=\"; background-color:#999; color:#999\"><span class=\"shariff-icon\" style=\"fill:#999\"><svg width=\"32px\" height=\"20px\" xmlns=\"http:\/\/www.w3.org\/2000\/svg\" viewBox=\"0 0 32 32\"><path fill=\"#999\" d=\"M32 12.7v14.2q0 1.2-0.8 2t-2 0.9h-26.3q-1.2 0-2-0.9t-0.8-2v-14.2q0.8 0.9 1.8 1.6 6.5 4.4 8.9 6.1 1 0.8 1.6 1.2t1.7 0.9 2 0.4h0.1q0.9 0 2-0.4t1.7-0.9 1.6-1.2q3-2.2 8.9-6.1 1-0.7 1.8-1.6zM32 7.4q0 1.4-0.9 2.7t-2.2 2.2q-6.7 4.7-8.4 5.8-0.2 0.1-0.7 0.5t-1 0.7-0.9 0.6-1.1 0.5-0.9 0.2h-0.1q-0.4 0-0.9-0.2t-1.1-0.5-0.9-0.6-1-0.7-0.7-0.5q-1.6-1.1-4.7-3.2t-3.6-2.6q-1.1-0.7-2.1-2t-1-2.5q0-1.4 0.7-2.3t2.1-0.9h26.3q1.2 0 2 0.8t0.9 2z\"\/><\/svg><\/span><span class=\"shariff-text\" style=\"color:#999\">E-Mail<\/span>&nbsp;<\/a><\/li><\/ul><\/div>","protected":false},"excerpt":{"rendered":"<p>Unsere Wintertour durch Rondane verspr\u00fchte einen Hauch von Sommer. Kein Wunder, dass Simon Michalowicz, der im Jahr zuvor ganz allein Norge p\u00e5 langs gelaufen war, bei seiner ersten Skitour dann auch voller Elan ans Werk ging. Das Wetter zeigte sich ihm, seiner Freundin Anna und mir bei unserem kleinen Schneeabenteuer von seiner besten Seite. Kein&hellip;<\/p>\n","protected":false},"author":2,"featured_media":10876,"comment_status":"open","ping_status":"open","sticky":false,"template":"","format":"standard","meta":{"jetpack_post_was_ever_published":false,"_jetpack_newsletter_access":"","_jetpack_dont_email_post_to_subs":false,"_jetpack_newsletter_tier_id":0,"_jetpack_memberships_contains_paywalled_content":false,"_jetpack_memberships_contains_paid_content":false,"footnotes":"","jetpack_publicize_message":"","jetpack_publicize_feature_enabled":true,"jetpack_social_post_already_shared":true,"jetpack_social_options":{"image_generator_settings":{"template":"highway","default_image_id":0,"font":"","enabled":false},"version":2},"_links_to":"","_links_to_target":""},"categories":[9,11],"tags":[89,231,53,297,289],"class_list":["post-8629","post","type-post","status-publish","format-standard","has-post-thumbnail","hentry","category-fotografie","category-reisen","tag-fujifilm","tag-mein-norden","tag-norwegen","tag-rondane","tag-x-t1","comments-open","no-comments"],"yoast_head":"<!-- This site is optimized with the Yoast SEO plugin v27.5 - https:\/\/yoast.com\/product\/yoast-seo-wordpress\/ -->\n<title>Sommer im Winter \u2013 (B-Seite) - Martin H\u00fclle<\/title>\n<meta name=\"robots\" content=\"index, follow, max-snippet:-1, max-image-preview:large, max-video-preview:-1\" \/>\n<link rel=\"canonical\" href=\"https:\/\/www.martin-huelle.de\/blog\/sommer-im-winter-b-seite\/\" \/>\n<meta property=\"og:locale\" content=\"de_DE\" \/>\n<meta property=\"og:type\" content=\"article\" \/>\n<meta property=\"og:title\" content=\"Sommer im Winter \u2013 (B-Seite) - Martin H\u00fclle\" \/>\n<meta property=\"og:description\" content=\"Unsere Wintertour durch Rondane verspr\u00fchte einen Hauch von Sommer. Kein Wunder, dass Simon Michalowicz, der im Jahr zuvor ganz allein Norge p\u00e5 langs gelaufen war, bei seiner ersten Skitour dann auch voller Elan ans Werk ging. Das Wetter zeigte sich ihm, seiner Freundin Anna und mir bei unserem kleinen Schneeabenteuer von seiner besten Seite. Kein&hellip;\" \/>\n<meta property=\"og:url\" content=\"https:\/\/www.martin-huelle.de\/blog\/sommer-im-winter-b-seite\/\" \/>\n<meta property=\"og:site_name\" content=\"Martin H\u00fclle\" \/>\n<meta property=\"article:publisher\" content=\"https:\/\/www.facebook.com\/MartinHuelleFotografie\" \/>\n<meta property=\"article:published_time\" content=\"2019-05-24T07:56:46+00:00\" \/>\n<meta property=\"article:modified_time\" content=\"2022-03-21T07:05:29+00:00\" \/>\n<meta property=\"og:image\" content=\"https:\/\/www.martin-huelle.de\/blog\/wp-content\/uploads\/2022\/03\/sommer_im_winter.jpg\" \/>\n\t<meta property=\"og:image:width\" content=\"2000\" \/>\n\t<meta property=\"og:image:height\" content=\"1125\" \/>\n\t<meta property=\"og:image:type\" content=\"image\/jpeg\" \/>\n<meta name=\"author\" content=\"Martin H\u00fclle\" \/>\n<meta name=\"twitter:card\" content=\"summary_large_image\" \/>\n<meta name=\"twitter:creator\" content=\"@MartinHuelle\" \/>\n<meta name=\"twitter:site\" content=\"@MartinHuelle\" \/>\n<meta name=\"twitter:label1\" content=\"Verfasst von\" \/>\n\t<meta name=\"twitter:data1\" content=\"Martin H\u00fclle\" \/>\n\t<meta name=\"twitter:label2\" content=\"Gesch\u00e4tzte Lesezeit\" \/>\n\t<meta name=\"twitter:data2\" content=\"4\u00a0Minuten\" \/>\n<script type=\"application\/ld+json\" class=\"yoast-schema-graph\">{\"@context\":\"https:\\\/\\\/schema.org\",\"@graph\":[{\"@type\":\"Article\",\"@id\":\"https:\\\/\\\/www.martin-huelle.de\\\/blog\\\/sommer-im-winter-b-seite\\\/#article\",\"isPartOf\":{\"@id\":\"https:\\\/\\\/www.martin-huelle.de\\\/blog\\\/sommer-im-winter-b-seite\\\/\"},\"author\":{\"name\":\"Martin H\u00fclle\",\"@id\":\"https:\\\/\\\/www.martin-huelle.de\\\/blog\\\/#\\\/schema\\\/person\\\/3795a036df77eeca5488e43d17b280d6\"},\"headline\":\"Sommer im Winter \u2013 (B-Seite)\",\"datePublished\":\"2019-05-24T07:56:46+00:00\",\"dateModified\":\"2022-03-21T07:05:29+00:00\",\"mainEntityOfPage\":{\"@id\":\"https:\\\/\\\/www.martin-huelle.de\\\/blog\\\/sommer-im-winter-b-seite\\\/\"},\"wordCount\":456,\"commentCount\":0,\"image\":{\"@id\":\"https:\\\/\\\/www.martin-huelle.de\\\/blog\\\/sommer-im-winter-b-seite\\\/#primaryimage\"},\"thumbnailUrl\":\"https:\\\/\\\/www.martin-huelle.de\\\/blog\\\/wp-content\\\/uploads\\\/2022\\\/03\\\/sommer_im_winter.jpg\",\"keywords\":[\"fujifilm\",\"mein norden\",\"norwegen\",\"rondane\",\"x-t1\"],\"articleSection\":[\"Fotografie\",\"Reisen\"],\"inLanguage\":\"de\",\"potentialAction\":[{\"@type\":\"CommentAction\",\"name\":\"Comment\",\"target\":[\"https:\\\/\\\/www.martin-huelle.de\\\/blog\\\/sommer-im-winter-b-seite\\\/#respond\"]}]},{\"@type\":\"WebPage\",\"@id\":\"https:\\\/\\\/www.martin-huelle.de\\\/blog\\\/sommer-im-winter-b-seite\\\/\",\"url\":\"https:\\\/\\\/www.martin-huelle.de\\\/blog\\\/sommer-im-winter-b-seite\\\/\",\"name\":\"Sommer im Winter \u2013 (B-Seite) - Martin H\u00fclle\",\"isPartOf\":{\"@id\":\"https:\\\/\\\/www.martin-huelle.de\\\/blog\\\/#website\"},\"primaryImageOfPage\":{\"@id\":\"https:\\\/\\\/www.martin-huelle.de\\\/blog\\\/sommer-im-winter-b-seite\\\/#primaryimage\"},\"image\":{\"@id\":\"https:\\\/\\\/www.martin-huelle.de\\\/blog\\\/sommer-im-winter-b-seite\\\/#primaryimage\"},\"thumbnailUrl\":\"https:\\\/\\\/www.martin-huelle.de\\\/blog\\\/wp-content\\\/uploads\\\/2022\\\/03\\\/sommer_im_winter.jpg\",\"datePublished\":\"2019-05-24T07:56:46+00:00\",\"dateModified\":\"2022-03-21T07:05:29+00:00\",\"author\":{\"@id\":\"https:\\\/\\\/www.martin-huelle.de\\\/blog\\\/#\\\/schema\\\/person\\\/3795a036df77eeca5488e43d17b280d6\"},\"breadcrumb\":{\"@id\":\"https:\\\/\\\/www.martin-huelle.de\\\/blog\\\/sommer-im-winter-b-seite\\\/#breadcrumb\"},\"inLanguage\":\"de\",\"potentialAction\":[{\"@type\":\"ReadAction\",\"target\":[\"https:\\\/\\\/www.martin-huelle.de\\\/blog\\\/sommer-im-winter-b-seite\\\/\"]}]},{\"@type\":\"ImageObject\",\"inLanguage\":\"de\",\"@id\":\"https:\\\/\\\/www.martin-huelle.de\\\/blog\\\/sommer-im-winter-b-seite\\\/#primaryimage\",\"url\":\"https:\\\/\\\/www.martin-huelle.de\\\/blog\\\/wp-content\\\/uploads\\\/2022\\\/03\\\/sommer_im_winter.jpg\",\"contentUrl\":\"https:\\\/\\\/www.martin-huelle.de\\\/blog\\\/wp-content\\\/uploads\\\/2022\\\/03\\\/sommer_im_winter.jpg\",\"width\":2000,\"height\":1125,\"caption\":\"Sommer im Winter, Foto: Martin H\u00fclle\"},{\"@type\":\"BreadcrumbList\",\"@id\":\"https:\\\/\\\/www.martin-huelle.de\\\/blog\\\/sommer-im-winter-b-seite\\\/#breadcrumb\",\"itemListElement\":[{\"@type\":\"ListItem\",\"position\":1,\"name\":\"Startseite\",\"item\":\"https:\\\/\\\/www.martin-huelle.de\\\/blog\\\/\"},{\"@type\":\"ListItem\",\"position\":2,\"name\":\"Sommer im Winter \u2013 (B-Seite)\"}]},{\"@type\":\"WebSite\",\"@id\":\"https:\\\/\\\/www.martin-huelle.de\\\/blog\\\/#website\",\"url\":\"https:\\\/\\\/www.martin-huelle.de\\\/blog\\\/\",\"name\":\"Martin H\u00fclle\",\"description\":\"Fotografie - Blog\",\"potentialAction\":[{\"@type\":\"SearchAction\",\"target\":{\"@type\":\"EntryPoint\",\"urlTemplate\":\"https:\\\/\\\/www.martin-huelle.de\\\/blog\\\/?s={search_term_string}\"},\"query-input\":{\"@type\":\"PropertyValueSpecification\",\"valueRequired\":true,\"valueName\":\"search_term_string\"}}],\"inLanguage\":\"de\"},{\"@type\":\"Person\",\"@id\":\"https:\\\/\\\/www.martin-huelle.de\\\/blog\\\/#\\\/schema\\\/person\\\/3795a036df77eeca5488e43d17b280d6\",\"name\":\"Martin H\u00fclle\",\"image\":{\"@type\":\"ImageObject\",\"inLanguage\":\"de\",\"@id\":\"https:\\\/\\\/secure.gravatar.com\\\/avatar\\\/c98e2751188ecfaf9efaca563c2601d020b00535097295c8d2a11488554048fe?s=96&d=blank&r=g\",\"url\":\"https:\\\/\\\/secure.gravatar.com\\\/avatar\\\/c98e2751188ecfaf9efaca563c2601d020b00535097295c8d2a11488554048fe?s=96&d=blank&r=g\",\"contentUrl\":\"https:\\\/\\\/secure.gravatar.com\\\/avatar\\\/c98e2751188ecfaf9efaca563c2601d020b00535097295c8d2a11488554048fe?s=96&d=blank&r=g\",\"caption\":\"Martin H\u00fclle\"},\"sameAs\":[\"http:\\\/\\\/www.martin-huelle.de\"],\"url\":\"https:\\\/\\\/www.martin-huelle.de\\\/blog\\\/author\\\/martin\\\/\"}]}<\/script>\n<!-- \/ Yoast SEO plugin. -->","yoast_head_json":{"title":"Sommer im Winter \u2013 (B-Seite) - Martin H\u00fclle","robots":{"index":"index","follow":"follow","max-snippet":"max-snippet:-1","max-image-preview":"max-image-preview:large","max-video-preview":"max-video-preview:-1"},"canonical":"https:\/\/www.martin-huelle.de\/blog\/sommer-im-winter-b-seite\/","og_locale":"de_DE","og_type":"article","og_title":"Sommer im Winter \u2013 (B-Seite) - Martin H\u00fclle","og_description":"Unsere Wintertour durch Rondane verspr\u00fchte einen Hauch von Sommer. Kein Wunder, dass Simon Michalowicz, der im Jahr zuvor ganz allein Norge p\u00e5 langs gelaufen war, bei seiner ersten Skitour dann auch voller Elan ans Werk ging. Das Wetter zeigte sich ihm, seiner Freundin Anna und mir bei unserem kleinen Schneeabenteuer von seiner besten Seite. Kein&hellip;","og_url":"https:\/\/www.martin-huelle.de\/blog\/sommer-im-winter-b-seite\/","og_site_name":"Martin H\u00fclle","article_publisher":"https:\/\/www.facebook.com\/MartinHuelleFotografie","article_published_time":"2019-05-24T07:56:46+00:00","article_modified_time":"2022-03-21T07:05:29+00:00","og_image":[{"width":2000,"height":1125,"url":"https:\/\/www.martin-huelle.de\/blog\/wp-content\/uploads\/2022\/03\/sommer_im_winter.jpg","type":"image\/jpeg"}],"author":"Martin H\u00fclle","twitter_card":"summary_large_image","twitter_creator":"@MartinHuelle","twitter_site":"@MartinHuelle","twitter_misc":{"Verfasst von":"Martin H\u00fclle","Gesch\u00e4tzte Lesezeit":"4\u00a0Minuten"},"schema":{"@context":"https:\/\/schema.org","@graph":[{"@type":"Article","@id":"https:\/\/www.martin-huelle.de\/blog\/sommer-im-winter-b-seite\/#article","isPartOf":{"@id":"https:\/\/www.martin-huelle.de\/blog\/sommer-im-winter-b-seite\/"},"author":{"name":"Martin H\u00fclle","@id":"https:\/\/www.martin-huelle.de\/blog\/#\/schema\/person\/3795a036df77eeca5488e43d17b280d6"},"headline":"Sommer im Winter \u2013 (B-Seite)","datePublished":"2019-05-24T07:56:46+00:00","dateModified":"2022-03-21T07:05:29+00:00","mainEntityOfPage":{"@id":"https:\/\/www.martin-huelle.de\/blog\/sommer-im-winter-b-seite\/"},"wordCount":456,"commentCount":0,"image":{"@id":"https:\/\/www.martin-huelle.de\/blog\/sommer-im-winter-b-seite\/#primaryimage"},"thumbnailUrl":"https:\/\/www.martin-huelle.de\/blog\/wp-content\/uploads\/2022\/03\/sommer_im_winter.jpg","keywords":["fujifilm","mein norden","norwegen","rondane","x-t1"],"articleSection":["Fotografie","Reisen"],"inLanguage":"de","potentialAction":[{"@type":"CommentAction","name":"Comment","target":["https:\/\/www.martin-huelle.de\/blog\/sommer-im-winter-b-seite\/#respond"]}]},{"@type":"WebPage","@id":"https:\/\/www.martin-huelle.de\/blog\/sommer-im-winter-b-seite\/","url":"https:\/\/www.martin-huelle.de\/blog\/sommer-im-winter-b-seite\/","name":"Sommer im Winter \u2013 (B-Seite) - Martin H\u00fclle","isPartOf":{"@id":"https:\/\/www.martin-huelle.de\/blog\/#website"},"primaryImageOfPage":{"@id":"https:\/\/www.martin-huelle.de\/blog\/sommer-im-winter-b-seite\/#primaryimage"},"image":{"@id":"https:\/\/www.martin-huelle.de\/blog\/sommer-im-winter-b-seite\/#primaryimage"},"thumbnailUrl":"https:\/\/www.martin-huelle.de\/blog\/wp-content\/uploads\/2022\/03\/sommer_im_winter.jpg","datePublished":"2019-05-24T07:56:46+00:00","dateModified":"2022-03-21T07:05:29+00:00","author":{"@id":"https:\/\/www.martin-huelle.de\/blog\/#\/schema\/person\/3795a036df77eeca5488e43d17b280d6"},"breadcrumb":{"@id":"https:\/\/www.martin-huelle.de\/blog\/sommer-im-winter-b-seite\/#breadcrumb"},"inLanguage":"de","potentialAction":[{"@type":"ReadAction","target":["https:\/\/www.martin-huelle.de\/blog\/sommer-im-winter-b-seite\/"]}]},{"@type":"ImageObject","inLanguage":"de","@id":"https:\/\/www.martin-huelle.de\/blog\/sommer-im-winter-b-seite\/#primaryimage","url":"https:\/\/www.martin-huelle.de\/blog\/wp-content\/uploads\/2022\/03\/sommer_im_winter.jpg","contentUrl":"https:\/\/www.martin-huelle.de\/blog\/wp-content\/uploads\/2022\/03\/sommer_im_winter.jpg","width":2000,"height":1125,"caption":"Sommer im Winter, Foto: Martin H\u00fclle"},{"@type":"BreadcrumbList","@id":"https:\/\/www.martin-huelle.de\/blog\/sommer-im-winter-b-seite\/#breadcrumb","itemListElement":[{"@type":"ListItem","position":1,"name":"Startseite","item":"https:\/\/www.martin-huelle.de\/blog\/"},{"@type":"ListItem","position":2,"name":"Sommer im Winter \u2013 (B-Seite)"}]},{"@type":"WebSite","@id":"https:\/\/www.martin-huelle.de\/blog\/#website","url":"https:\/\/www.martin-huelle.de\/blog\/","name":"Martin H\u00fclle","description":"Fotografie - Blog","potentialAction":[{"@type":"SearchAction","target":{"@type":"EntryPoint","urlTemplate":"https:\/\/www.martin-huelle.de\/blog\/?s={search_term_string}"},"query-input":{"@type":"PropertyValueSpecification","valueRequired":true,"valueName":"search_term_string"}}],"inLanguage":"de"},{"@type":"Person","@id":"https:\/\/www.martin-huelle.de\/blog\/#\/schema\/person\/3795a036df77eeca5488e43d17b280d6","name":"Martin H\u00fclle","image":{"@type":"ImageObject","inLanguage":"de","@id":"https:\/\/secure.gravatar.com\/avatar\/c98e2751188ecfaf9efaca563c2601d020b00535097295c8d2a11488554048fe?s=96&d=blank&r=g","url":"https:\/\/secure.gravatar.com\/avatar\/c98e2751188ecfaf9efaca563c2601d020b00535097295c8d2a11488554048fe?s=96&d=blank&r=g","contentUrl":"https:\/\/secure.gravatar.com\/avatar\/c98e2751188ecfaf9efaca563c2601d020b00535097295c8d2a11488554048fe?s=96&d=blank&r=g","caption":"Martin H\u00fclle"},"sameAs":["http:\/\/www.martin-huelle.de"],"url":"https:\/\/www.martin-huelle.de\/blog\/author\/martin\/"}]}},"jetpack_publicize_connections":[],"jetpack_featured_media_url":"https:\/\/www.martin-huelle.de\/blog\/wp-content\/uploads\/2022\/03\/sommer_im_winter.jpg","jetpack_sharing_enabled":true,"jetpack_shortlink":"https:\/\/wp.me\/p3Wb1B-2fb","_links":{"self":[{"href":"https:\/\/www.martin-huelle.de\/blog\/wp-json\/wp\/v2\/posts\/8629","targetHints":{"allow":["GET"]}}],"collection":[{"href":"https:\/\/www.martin-huelle.de\/blog\/wp-json\/wp\/v2\/posts"}],"about":[{"href":"https:\/\/www.martin-huelle.de\/blog\/wp-json\/wp\/v2\/types\/post"}],"author":[{"embeddable":true,"href":"https:\/\/www.martin-huelle.de\/blog\/wp-json\/wp\/v2\/users\/2"}],"replies":[{"embeddable":true,"href":"https:\/\/www.martin-huelle.de\/blog\/wp-json\/wp\/v2\/comments?post=8629"}],"version-history":[{"count":13,"href":"https:\/\/www.martin-huelle.de\/blog\/wp-json\/wp\/v2\/posts\/8629\/revisions"}],"predecessor-version":[{"id":10878,"href":"https:\/\/www.martin-huelle.de\/blog\/wp-json\/wp\/v2\/posts\/8629\/revisions\/10878"}],"wp:featuredmedia":[{"embeddable":true,"href":"https:\/\/www.martin-huelle.de\/blog\/wp-json\/wp\/v2\/media\/10876"}],"wp:attachment":[{"href":"https:\/\/www.martin-huelle.de\/blog\/wp-json\/wp\/v2\/media?parent=8629"}],"wp:term":[{"taxonomy":"category","embeddable":true,"href":"https:\/\/www.martin-huelle.de\/blog\/wp-json\/wp\/v2\/categories?post=8629"},{"taxonomy":"post_tag","embeddable":true,"href":"https:\/\/www.martin-huelle.de\/blog\/wp-json\/wp\/v2\/tags?post=8629"}],"curies":[{"name":"wp","href":"https:\/\/api.w.org\/{rel}","templated":true}]}}