{"id":5789,"date":"2013-08-30T11:58:54","date_gmt":"2013-08-30T09:58:54","guid":{"rendered":"http:\/\/www.martin-huelle.de\/blog\/?p=5789"},"modified":"2022-02-24T11:52:40","modified_gmt":"2022-02-24T09:52:40","slug":"kanska-vielleicht","status":"publish","type":"post","link":"https:\/\/www.martin-huelle.de\/blog\/kanska-vielleicht\/","title":{"rendered":"&#8222;Kanska&#8220; \u2013 Vielleicht"},"content":{"rendered":"\n<p>Meine schlimmste Bef\u00fcrchtung trat nicht ein. Die 30-st\u00fcndige F\u00e4hrfahrt auf die F\u00e4r\u00f6er-Inseln war harmlos. Aber es h\u00e4tte auch anders kommen k\u00f6nnen \u2013 ein wilder Wellenritt voller \u00dcbelkeit. &#8222;The Land of Maybe&#8220; erreichten wir im Nebel. Wie auch sonst, alles andere h\u00e4tte uns \u00fcberrascht. Verregnet war das Olavsfest, der Nationalfeiertag. Jedoch erhellten Menschen in bunten Trachten an allen Ecken das triste Wetter und bescherten uns einen sch\u00f6nen Einstieg in dieses Land. Vor Regen gesch\u00fctzt a\u00dfen wir Fish&#8217;n Chips, im Hintergrund spielte eine Blaskapelle. Nach einer ersten Wanderung von der Hauptstadt T\u00f3rshavn hin\u00fcber zum alten Bischofssitz in Kirkjub\u00f8ur, bei der es trocken war und uns die gerade einmal zweistelligen Temperaturen gar nicht so kalt erschienen, fuhren wir mit dem Auto \u00fcber Br\u00fccken und durch Tunnel zu den Nordinseln, wo wir uns auf dem Klaksv\u00edker Zeltplatz \u2013 direkt hinter dem Kindergarten \u2013 f\u00fcr ein paar Tage h\u00e4uslich einrichteten.<\/p>\n\n\n\n<p>Wie gr\u00fcne Haifischflossen recken sich die Inseln aus dem Meer empor. An ihren \u00e4u\u00dfersten Kanten s\u00e4umen schmale Stra\u00dfen die Eilande und f\u00fchren zu entlegenen D\u00f6rfern, die oftmals nur aus einer Handvoll H\u00e4usern bestehen, die verwittert dem launischen Wetter trotzen. Der Weg nach Vi\u0111arei\u0111i, der n\u00f6rdlichsten Siedlung auf den Schafsinseln, f\u00fchrte durch d\u00fcstere, einspurige Tunnel, hinter denen wir immer froh waren, wieder Licht zu erblicken. Doch leider blieb uns der Aufstieg zum gut 750 m hohen Kap Enniberg, der Nordspitze Vi\u0111oys, von tiefh\u00e4ngenden Wolken verwehrt. Die Sonne blinzelte hervor, Berge verh\u00fcllten sich wieder, es regnete. Nirgends habe ich bisher so rasche Wetterwechsel erlebt.<\/p>\n\n\n\n<p>Auf Fugloy warfen wir nur einen Blick, Kunoy war uns einen kurzen Abstecher wert. Dann nahmen wir die kleine F\u00e4hre hin\u00fcber nach Kalsoy, dieser lang gestreckten Insel, die aufgrund ihrer Form und gleich f\u00fcnf Tunneln angeblich scherzhaft Bl\u00f6ckfl\u00f6te genannt wird. Gut, sie stie\u00df keine T\u00f6ne aus, daf\u00fcr machten wir einen Spaziergang von Tr\u00f8llanes zur Landspitze Kallur, von der wir trotz m\u00e4\u00dfigem Wetter bis zu den Steintrollen Risin und Kellingin blicken konnten. Auf der Nachbarinsel Kunoy markiert der fast lotrecht ins Meer st\u00fcrzende Kunoyarnakkur mit seinen 818 Metern die h\u00f6chste Klippe Europas. Beeindruckt von all der Schroffheit stiefelten wir \u00fcber unwegsame Schafspfade retour und verlie\u00dfen anderntags die Nordinseln, um Esturoy zu erkunden.<\/p>\n\n\n\n<p>Campingpl\u00e4tze sind rar auf den F\u00e4r\u00f6ern-Inseln. Nicht lohnend, bei einem so geringen Touristenaufkommen. Die meisten sind Durchreisende auf dem Weg nach oder von Island, die nur einen zweit\u00e4gigen Stopp einlegen. Wer l\u00e4nger bleibt, erntet fragende Blicke der Einheimischen. Als w\u00fcrden sie selbst nicht verstehen, was man hier zu suchen hat. In Elduv\u00edk schlie\u00dflich fanden wir einen weiteren Platz zum Verweilen. Fast ein Idyll, wenn wenig reicht. Das Zelten dort war umsonst. Daf\u00fcr gab es kein hei\u00dfes Wasser. Und auch keine Dusche. Nur das Dorf-Klo. Hoch \u00fcber der Brandung liefen wir am Funningsfj\u00f8r\u0111ur entlang hin\u00fcber nach Oyndarfj\u00f8r\u0111ur und zur\u00fcck. Voller Freude, in dieser einmaligen, abgeschiedenen Landschaft unterwegs zu sein.<\/p>\n\n\n\n<p>Dann lockte Gj\u00f3gv, ein weiteres \u00d6rtchen, in dem sich kleine H\u00e4user dicht aneinander dr\u00e4ngen. Hauptattraktion des Dorfes ist eine Kluft, eine Art nat\u00fcrlicher Hafen, in der Boote gesch\u00fctzt vor den chaotischen Wellen eines tosenden Meeres anlanden und per Seilwinde auf eine Rampe gezogen werden k\u00f6nnen. Wir drehten eine Runde, sahen Seev\u00f6gel und verzogen uns vor dem aufkommenden Nieselregen ins Hotel Gj\u00e1argar\u0111ur, wo der Kaffee den Charme einer Dr\u00fcckekanne geschmacklich auf unsere Gaumen zauberte. Daf\u00fcr riss es am n\u00e4chsten Tag komplett auf und ich nutzte sogleich die Gelegenheit, allein den Gipfel des Sl\u00e6ttaratindur, des h\u00f6chsten Berges auf den F\u00e4r\u00f6ern, zu erklimmen. Vom Pass Ei\u0111isskar\u0111 kein gro\u00dfer Akt \u2013 in einer Stunde war ich oben und hatte das halbe Archipel zu F\u00fc\u00dfen. Weit reichte mein Blick \u00fcber all die gr\u00fcnen Zacken, H\u00e4nge, T\u00e4ler und all die blauen Fjorde.<\/p>\n\n\n\n<p>Wind und Wetter sind die bestimmenden Faktoren, nach denen sich alles richtet. Vielleicht f\u00e4hrt morgen die F\u00e4hre, vielleicht klappt dann eine weitere Wanderung. Vielleicht st\u00fcrmt und regnet es aber auch oder es ist bis auf Meeresh\u00f6he nebelverhangen. &#8222;Kanska&#8220; \u2013 Vielleicht, wie die F\u00e4ringer zu sagen pflegen &#8230; Unser n\u00e4chster Stopp war die Insel V\u00e1gar, wo wir den alten Weg nach G\u00e1sadalur nahmen und genauso \u00fcber die Berge kraxelten, wie es bis vor wenigen Jahren noch dreimal in der Woche der Postbote getan hat. Erst 2006 wurde die H\u00e4useransammlung als letzte auf den F\u00e4r\u00f6ern durch einen Tunnel ans Stra\u00dfennetz angebunden.<\/p>\n\n\n\n<p>Am folgenden Tag setzten wir mit einem kleinen Schiff von S\u00f8rv\u00e1gur nach Mykines \u00fcber. Und auf der F\u00e4hrfahrt zu dieser westlichsten Insel der F\u00e4r\u00f6er passierte es: Mir wurde kotz\u00fcbel. Nach einer knappen Stunde \u00dcberfahrt war ich froh, als wir endlich angekommen waren auf dieser autofreien Insel. Noch beklommen stieg auch ich die unz\u00e4hligen Treppenstufen vom Anleger empor ins winzige Dorf und zu unserer Herberge. Als sich mein Magen wieder beruhigt hatte, erkundeten wir an zwei Tagen die Gegend und waren uns rasch einig: Der sch\u00f6nste Fleck bisher. \u00dcber Mykinesh\u00f3lmur schwirrten die Papageitaucher umher wie die M\u00fccken in der Abendsonne. Inmitten der V\u00f6gel zu stehen, kaum mehr als einen ausgestreckten Arm entfernt, \u00fcber Klippen und am Leuchtturm, war faszinierend. Selma lief weite Teile selbst, fast unerm\u00fcdlich, und freute sich \u00fcber jedes neue Schaf. An den Nachmittagen schlemmten wir vor dem Kristiansh\u00fas Waffeln und Eis \u2013 wenn die Sonne schien, wurde es richtig warm. Auch den Berg Kn\u00fakur bestiegen wir und verlie\u00dfen die Insel, kurz bevor sich die drolligen Papageitaucher Mitte August aufmachten auf ihre lange Reise in den S\u00fcden.<\/p>\n\n\n\n<p>Zur\u00fcck auf V\u00e1gar wanderten wir noch zum Wasserfall B\u00f8sdalsfossur, der sich von dem See mit zwei Namen 50 m senkrecht ins Meer st\u00fcrzt. Je nachdem, wen man fragt, hei\u00dft der gr\u00f6\u00dfte See der F\u00e4r\u00f6er entweder S\u00f8rv\u00e1gsvatn oder Leitisvatn. Aber egal. Durch den Mauttunnel unter dem Vestmannasund ging es zur\u00fcck auf die Hauptinsel Streymoy, auf der wir uns mal wieder in T\u00f3rshavn gem\u00fctlich einrichteten. Von dort brachen wir auf nach Saksun und wanderten am Pollurin um die sandige Lagune, bevor uns die Flut vom Atlantik den R\u00fcckweg zu versperren drohte. Wolken und N\u00e4sse hingen mal wieder tief zwischen den engstehenden Bergen. K\u00e4lte kroch in uns, was uns aber nicht davon abhielt, mit Gummistiefeln im feuchten Sand zu stehen und Steine ins Wasser zu schmei\u00dfen. Selma war in all den Tagen kaum von einem See, einem Bach oder selbst nur einer Pf\u00fctze zu trennen, in die sie am liebsten immer wieder gro\u00dfe Brocken werfen wollte &#8230; Und auch in Tj\u00f8rnuv\u00edk sprangen Nina und Selma am Strand \u00fcber Wellen, bis nicht nur die Hosenbeine klatschnass waren. Doch zum Gl\u00fcck gab es wie in jedem noch so kleinen Ort auch hier ein Toilettenh\u00e4uschen im Dorf, in dem wir Selma komplett umziehen und wieder in trockene Kleider stecken konnten. \u00dcber allem wachten in der Ferne Risin und Kelligin, die beiden Trolle, die einst von Island herkamen, das sich Sorgen um die kleinen F\u00e4r\u00f6er machte, die einsam im Nordatlantik lagen, und sie nach Hause holen wollte. Daf\u00fcr wurden die Trolle ausgesandt, doch es dauerte zu lange, alle 18 Inseln zu vert\u00e4uen, um sie \u00fcbers Meer nach Island zu ziehen. Die Nacht war fortgeschritten, der Tag graute. Und als die ersten Sonnenstrahlen \u00fcber den Horizont kamen, verwandelten sich beide Trolle augenblicklich zu Stein &#8230;<\/p>\n\n\n\n<p>Uns blieb derlei erspart und so nahmen wir auch noch die F\u00e4hre Smyril zur s\u00fcdlichsten Insel der F\u00e4r\u00f6er, Su\u0111uroy. Touristisch noch abgelegener als alle anderen Orte, fanden wir keinen Fleck, um unser Zelt aufschlagen zu k\u00f6nnen. Wildes Campen ist nicht erlaubt und so verbrachten wir ein paar N\u00e4chte im Scouthouse von Tv\u00f8royri, das einen etwas gespenstischen Eindruck vermittelte \u2013 kalt und modrig.<\/p>\n\n\n\n<p>Sumba und der Leuchtturm am Akraberg, die Bergstra\u00dfe und der Beinisv\u00f8r\u0111, die Glyvrabergsgj\u00f3gv und der Sandstrand bei Sandv\u00edk, schlie\u00dflich ein Fernrohr mit Aussicht aufs Meer und der Kirkjuvatn bei F\u00e1mjin waren die Schlusspunkte unserer Reise, die uns ans Ende der Welt gef\u00fchrt hatte. In eine dramatische Insellandschaft, in der sich die F\u00e4ringer zwischen Tradition und Moderne bewegen. Die b\u00e4uerliche Landarbeit wirkte oft wie ein Relikt l\u00e4ngst vergangener Zeiten. Viel Handarbeit allerorts. Ganze Familien, die gemeinsam m\u00fchselig in kleinen Portionen Heu einfuhren. Traktoren sahen wir selten. Aber daneben gehen subventionierte Helikopterfl\u00fcge von Insel zu Insel einher, nicht zu vergessen die millionenschweren Tunnelbauten. Vieles blieb uns verborgen und war schwer zu fassen. Es verlor sich im Nebel oder wir konnten oft nur staunen.<\/p>\n\n\n\n<p>Aus dem&nbsp;<a href=\"https:\/\/www.martin-huelle.de\/projekte\/mein-norden\" target=\"_blank\" rel=\"noreferrer noopener\">Projekt<\/a>&nbsp;und Fotobuch&nbsp;<a href=\"https:\/\/www.martin-huelle.de\/buecher\/mein-norden\" target=\"_blank\" rel=\"noreferrer noopener\">Mein Norden<\/a>.<\/p>\n\n\n\n<p class=\"has-text-align-center\">\u2014<\/p>\n\n\n\n<p class=\"has-text-align-center\"><em>Dir&nbsp;<\/em><em>gef\u00e4llt mein Blog oder Du m\u00f6chtest meine Arbeit unterst\u00fctzen?<\/em>&nbsp;<em>Dann&nbsp;<a href=\"https:\/\/www.paypal.com\/paypalme\/martinhuellefotograf\" target=\"_blank\" rel=\"noreferrer noopener\">spendiere mir einen Kaffee<\/a>&nbsp;:-)<\/em><\/p>\n<div class=\"shariff shariff-align-left shariff-widget-align-left\"><ul class=\"shariff-buttons theme-white orientation-horizontal buttonsize-small\"><li class=\"shariff-button facebook shariff-nocustomcolor\" style=\"background-color:#4273c8\"><a href=\"https:\/\/www.facebook.com\/sharer\/sharer.php?u=https%3A%2F%2Fwww.martin-huelle.de%2Fblog%2Fkanska-vielleicht%2F\" title=\"Bei Facebook teilen\" aria-label=\"Bei Facebook teilen\" role=\"button\" rel=\"nofollow\" class=\"shariff-link\" style=\"; background-color:#3b5998; color:#3b5998\" target=\"_blank\"><span class=\"shariff-icon\" style=\"fill:#3b5998\"><svg width=\"32px\" height=\"20px\" xmlns=\"http:\/\/www.w3.org\/2000\/svg\" viewBox=\"0 0 18 32\"><path fill=\"#3b5998\" d=\"M17.1 0.2v4.7h-2.8q-1.5 0-2.1 0.6t-0.5 1.9v3.4h5.2l-0.7 5.3h-4.5v13.6h-5.5v-13.6h-4.5v-5.3h4.5v-3.9q0-3.3 1.9-5.2t5-1.8q2.6 0 4.1 0.2z\"\/><\/svg><\/span><span class=\"shariff-text\" style=\"color:#3b5998\">teilen<\/span>&nbsp;<\/a><\/li><li class=\"shariff-button twitter shariff-nocustomcolor\" style=\"background-color:#595959\"><a href=\"https:\/\/twitter.com\/share?url=https%3A%2F%2Fwww.martin-huelle.de%2Fblog%2Fkanska-vielleicht%2F&text=%E2%80%9EKanska%E2%80%9C%20%E2%80%93%20Vielleicht\" title=\"Bei X teilen\" aria-label=\"Bei X teilen\" role=\"button\" rel=\"noopener nofollow\" class=\"shariff-link\" style=\"; background-color:#000; color:#000\" target=\"_blank\"><span class=\"shariff-icon\" style=\"fill:#000\"><svg width=\"32px\" height=\"20px\" xmlns=\"http:\/\/www.w3.org\/2000\/svg\" viewBox=\"0 0 24 24\"><path fill=\"#000\" d=\"M14.258 10.152L23.176 0h-2.113l-7.747 8.813L7.133 0H0l9.352 13.328L0 23.973h2.113l8.176-9.309 6.531 9.309h7.133zm-2.895 3.293l-.949-1.328L2.875 1.56h3.246l6.086 8.523.945 1.328 7.91 11.078h-3.246zm0 0\"\/><\/svg><\/span><span class=\"shariff-text\" style=\"color:#000\">teilen<\/span>&nbsp;<\/a><\/li><li class=\"shariff-button mailto shariff-nocustomcolor\" style=\"background-color:#a8a8a8\"><a href=\"mailto:?body=https%3A%2F%2Fwww.martin-huelle.de%2Fblog%2Fkanska-vielleicht%2F&subject=%E2%80%9EKanska%E2%80%9C%20%E2%80%93%20Vielleicht\" title=\"Per E-Mail versenden\" aria-label=\"Per E-Mail versenden\" role=\"button\" rel=\"noopener nofollow\" class=\"shariff-link\" style=\"; background-color:#999; color:#999\"><span class=\"shariff-icon\" style=\"fill:#999\"><svg width=\"32px\" height=\"20px\" xmlns=\"http:\/\/www.w3.org\/2000\/svg\" viewBox=\"0 0 32 32\"><path fill=\"#999\" d=\"M32 12.7v14.2q0 1.2-0.8 2t-2 0.9h-26.3q-1.2 0-2-0.9t-0.8-2v-14.2q0.8 0.9 1.8 1.6 6.5 4.4 8.9 6.1 1 0.8 1.6 1.2t1.7 0.9 2 0.4h0.1q0.9 0 2-0.4t1.7-0.9 1.6-1.2q3-2.2 8.9-6.1 1-0.7 1.8-1.6zM32 7.4q0 1.4-0.9 2.7t-2.2 2.2q-6.7 4.7-8.4 5.8-0.2 0.1-0.7 0.5t-1 0.7-0.9 0.6-1.1 0.5-0.9 0.2h-0.1q-0.4 0-0.9-0.2t-1.1-0.5-0.9-0.6-1-0.7-0.7-0.5q-1.6-1.1-4.7-3.2t-3.6-2.6q-1.1-0.7-2.1-2t-1-2.5q0-1.4 0.7-2.3t2.1-0.9h26.3q1.2 0 2 0.8t0.9 2z\"\/><\/svg><\/span><span class=\"shariff-text\" style=\"color:#999\">E-Mail<\/span>&nbsp;<\/a><\/li><\/ul><\/div>","protected":false},"excerpt":{"rendered":"<p>Meine schlimmste Bef\u00fcrchtung trat nicht ein. Die 30-st\u00fcndige F\u00e4hrfahrt auf die F\u00e4r\u00f6er-Inseln war harmlos. Aber es h\u00e4tte auch anders kommen k\u00f6nnen \u2013 ein wilder Wellenritt voller \u00dcbelkeit. &#8222;The Land of Maybe&#8220; erreichten wir im Nebel. Wie auch sonst, alles andere h\u00e4tte uns \u00fcberrascht. Verregnet war das Olavsfest, der Nationalfeiertag. Jedoch erhellten Menschen in bunten Trachten&hellip;<\/p>\n","protected":false},"author":2,"featured_media":10496,"comment_status":"open","ping_status":"open","sticky":false,"template":"","format":"standard","meta":{"jetpack_post_was_ever_published":false,"_jetpack_newsletter_access":"","_jetpack_dont_email_post_to_subs":false,"_jetpack_newsletter_tier_id":0,"_jetpack_memberships_contains_paywalled_content":false,"_jetpack_memberships_contains_paid_content":false,"footnotes":"","jetpack_publicize_message":"","jetpack_publicize_feature_enabled":true,"jetpack_social_post_already_shared":false,"jetpack_social_options":{"image_generator_settings":{"template":"highway","default_image_id":0,"font":"","enabled":false},"version":2},"_links_to":"","_links_to_target":""},"categories":[11],"tags":[274,231,172],"class_list":["post-5789","post","type-post","status-publish","format-standard","has-post-thumbnail","hentry","category-reisen","tag-faroer-inseln","tag-mein-norden","tag-rundreise","comments-open","has-comments"],"yoast_head":"<!-- This site is optimized with the Yoast SEO plugin v27.5 - https:\/\/yoast.com\/product\/yoast-seo-wordpress\/ -->\n<title>&quot;Kanska&quot; \u2013 Vielleicht - Martin H\u00fclle<\/title>\n<meta name=\"robots\" content=\"index, follow, max-snippet:-1, max-image-preview:large, max-video-preview:-1\" \/>\n<link rel=\"canonical\" href=\"https:\/\/www.martin-huelle.de\/blog\/kanska-vielleicht\/\" \/>\n<meta property=\"og:locale\" content=\"de_DE\" \/>\n<meta property=\"og:type\" content=\"article\" \/>\n<meta property=\"og:title\" content=\"&quot;Kanska&quot; \u2013 Vielleicht - Martin H\u00fclle\" \/>\n<meta property=\"og:description\" content=\"Meine schlimmste Bef\u00fcrchtung trat nicht ein. Die 30-st\u00fcndige F\u00e4hrfahrt auf die F\u00e4r\u00f6er-Inseln war harmlos. Aber es h\u00e4tte auch anders kommen k\u00f6nnen \u2013 ein wilder Wellenritt voller \u00dcbelkeit. &#8222;The Land of Maybe&#8220; erreichten wir im Nebel. Wie auch sonst, alles andere h\u00e4tte uns \u00fcberrascht. Verregnet war das Olavsfest, der Nationalfeiertag. Jedoch erhellten Menschen in bunten Trachten&hellip;\" \/>\n<meta property=\"og:url\" content=\"https:\/\/www.martin-huelle.de\/blog\/kanska-vielleicht\/\" \/>\n<meta property=\"og:site_name\" content=\"Martin H\u00fclle\" \/>\n<meta property=\"article:publisher\" content=\"https:\/\/www.facebook.com\/MartinHuelleFotografie\" \/>\n<meta property=\"article:published_time\" content=\"2013-08-30T09:58:54+00:00\" \/>\n<meta property=\"article:modified_time\" content=\"2022-02-24T09:52:40+00:00\" \/>\n<meta property=\"og:image\" content=\"https:\/\/www.martin-huelle.de\/blog\/wp-content\/uploads\/2022\/02\/faroer_inseln_rundreise.jpg\" \/>\n\t<meta property=\"og:image:width\" content=\"2000\" \/>\n\t<meta property=\"og:image:height\" content=\"1125\" \/>\n\t<meta property=\"og:image:type\" content=\"image\/jpeg\" \/>\n<meta name=\"author\" content=\"Martin H\u00fclle\" \/>\n<meta name=\"twitter:card\" content=\"summary_large_image\" \/>\n<meta name=\"twitter:creator\" content=\"@MartinHuelle\" \/>\n<meta name=\"twitter:site\" content=\"@MartinHuelle\" \/>\n<meta name=\"twitter:label1\" content=\"Verfasst von\" \/>\n\t<meta name=\"twitter:data1\" content=\"Martin H\u00fclle\" \/>\n\t<meta name=\"twitter:label2\" content=\"Gesch\u00e4tzte Lesezeit\" \/>\n\t<meta name=\"twitter:data2\" content=\"8\u00a0Minuten\" \/>\n<script type=\"application\/ld+json\" class=\"yoast-schema-graph\">{\"@context\":\"https:\\\/\\\/schema.org\",\"@graph\":[{\"@type\":\"Article\",\"@id\":\"https:\\\/\\\/www.martin-huelle.de\\\/blog\\\/kanska-vielleicht\\\/#article\",\"isPartOf\":{\"@id\":\"https:\\\/\\\/www.martin-huelle.de\\\/blog\\\/kanska-vielleicht\\\/\"},\"author\":{\"name\":\"Martin H\u00fclle\",\"@id\":\"https:\\\/\\\/www.martin-huelle.de\\\/blog\\\/#\\\/schema\\\/person\\\/3795a036df77eeca5488e43d17b280d6\"},\"headline\":\"&#8222;Kanska&#8220; \u2013 Vielleicht\",\"datePublished\":\"2013-08-30T09:58:54+00:00\",\"dateModified\":\"2022-02-24T09:52:40+00:00\",\"mainEntityOfPage\":{\"@id\":\"https:\\\/\\\/www.martin-huelle.de\\\/blog\\\/kanska-vielleicht\\\/\"},\"wordCount\":1528,\"commentCount\":2,\"image\":{\"@id\":\"https:\\\/\\\/www.martin-huelle.de\\\/blog\\\/kanska-vielleicht\\\/#primaryimage\"},\"thumbnailUrl\":\"https:\\\/\\\/www.martin-huelle.de\\\/blog\\\/wp-content\\\/uploads\\\/2022\\\/02\\\/faroer_inseln_rundreise.jpg\",\"keywords\":[\"f\u00e4r\u00f6er-inseln\",\"mein norden\",\"rundreise\"],\"articleSection\":[\"Reisen\"],\"inLanguage\":\"de\",\"potentialAction\":[{\"@type\":\"CommentAction\",\"name\":\"Comment\",\"target\":[\"https:\\\/\\\/www.martin-huelle.de\\\/blog\\\/kanska-vielleicht\\\/#respond\"]}]},{\"@type\":\"WebPage\",\"@id\":\"https:\\\/\\\/www.martin-huelle.de\\\/blog\\\/kanska-vielleicht\\\/\",\"url\":\"https:\\\/\\\/www.martin-huelle.de\\\/blog\\\/kanska-vielleicht\\\/\",\"name\":\"\\\"Kanska\\\" \u2013 Vielleicht - Martin H\u00fclle\",\"isPartOf\":{\"@id\":\"https:\\\/\\\/www.martin-huelle.de\\\/blog\\\/#website\"},\"primaryImageOfPage\":{\"@id\":\"https:\\\/\\\/www.martin-huelle.de\\\/blog\\\/kanska-vielleicht\\\/#primaryimage\"},\"image\":{\"@id\":\"https:\\\/\\\/www.martin-huelle.de\\\/blog\\\/kanska-vielleicht\\\/#primaryimage\"},\"thumbnailUrl\":\"https:\\\/\\\/www.martin-huelle.de\\\/blog\\\/wp-content\\\/uploads\\\/2022\\\/02\\\/faroer_inseln_rundreise.jpg\",\"datePublished\":\"2013-08-30T09:58:54+00:00\",\"dateModified\":\"2022-02-24T09:52:40+00:00\",\"author\":{\"@id\":\"https:\\\/\\\/www.martin-huelle.de\\\/blog\\\/#\\\/schema\\\/person\\\/3795a036df77eeca5488e43d17b280d6\"},\"breadcrumb\":{\"@id\":\"https:\\\/\\\/www.martin-huelle.de\\\/blog\\\/kanska-vielleicht\\\/#breadcrumb\"},\"inLanguage\":\"de\",\"potentialAction\":[{\"@type\":\"ReadAction\",\"target\":[\"https:\\\/\\\/www.martin-huelle.de\\\/blog\\\/kanska-vielleicht\\\/\"]}]},{\"@type\":\"ImageObject\",\"inLanguage\":\"de\",\"@id\":\"https:\\\/\\\/www.martin-huelle.de\\\/blog\\\/kanska-vielleicht\\\/#primaryimage\",\"url\":\"https:\\\/\\\/www.martin-huelle.de\\\/blog\\\/wp-content\\\/uploads\\\/2022\\\/02\\\/faroer_inseln_rundreise.jpg\",\"contentUrl\":\"https:\\\/\\\/www.martin-huelle.de\\\/blog\\\/wp-content\\\/uploads\\\/2022\\\/02\\\/faroer_inseln_rundreise.jpg\",\"width\":2000,\"height\":1125,\"caption\":\"F\u00e4r\u00f6er-Inseln Rundreise, Foto: Martin H\u00fclle\"},{\"@type\":\"BreadcrumbList\",\"@id\":\"https:\\\/\\\/www.martin-huelle.de\\\/blog\\\/kanska-vielleicht\\\/#breadcrumb\",\"itemListElement\":[{\"@type\":\"ListItem\",\"position\":1,\"name\":\"Startseite\",\"item\":\"https:\\\/\\\/www.martin-huelle.de\\\/blog\\\/\"},{\"@type\":\"ListItem\",\"position\":2,\"name\":\"&#8220;Kanska&#8221; \u2013 Vielleicht\"}]},{\"@type\":\"WebSite\",\"@id\":\"https:\\\/\\\/www.martin-huelle.de\\\/blog\\\/#website\",\"url\":\"https:\\\/\\\/www.martin-huelle.de\\\/blog\\\/\",\"name\":\"Martin H\u00fclle\",\"description\":\"Fotografie - Blog\",\"potentialAction\":[{\"@type\":\"SearchAction\",\"target\":{\"@type\":\"EntryPoint\",\"urlTemplate\":\"https:\\\/\\\/www.martin-huelle.de\\\/blog\\\/?s={search_term_string}\"},\"query-input\":{\"@type\":\"PropertyValueSpecification\",\"valueRequired\":true,\"valueName\":\"search_term_string\"}}],\"inLanguage\":\"de\"},{\"@type\":\"Person\",\"@id\":\"https:\\\/\\\/www.martin-huelle.de\\\/blog\\\/#\\\/schema\\\/person\\\/3795a036df77eeca5488e43d17b280d6\",\"name\":\"Martin H\u00fclle\",\"image\":{\"@type\":\"ImageObject\",\"inLanguage\":\"de\",\"@id\":\"https:\\\/\\\/secure.gravatar.com\\\/avatar\\\/c98e2751188ecfaf9efaca563c2601d020b00535097295c8d2a11488554048fe?s=96&d=blank&r=g\",\"url\":\"https:\\\/\\\/secure.gravatar.com\\\/avatar\\\/c98e2751188ecfaf9efaca563c2601d020b00535097295c8d2a11488554048fe?s=96&d=blank&r=g\",\"contentUrl\":\"https:\\\/\\\/secure.gravatar.com\\\/avatar\\\/c98e2751188ecfaf9efaca563c2601d020b00535097295c8d2a11488554048fe?s=96&d=blank&r=g\",\"caption\":\"Martin H\u00fclle\"},\"sameAs\":[\"http:\\\/\\\/www.martin-huelle.de\"],\"url\":\"https:\\\/\\\/www.martin-huelle.de\\\/blog\\\/author\\\/martin\\\/\"}]}<\/script>\n<!-- \/ Yoast SEO plugin. -->","yoast_head_json":{"title":"\"Kanska\" \u2013 Vielleicht - Martin H\u00fclle","robots":{"index":"index","follow":"follow","max-snippet":"max-snippet:-1","max-image-preview":"max-image-preview:large","max-video-preview":"max-video-preview:-1"},"canonical":"https:\/\/www.martin-huelle.de\/blog\/kanska-vielleicht\/","og_locale":"de_DE","og_type":"article","og_title":"\"Kanska\" \u2013 Vielleicht - Martin H\u00fclle","og_description":"Meine schlimmste Bef\u00fcrchtung trat nicht ein. Die 30-st\u00fcndige F\u00e4hrfahrt auf die F\u00e4r\u00f6er-Inseln war harmlos. Aber es h\u00e4tte auch anders kommen k\u00f6nnen \u2013 ein wilder Wellenritt voller \u00dcbelkeit. &#8222;The Land of Maybe&#8220; erreichten wir im Nebel. Wie auch sonst, alles andere h\u00e4tte uns \u00fcberrascht. Verregnet war das Olavsfest, der Nationalfeiertag. Jedoch erhellten Menschen in bunten Trachten&hellip;","og_url":"https:\/\/www.martin-huelle.de\/blog\/kanska-vielleicht\/","og_site_name":"Martin H\u00fclle","article_publisher":"https:\/\/www.facebook.com\/MartinHuelleFotografie","article_published_time":"2013-08-30T09:58:54+00:00","article_modified_time":"2022-02-24T09:52:40+00:00","og_image":[{"width":2000,"height":1125,"url":"https:\/\/www.martin-huelle.de\/blog\/wp-content\/uploads\/2022\/02\/faroer_inseln_rundreise.jpg","type":"image\/jpeg"}],"author":"Martin H\u00fclle","twitter_card":"summary_large_image","twitter_creator":"@MartinHuelle","twitter_site":"@MartinHuelle","twitter_misc":{"Verfasst von":"Martin H\u00fclle","Gesch\u00e4tzte Lesezeit":"8\u00a0Minuten"},"schema":{"@context":"https:\/\/schema.org","@graph":[{"@type":"Article","@id":"https:\/\/www.martin-huelle.de\/blog\/kanska-vielleicht\/#article","isPartOf":{"@id":"https:\/\/www.martin-huelle.de\/blog\/kanska-vielleicht\/"},"author":{"name":"Martin H\u00fclle","@id":"https:\/\/www.martin-huelle.de\/blog\/#\/schema\/person\/3795a036df77eeca5488e43d17b280d6"},"headline":"&#8222;Kanska&#8220; \u2013 Vielleicht","datePublished":"2013-08-30T09:58:54+00:00","dateModified":"2022-02-24T09:52:40+00:00","mainEntityOfPage":{"@id":"https:\/\/www.martin-huelle.de\/blog\/kanska-vielleicht\/"},"wordCount":1528,"commentCount":2,"image":{"@id":"https:\/\/www.martin-huelle.de\/blog\/kanska-vielleicht\/#primaryimage"},"thumbnailUrl":"https:\/\/www.martin-huelle.de\/blog\/wp-content\/uploads\/2022\/02\/faroer_inseln_rundreise.jpg","keywords":["f\u00e4r\u00f6er-inseln","mein norden","rundreise"],"articleSection":["Reisen"],"inLanguage":"de","potentialAction":[{"@type":"CommentAction","name":"Comment","target":["https:\/\/www.martin-huelle.de\/blog\/kanska-vielleicht\/#respond"]}]},{"@type":"WebPage","@id":"https:\/\/www.martin-huelle.de\/blog\/kanska-vielleicht\/","url":"https:\/\/www.martin-huelle.de\/blog\/kanska-vielleicht\/","name":"\"Kanska\" \u2013 Vielleicht - Martin H\u00fclle","isPartOf":{"@id":"https:\/\/www.martin-huelle.de\/blog\/#website"},"primaryImageOfPage":{"@id":"https:\/\/www.martin-huelle.de\/blog\/kanska-vielleicht\/#primaryimage"},"image":{"@id":"https:\/\/www.martin-huelle.de\/blog\/kanska-vielleicht\/#primaryimage"},"thumbnailUrl":"https:\/\/www.martin-huelle.de\/blog\/wp-content\/uploads\/2022\/02\/faroer_inseln_rundreise.jpg","datePublished":"2013-08-30T09:58:54+00:00","dateModified":"2022-02-24T09:52:40+00:00","author":{"@id":"https:\/\/www.martin-huelle.de\/blog\/#\/schema\/person\/3795a036df77eeca5488e43d17b280d6"},"breadcrumb":{"@id":"https:\/\/www.martin-huelle.de\/blog\/kanska-vielleicht\/#breadcrumb"},"inLanguage":"de","potentialAction":[{"@type":"ReadAction","target":["https:\/\/www.martin-huelle.de\/blog\/kanska-vielleicht\/"]}]},{"@type":"ImageObject","inLanguage":"de","@id":"https:\/\/www.martin-huelle.de\/blog\/kanska-vielleicht\/#primaryimage","url":"https:\/\/www.martin-huelle.de\/blog\/wp-content\/uploads\/2022\/02\/faroer_inseln_rundreise.jpg","contentUrl":"https:\/\/www.martin-huelle.de\/blog\/wp-content\/uploads\/2022\/02\/faroer_inseln_rundreise.jpg","width":2000,"height":1125,"caption":"F\u00e4r\u00f6er-Inseln Rundreise, Foto: Martin H\u00fclle"},{"@type":"BreadcrumbList","@id":"https:\/\/www.martin-huelle.de\/blog\/kanska-vielleicht\/#breadcrumb","itemListElement":[{"@type":"ListItem","position":1,"name":"Startseite","item":"https:\/\/www.martin-huelle.de\/blog\/"},{"@type":"ListItem","position":2,"name":"&#8220;Kanska&#8221; \u2013 Vielleicht"}]},{"@type":"WebSite","@id":"https:\/\/www.martin-huelle.de\/blog\/#website","url":"https:\/\/www.martin-huelle.de\/blog\/","name":"Martin H\u00fclle","description":"Fotografie - Blog","potentialAction":[{"@type":"SearchAction","target":{"@type":"EntryPoint","urlTemplate":"https:\/\/www.martin-huelle.de\/blog\/?s={search_term_string}"},"query-input":{"@type":"PropertyValueSpecification","valueRequired":true,"valueName":"search_term_string"}}],"inLanguage":"de"},{"@type":"Person","@id":"https:\/\/www.martin-huelle.de\/blog\/#\/schema\/person\/3795a036df77eeca5488e43d17b280d6","name":"Martin H\u00fclle","image":{"@type":"ImageObject","inLanguage":"de","@id":"https:\/\/secure.gravatar.com\/avatar\/c98e2751188ecfaf9efaca563c2601d020b00535097295c8d2a11488554048fe?s=96&d=blank&r=g","url":"https:\/\/secure.gravatar.com\/avatar\/c98e2751188ecfaf9efaca563c2601d020b00535097295c8d2a11488554048fe?s=96&d=blank&r=g","contentUrl":"https:\/\/secure.gravatar.com\/avatar\/c98e2751188ecfaf9efaca563c2601d020b00535097295c8d2a11488554048fe?s=96&d=blank&r=g","caption":"Martin H\u00fclle"},"sameAs":["http:\/\/www.martin-huelle.de"],"url":"https:\/\/www.martin-huelle.de\/blog\/author\/martin\/"}]}},"jetpack_publicize_connections":[],"jetpack_featured_media_url":"https:\/\/www.martin-huelle.de\/blog\/wp-content\/uploads\/2022\/02\/faroer_inseln_rundreise.jpg","jetpack_sharing_enabled":true,"jetpack_shortlink":"https:\/\/wp.me\/p3Wb1B-1vn","_links":{"self":[{"href":"https:\/\/www.martin-huelle.de\/blog\/wp-json\/wp\/v2\/posts\/5789","targetHints":{"allow":["GET"]}}],"collection":[{"href":"https:\/\/www.martin-huelle.de\/blog\/wp-json\/wp\/v2\/posts"}],"about":[{"href":"https:\/\/www.martin-huelle.de\/blog\/wp-json\/wp\/v2\/types\/post"}],"author":[{"embeddable":true,"href":"https:\/\/www.martin-huelle.de\/blog\/wp-json\/wp\/v2\/users\/2"}],"replies":[{"embeddable":true,"href":"https:\/\/www.martin-huelle.de\/blog\/wp-json\/wp\/v2\/comments?post=5789"}],"version-history":[{"count":64,"href":"https:\/\/www.martin-huelle.de\/blog\/wp-json\/wp\/v2\/posts\/5789\/revisions"}],"predecessor-version":[{"id":10416,"href":"https:\/\/www.martin-huelle.de\/blog\/wp-json\/wp\/v2\/posts\/5789\/revisions\/10416"}],"wp:featuredmedia":[{"embeddable":true,"href":"https:\/\/www.martin-huelle.de\/blog\/wp-json\/wp\/v2\/media\/10496"}],"wp:attachment":[{"href":"https:\/\/www.martin-huelle.de\/blog\/wp-json\/wp\/v2\/media?parent=5789"}],"wp:term":[{"taxonomy":"category","embeddable":true,"href":"https:\/\/www.martin-huelle.de\/blog\/wp-json\/wp\/v2\/categories?post=5789"},{"taxonomy":"post_tag","embeddable":true,"href":"https:\/\/www.martin-huelle.de\/blog\/wp-json\/wp\/v2\/tags?post=5789"}],"curies":[{"name":"wp","href":"https:\/\/api.w.org\/{rel}","templated":true}]}}