{"id":4763,"date":"2012-11-14T11:05:52","date_gmt":"2012-11-14T09:05:52","guid":{"rendered":"http:\/\/www.martin-huelle.de\/blog\/?p=4763"},"modified":"2022-02-14T19:16:31","modified_gmt":"2022-02-14T17:16:31","slug":"schlechtes-wetter-kein-problem","status":"publish","type":"post","link":"https:\/\/www.martin-huelle.de\/blog\/schlechtes-wetter-kein-problem\/","title":{"rendered":"Schlechtes Wetter? Kein Problem!"},"content":{"rendered":"\n<p><em>Im Fr\u00fchsommer des letzten Jahres haben wir eine Familienreise durch Norwegen unternommen. Weltuntergangsstimmung, Dauerregen und Tristesse waren unsere st\u00e4ndigen Begleiter. Dennoch war es ein Erlebnis, f\u00fcnf Wochen im Land der Fjorde, Gletscher und Wasserf\u00e4lle unterwegs zu sein.<\/em><\/p>\n\n\n\n<h4 class=\"wp-block-heading\">Die Geschichte<\/h4>\n\n\n\n<p>Norwegen empf\u00e4ngt uns in Nationaltracht, mit bunten Umz\u00fcgen und einem rot-wei\u00df-blauen Fahnenmeer. Es ist der 17. Mai: Nationalfeiertag! Aber trotz Sonnenschein und angenehmen Fr\u00fchlingstemperaturen zieht das Spektakel an uns vor\u00fcber, ohne dass ich die Kamera z\u00fccke. Von der F\u00e4hrfahrt nach Kristiansand ist mir spei\u00fcbel \u2013 erst nach ein paar Stunden an Land geht es wieder besser.<\/p>\n\n\n\n<p>Wir stehen am Anfang einer Reise, die uns durch den S\u00fcden des Landes f\u00fchren soll. Entlang der K\u00fcste, vorbei an Fjorden und hinein in die Gletscherwelt. Dabei sind wir besonders gespannt, ob unsere Tochter Selma alles problemlos mitmachen wird. Sie ist noch nicht einmal ein Jahr alt. Wie wird es sein, jeden Tag an einem anderen Ort im Zelt zu \u00fcbernachten und immer weiterzuziehen?<\/p>\n\n\n\n<p>Bereits die ersten Tage sind eine harte Probe. Vorbei am Kap Lindesnes, der s\u00fcdlichen Spitze des norwegischen Festlandes, gelangen wir bei dunklem Regenwetter nach Flekkefjord. Die Natur ist wild und bedr\u00fcckend. In die engen, dicht bewaldeten T\u00e4ler f\u00e4llt zwischen kahlen Bergr\u00fccken kaum Licht. Umso mehr genie\u00dfen wir anderntags eine kleine Wanderung zum Eiger\u00f8y Fyr bei Egersund. Weit schweift dort unser Blick vom Leuchtturm \u00fcber das Meer.<\/p>\n\n\n\n<div class=\"wp-block-jetpack-tiled-gallery aligncenter is-style-rectangular\"><div class=\"tiled-gallery__gallery\"><div class=\"tiled-gallery__row\"><div class=\"tiled-gallery__col\" style=\"flex-basis:66.79649%\"><figure class=\"tiled-gallery__item\"><img decoding=\"async\" data-attachment-id=\"10326\" data-permalink=\"https:\/\/www.martin-huelle.de\/blog\/norwegen-rundreise-2011-3\/\" data-orig-file=\"https:\/\/www.martin-huelle.de\/blog\/wp-content\/uploads\/2022\/02\/regenwetter.jpg\" data-orig-size=\"2010,1337\" data-comments-opened=\"1\" data-image-meta=\"{&quot;aperture&quot;:&quot;11&quot;,&quot;credit&quot;:&quot;Martin H\\u00fclle&quot;,&quot;camera&quot;:&quot;NIKON D700&quot;,&quot;caption&quot;:&quot;&quot;,&quot;created_timestamp&quot;:&quot;1305728948&quot;,&quot;copyright&quot;:&quot;Martin H\\u00fclle, www.martin-huelle.de&quot;,&quot;focal_length&quot;:&quot;24&quot;,&quot;iso&quot;:&quot;400&quot;,&quot;shutter_speed&quot;:&quot;0.008&quot;,&quot;title&quot;:&quot;Norwegen Rundreise 2011&quot;,&quot;orientation&quot;:&quot;1&quot;}\" data-image-title=\"Regenwetter, Foto: Martin H\u00fclle\" data-image-description=\"&lt;p&gt;Regenwetter, Foto: Martin H\u00fclle&lt;\/p&gt;\n\" data-image-caption=\"\" data-large-file=\"https:\/\/www.martin-huelle.de\/blog\/wp-content\/uploads\/2022\/02\/regenwetter-1024x681.jpg\" data-attachment-id=\"10326\" data-permalink=\"https:\/\/www.martin-huelle.de\/blog\/norwegen-rundreise-2011-3\/\" data-orig-file=\"https:\/\/www.martin-huelle.de\/blog\/wp-content\/uploads\/2022\/02\/regenwetter.jpg\" data-orig-size=\"2010,1337\" data-comments-opened=\"1\" data-image-meta=\"{&quot;aperture&quot;:&quot;11&quot;,&quot;credit&quot;:&quot;Martin H\\u00fclle&quot;,&quot;camera&quot;:&quot;NIKON D700&quot;,&quot;caption&quot;:&quot;&quot;,&quot;created_timestamp&quot;:&quot;1305728948&quot;,&quot;copyright&quot;:&quot;Martin H\\u00fclle, www.martin-huelle.de&quot;,&quot;focal_length&quot;:&quot;24&quot;,&quot;iso&quot;:&quot;400&quot;,&quot;shutter_speed&quot;:&quot;0.008&quot;,&quot;title&quot;:&quot;Norwegen Rundreise 2011&quot;,&quot;orientation&quot;:&quot;1&quot;}\" data-image-title=\"Regenwetter, Foto: Martin H\u00fclle\" data-image-description=\"&lt;p&gt;Regenwetter, Foto: Martin H\u00fclle&lt;\/p&gt;\n\" data-image-caption=\"\" data-large-file=\"https:\/\/www.martin-huelle.de\/blog\/wp-content\/uploads\/2022\/02\/regenwetter-1024x681.jpg\" role=\"button\" tabindex=\"0\" aria-label=\"Bild\u00a01 von 3 im Vollbildmodus \u00f6ffnen\"srcset=\"https:\/\/i2.wp.com\/www.martin-huelle.de\/blog\/wp-content\/uploads\/2022\/02\/regenwetter-1024x681.jpg?strip=info&#038;w=600&#038;ssl=1 600w,https:\/\/i2.wp.com\/www.martin-huelle.de\/blog\/wp-content\/uploads\/2022\/02\/regenwetter-1024x681.jpg?strip=info&#038;w=900&#038;ssl=1 900w,https:\/\/i2.wp.com\/www.martin-huelle.de\/blog\/wp-content\/uploads\/2022\/02\/regenwetter-1024x681.jpg?strip=info&#038;w=1200&#038;ssl=1 1200w,https:\/\/i2.wp.com\/www.martin-huelle.de\/blog\/wp-content\/uploads\/2022\/02\/regenwetter-1024x681.jpg?strip=info&#038;w=1500&#038;ssl=1 1500w,https:\/\/i2.wp.com\/www.martin-huelle.de\/blog\/wp-content\/uploads\/2022\/02\/regenwetter-1024x681.jpg?strip=info&#038;w=1800&#038;ssl=1 1800w,https:\/\/i2.wp.com\/www.martin-huelle.de\/blog\/wp-content\/uploads\/2022\/02\/regenwetter-1024x681.jpg?strip=info&#038;w=2000&#038;ssl=1 2000w\" alt=\"Regenwetter, Foto: Martin H\u00fclle\" data-height=\"1337\" data-id=\"10326\" data-link=\"https:\/\/www.martin-huelle.de\/blog\/norwegen-rundreise-2011-3\/\" data-url=\"https:\/\/www.martin-huelle.de\/blog\/wp-content\/uploads\/2022\/02\/regenwetter-1024x681.jpg\" data-width=\"2010\" src=\"https:\/\/i2.wp.com\/www.martin-huelle.de\/blog\/wp-content\/uploads\/2022\/02\/regenwetter-1024x681.jpg?ssl=1\" data-amp-layout=\"responsive\"\/><\/figure><\/div><div class=\"tiled-gallery__col\" style=\"flex-basis:33.20351%\"><figure class=\"tiled-gallery__item\"><img decoding=\"async\" data-attachment-id=\"10327\" data-permalink=\"https:\/\/www.martin-huelle.de\/blog\/norwegen-rundreise-2011-4\/\" data-orig-file=\"https:\/\/www.martin-huelle.de\/blog\/wp-content\/uploads\/2022\/02\/hellern.jpg\" data-orig-size=\"2010,1337\" data-comments-opened=\"1\" data-image-meta=\"{&quot;aperture&quot;:&quot;11&quot;,&quot;credit&quot;:&quot;Martin H\\u00fclle&quot;,&quot;camera&quot;:&quot;NIKON D700&quot;,&quot;caption&quot;:&quot;&quot;,&quot;created_timestamp&quot;:&quot;1305809322&quot;,&quot;copyright&quot;:&quot;Martin H\\u00fclle, www.martin-huelle.de&quot;,&quot;focal_length&quot;:&quot;28&quot;,&quot;iso&quot;:&quot;200&quot;,&quot;shutter_speed&quot;:&quot;0.016666666666667&quot;,&quot;title&quot;:&quot;Norwegen Rundreise 2011&quot;,&quot;orientation&quot;:&quot;1&quot;}\" data-image-title=\"Hellern, Foto: Martin H\u00fclle\" data-image-description=\"&lt;p&gt;Hellern, Foto: Martin H\u00fclle&lt;\/p&gt;\n\" data-image-caption=\"\" data-large-file=\"https:\/\/www.martin-huelle.de\/blog\/wp-content\/uploads\/2022\/02\/hellern-1024x681.jpg\" data-attachment-id=\"10327\" data-permalink=\"https:\/\/www.martin-huelle.de\/blog\/norwegen-rundreise-2011-4\/\" data-orig-file=\"https:\/\/www.martin-huelle.de\/blog\/wp-content\/uploads\/2022\/02\/hellern.jpg\" data-orig-size=\"2010,1337\" data-comments-opened=\"1\" data-image-meta=\"{&quot;aperture&quot;:&quot;11&quot;,&quot;credit&quot;:&quot;Martin H\\u00fclle&quot;,&quot;camera&quot;:&quot;NIKON D700&quot;,&quot;caption&quot;:&quot;&quot;,&quot;created_timestamp&quot;:&quot;1305809322&quot;,&quot;copyright&quot;:&quot;Martin H\\u00fclle, www.martin-huelle.de&quot;,&quot;focal_length&quot;:&quot;28&quot;,&quot;iso&quot;:&quot;200&quot;,&quot;shutter_speed&quot;:&quot;0.016666666666667&quot;,&quot;title&quot;:&quot;Norwegen Rundreise 2011&quot;,&quot;orientation&quot;:&quot;1&quot;}\" data-image-title=\"Hellern, Foto: Martin H\u00fclle\" data-image-description=\"&lt;p&gt;Hellern, Foto: Martin H\u00fclle&lt;\/p&gt;\n\" data-image-caption=\"\" data-large-file=\"https:\/\/www.martin-huelle.de\/blog\/wp-content\/uploads\/2022\/02\/hellern-1024x681.jpg\" role=\"button\" tabindex=\"0\" aria-label=\"Bild\u00a02 von 3 im Vollbildmodus \u00f6ffnen\"srcset=\"https:\/\/i0.wp.com\/www.martin-huelle.de\/blog\/wp-content\/uploads\/2022\/02\/hellern-1024x681.jpg?strip=info&#038;w=600&#038;ssl=1 600w,https:\/\/i0.wp.com\/www.martin-huelle.de\/blog\/wp-content\/uploads\/2022\/02\/hellern-1024x681.jpg?strip=info&#038;w=900&#038;ssl=1 900w,https:\/\/i0.wp.com\/www.martin-huelle.de\/blog\/wp-content\/uploads\/2022\/02\/hellern-1024x681.jpg?strip=info&#038;w=1200&#038;ssl=1 1200w,https:\/\/i0.wp.com\/www.martin-huelle.de\/blog\/wp-content\/uploads\/2022\/02\/hellern-1024x681.jpg?strip=info&#038;w=1500&#038;ssl=1 1500w,https:\/\/i0.wp.com\/www.martin-huelle.de\/blog\/wp-content\/uploads\/2022\/02\/hellern-1024x681.jpg?strip=info&#038;w=1800&#038;ssl=1 1800w,https:\/\/i0.wp.com\/www.martin-huelle.de\/blog\/wp-content\/uploads\/2022\/02\/hellern-1024x681.jpg?strip=info&#038;w=2000&#038;ssl=1 2000w\" alt=\"Hellern, Foto: Martin H\u00fclle\" data-height=\"1337\" data-id=\"10327\" data-link=\"https:\/\/www.martin-huelle.de\/blog\/norwegen-rundreise-2011-4\/\" data-url=\"https:\/\/www.martin-huelle.de\/blog\/wp-content\/uploads\/2022\/02\/hellern-1024x681.jpg\" data-width=\"2010\" src=\"https:\/\/i0.wp.com\/www.martin-huelle.de\/blog\/wp-content\/uploads\/2022\/02\/hellern-1024x681.jpg?ssl=1\" data-amp-layout=\"responsive\"\/><\/figure><figure class=\"tiled-gallery__item\"><img decoding=\"async\" data-attachment-id=\"10328\" data-permalink=\"https:\/\/www.martin-huelle.de\/blog\/norwegen-rundreise-2011-5\/\" data-orig-file=\"https:\/\/www.martin-huelle.de\/blog\/wp-content\/uploads\/2022\/02\/ueber_dem_meer.jpg\" data-orig-size=\"2010,1337\" data-comments-opened=\"1\" data-image-meta=\"{&quot;aperture&quot;:&quot;8&quot;,&quot;credit&quot;:&quot;Martin H\\u00fclle&quot;,&quot;camera&quot;:&quot;NIKON D700&quot;,&quot;caption&quot;:&quot;&quot;,&quot;created_timestamp&quot;:&quot;1306097403&quot;,&quot;copyright&quot;:&quot;Martin H\\u00fclle, www.martin-huelle.de&quot;,&quot;focal_length&quot;:&quot;120&quot;,&quot;iso&quot;:&quot;400&quot;,&quot;shutter_speed&quot;:&quot;0.0025&quot;,&quot;title&quot;:&quot;Norwegen Rundreise 2011&quot;,&quot;orientation&quot;:&quot;1&quot;}\" data-image-title=\"\u00dcber dem Meer, Foto: Martin H\u00fclle\" data-image-description=\"&lt;p&gt;\u00dcber dem Meer, Foto: Martin H\u00fclle&lt;\/p&gt;\n\" data-image-caption=\"\" data-large-file=\"https:\/\/www.martin-huelle.de\/blog\/wp-content\/uploads\/2022\/02\/ueber_dem_meer-1024x681.jpg\" data-attachment-id=\"10328\" data-permalink=\"https:\/\/www.martin-huelle.de\/blog\/norwegen-rundreise-2011-5\/\" data-orig-file=\"https:\/\/www.martin-huelle.de\/blog\/wp-content\/uploads\/2022\/02\/ueber_dem_meer.jpg\" data-orig-size=\"2010,1337\" data-comments-opened=\"1\" data-image-meta=\"{&quot;aperture&quot;:&quot;8&quot;,&quot;credit&quot;:&quot;Martin H\\u00fclle&quot;,&quot;camera&quot;:&quot;NIKON D700&quot;,&quot;caption&quot;:&quot;&quot;,&quot;created_timestamp&quot;:&quot;1306097403&quot;,&quot;copyright&quot;:&quot;Martin H\\u00fclle, www.martin-huelle.de&quot;,&quot;focal_length&quot;:&quot;120&quot;,&quot;iso&quot;:&quot;400&quot;,&quot;shutter_speed&quot;:&quot;0.0025&quot;,&quot;title&quot;:&quot;Norwegen Rundreise 2011&quot;,&quot;orientation&quot;:&quot;1&quot;}\" data-image-title=\"\u00dcber dem Meer, Foto: Martin H\u00fclle\" data-image-description=\"&lt;p&gt;\u00dcber dem Meer, Foto: Martin H\u00fclle&lt;\/p&gt;\n\" data-image-caption=\"\" data-large-file=\"https:\/\/www.martin-huelle.de\/blog\/wp-content\/uploads\/2022\/02\/ueber_dem_meer-1024x681.jpg\" role=\"button\" tabindex=\"0\" aria-label=\"Bild\u00a03 von 3 im Vollbildmodus \u00f6ffnen\"srcset=\"https:\/\/i1.wp.com\/www.martin-huelle.de\/blog\/wp-content\/uploads\/2022\/02\/ueber_dem_meer-1024x681.jpg?strip=info&#038;w=600&#038;ssl=1 600w,https:\/\/i1.wp.com\/www.martin-huelle.de\/blog\/wp-content\/uploads\/2022\/02\/ueber_dem_meer-1024x681.jpg?strip=info&#038;w=900&#038;ssl=1 900w,https:\/\/i1.wp.com\/www.martin-huelle.de\/blog\/wp-content\/uploads\/2022\/02\/ueber_dem_meer-1024x681.jpg?strip=info&#038;w=1200&#038;ssl=1 1200w,https:\/\/i1.wp.com\/www.martin-huelle.de\/blog\/wp-content\/uploads\/2022\/02\/ueber_dem_meer-1024x681.jpg?strip=info&#038;w=1500&#038;ssl=1 1500w,https:\/\/i1.wp.com\/www.martin-huelle.de\/blog\/wp-content\/uploads\/2022\/02\/ueber_dem_meer-1024x681.jpg?strip=info&#038;w=1800&#038;ssl=1 1800w,https:\/\/i1.wp.com\/www.martin-huelle.de\/blog\/wp-content\/uploads\/2022\/02\/ueber_dem_meer-1024x681.jpg?strip=info&#038;w=2000&#038;ssl=1 2000w\" alt=\"\u00dcber dem Meer, Foto: Martin H\u00fclle\" data-height=\"1337\" data-id=\"10328\" data-link=\"https:\/\/www.martin-huelle.de\/blog\/norwegen-rundreise-2011-5\/\" data-url=\"https:\/\/www.martin-huelle.de\/blog\/wp-content\/uploads\/2022\/02\/ueber_dem_meer-1024x681.jpg\" data-width=\"2010\" src=\"https:\/\/i1.wp.com\/www.martin-huelle.de\/blog\/wp-content\/uploads\/2022\/02\/ueber_dem_meer-1024x681.jpg?ssl=1\" data-amp-layout=\"responsive\"\/><\/figure><\/div><\/div><\/div><\/div>\n\n\n\n<p class=\"has-text-align-center\">\u2014<\/p>\n\n\n\n<p>Auf dem Weg zum Lysefjord durchqueren wir die Region J\u00e6ren. 600 Grabh\u00fcgel zeugen vom \u00e4ltesten Siedlungsgebiet des Landes. Uns lockt jedoch der Preikestolen, eine gut 600 Meter hohe scharfkantige Felskanzel, welche atemberaubend \u00fcber dem Fjordufer aufragt. Zahllose Wanderer nehmen den steinigen Pfad hinauf auf den &#8222;Predigtstuhl&#8220; Jahr f\u00fcr Jahr in Angriff, um einen k\u00fchnen Blick hinab zu wagen. Auch wir reihen uns ein \u2013 Nina tr\u00e4gt Selma in der Kindertrage auf dem R\u00fccken und ich schleppe die Fotoausr\u00fcstung und unsere Verpflegung f\u00fcr den Tag. Dabei l\u00e4sst der Lysefjord bei der tr\u00fcben Wetterlage jeglichen Liebreiz vermissen. Eint\u00f6nig und dunkel liegt der schmale Meeresarm tief unter uns. Ich bin entt\u00e4uscht und grummelig. Doch als wir schon wieder dabei sind abzusteigen, sehe ich aus dem Augenwinkel, wie jemand an der Felskante ausgelassen in die Luft springt. Schnell greife ich nach der Kamera und mache ein paar Fotos. Ein Bild ist okay \u2013 die Wanderung hat sich doch noch gelohnt!<\/p>\n\n\n\n<div class=\"wp-block-jetpack-tiled-gallery aligncenter is-style-rectangular\"><div class=\"tiled-gallery__gallery\"><div class=\"tiled-gallery__row\"><div class=\"tiled-gallery__col\" style=\"flex-basis:69.25609%\"><figure class=\"tiled-gallery__item\"><img decoding=\"async\" data-attachment-id=\"10330\" data-permalink=\"https:\/\/www.martin-huelle.de\/blog\/norwegen-rundreise-2011-6\/\" data-orig-file=\"https:\/\/www.martin-huelle.de\/blog\/wp-content\/uploads\/2022\/02\/berg_und_wald.jpg\" data-orig-size=\"2010,1337\" data-comments-opened=\"1\" data-image-meta=\"{&quot;aperture&quot;:&quot;11&quot;,&quot;credit&quot;:&quot;Martin H\\u00fclle&quot;,&quot;camera&quot;:&quot;NIKON D700&quot;,&quot;caption&quot;:&quot;&quot;,&quot;created_timestamp&quot;:&quot;1306593240&quot;,&quot;copyright&quot;:&quot;Martin H\\u00fclle, www.martin-huelle.de&quot;,&quot;focal_length&quot;:&quot;78&quot;,&quot;iso&quot;:&quot;400&quot;,&quot;shutter_speed&quot;:&quot;0.0025&quot;,&quot;title&quot;:&quot;Norwegen Rundreise 2011&quot;,&quot;orientation&quot;:&quot;1&quot;}\" data-image-title=\"Berg und Wald, Foto: Martin H\u00fclle\" data-image-description=\"&lt;p&gt;Berg und Wald, Foto: Martin H\u00fclle&lt;\/p&gt;\n\" data-image-caption=\"\" data-large-file=\"https:\/\/www.martin-huelle.de\/blog\/wp-content\/uploads\/2022\/02\/berg_und_wald-1024x681.jpg\" data-attachment-id=\"10330\" data-permalink=\"https:\/\/www.martin-huelle.de\/blog\/norwegen-rundreise-2011-6\/\" data-orig-file=\"https:\/\/www.martin-huelle.de\/blog\/wp-content\/uploads\/2022\/02\/berg_und_wald.jpg\" data-orig-size=\"2010,1337\" data-comments-opened=\"1\" data-image-meta=\"{&quot;aperture&quot;:&quot;11&quot;,&quot;credit&quot;:&quot;Martin H\\u00fclle&quot;,&quot;camera&quot;:&quot;NIKON D700&quot;,&quot;caption&quot;:&quot;&quot;,&quot;created_timestamp&quot;:&quot;1306593240&quot;,&quot;copyright&quot;:&quot;Martin H\\u00fclle, www.martin-huelle.de&quot;,&quot;focal_length&quot;:&quot;78&quot;,&quot;iso&quot;:&quot;400&quot;,&quot;shutter_speed&quot;:&quot;0.0025&quot;,&quot;title&quot;:&quot;Norwegen Rundreise 2011&quot;,&quot;orientation&quot;:&quot;1&quot;}\" data-image-title=\"Berg und Wald, Foto: Martin H\u00fclle\" data-image-description=\"&lt;p&gt;Berg und Wald, Foto: Martin H\u00fclle&lt;\/p&gt;\n\" data-image-caption=\"\" data-large-file=\"https:\/\/www.martin-huelle.de\/blog\/wp-content\/uploads\/2022\/02\/berg_und_wald-1024x681.jpg\" role=\"button\" tabindex=\"0\" aria-label=\"Bild\u00a01 von 2 im Vollbildmodus \u00f6ffnen\"srcset=\"https:\/\/i0.wp.com\/www.martin-huelle.de\/blog\/wp-content\/uploads\/2022\/02\/berg_und_wald-1024x681.jpg?strip=info&#038;w=600&#038;ssl=1 600w,https:\/\/i0.wp.com\/www.martin-huelle.de\/blog\/wp-content\/uploads\/2022\/02\/berg_und_wald-1024x681.jpg?strip=info&#038;w=900&#038;ssl=1 900w,https:\/\/i0.wp.com\/www.martin-huelle.de\/blog\/wp-content\/uploads\/2022\/02\/berg_und_wald-1024x681.jpg?strip=info&#038;w=1200&#038;ssl=1 1200w,https:\/\/i0.wp.com\/www.martin-huelle.de\/blog\/wp-content\/uploads\/2022\/02\/berg_und_wald-1024x681.jpg?strip=info&#038;w=1500&#038;ssl=1 1500w,https:\/\/i0.wp.com\/www.martin-huelle.de\/blog\/wp-content\/uploads\/2022\/02\/berg_und_wald-1024x681.jpg?strip=info&#038;w=1800&#038;ssl=1 1800w,https:\/\/i0.wp.com\/www.martin-huelle.de\/blog\/wp-content\/uploads\/2022\/02\/berg_und_wald-1024x681.jpg?strip=info&#038;w=2000&#038;ssl=1 2000w\" alt=\"Berg und Wald, Foto: Martin H\u00fclle\" data-height=\"1337\" data-id=\"10330\" data-link=\"https:\/\/www.martin-huelle.de\/blog\/norwegen-rundreise-2011-6\/\" data-url=\"https:\/\/www.martin-huelle.de\/blog\/wp-content\/uploads\/2022\/02\/berg_und_wald-1024x681.jpg\" data-width=\"2010\" src=\"https:\/\/i0.wp.com\/www.martin-huelle.de\/blog\/wp-content\/uploads\/2022\/02\/berg_und_wald-1024x681.jpg?ssl=1\" data-amp-layout=\"responsive\"\/><\/figure><\/div><div class=\"tiled-gallery__col\" style=\"flex-basis:30.74391%\"><figure class=\"tiled-gallery__item\"><img decoding=\"async\" data-attachment-id=\"10331\" data-permalink=\"https:\/\/www.martin-huelle.de\/blog\/norwegen-rundreise-2011-7\/\" data-orig-file=\"https:\/\/www.martin-huelle.de\/blog\/wp-content\/uploads\/2022\/02\/preikestolen.jpg\" data-orig-size=\"890,1337\" data-comments-opened=\"1\" data-image-meta=\"{&quot;aperture&quot;:&quot;16&quot;,&quot;credit&quot;:&quot;Martin H\\u00fclle&quot;,&quot;camera&quot;:&quot;NIKON D700&quot;,&quot;caption&quot;:&quot;&quot;,&quot;created_timestamp&quot;:&quot;1305989514&quot;,&quot;copyright&quot;:&quot;Martin H\\u00fclle, www.martin-huelle.de&quot;,&quot;focal_length&quot;:&quot;28&quot;,&quot;iso&quot;:&quot;400&quot;,&quot;shutter_speed&quot;:&quot;0.005&quot;,&quot;title&quot;:&quot;Norwegen Rundreise 2011&quot;,&quot;orientation&quot;:&quot;1&quot;}\" data-image-title=\"Preikestolen, Foto: Martin H\u00fclle\" data-image-description=\"&lt;p&gt;Preikestolen, Foto: Martin H\u00fclle&lt;\/p&gt;\n\" data-image-caption=\"\" data-large-file=\"https:\/\/www.martin-huelle.de\/blog\/wp-content\/uploads\/2022\/02\/preikestolen-682x1024.jpg\" data-attachment-id=\"10331\" data-permalink=\"https:\/\/www.martin-huelle.de\/blog\/norwegen-rundreise-2011-7\/\" data-orig-file=\"https:\/\/www.martin-huelle.de\/blog\/wp-content\/uploads\/2022\/02\/preikestolen.jpg\" data-orig-size=\"890,1337\" data-comments-opened=\"1\" data-image-meta=\"{&quot;aperture&quot;:&quot;16&quot;,&quot;credit&quot;:&quot;Martin H\\u00fclle&quot;,&quot;camera&quot;:&quot;NIKON D700&quot;,&quot;caption&quot;:&quot;&quot;,&quot;created_timestamp&quot;:&quot;1305989514&quot;,&quot;copyright&quot;:&quot;Martin H\\u00fclle, www.martin-huelle.de&quot;,&quot;focal_length&quot;:&quot;28&quot;,&quot;iso&quot;:&quot;400&quot;,&quot;shutter_speed&quot;:&quot;0.005&quot;,&quot;title&quot;:&quot;Norwegen Rundreise 2011&quot;,&quot;orientation&quot;:&quot;1&quot;}\" data-image-title=\"Preikestolen, Foto: Martin H\u00fclle\" data-image-description=\"&lt;p&gt;Preikestolen, Foto: Martin H\u00fclle&lt;\/p&gt;\n\" data-image-caption=\"\" data-large-file=\"https:\/\/www.martin-huelle.de\/blog\/wp-content\/uploads\/2022\/02\/preikestolen-682x1024.jpg\" role=\"button\" tabindex=\"0\" aria-label=\"Bild\u00a02 von 2 im Vollbildmodus \u00f6ffnen\"srcset=\"https:\/\/i0.wp.com\/www.martin-huelle.de\/blog\/wp-content\/uploads\/2022\/02\/preikestolen-682x1024.jpg?strip=info&#038;w=600&#038;ssl=1 600w,https:\/\/i0.wp.com\/www.martin-huelle.de\/blog\/wp-content\/uploads\/2022\/02\/preikestolen-682x1024.jpg?strip=info&#038;w=890&#038;ssl=1 890w\" alt=\"Preikestolen, Foto: Martin H\u00fclle\" data-height=\"1337\" data-id=\"10331\" data-link=\"https:\/\/www.martin-huelle.de\/blog\/norwegen-rundreise-2011-7\/\" data-url=\"https:\/\/www.martin-huelle.de\/blog\/wp-content\/uploads\/2022\/02\/preikestolen-682x1024.jpg\" data-width=\"890\" src=\"https:\/\/i0.wp.com\/www.martin-huelle.de\/blog\/wp-content\/uploads\/2022\/02\/preikestolen-682x1024.jpg?ssl=1\" data-amp-layout=\"responsive\"\/><\/figure><\/div><\/div><\/div><\/div>\n\n\n\n<p class=\"has-text-align-center\">\u2014<\/p>\n\n\n\n<p>Nach zwei Lichtblicken in Stavanger und dem beschaulichen Skudeneshavn \u2013 in Form eines liebevoll eingerichteten Caf\u00e9s und eines sonnigen Bummels durch das mit blitzwei\u00dfen Fassaden beeindruckende Fischerdorf \u2013 erwischt es uns am Hardangerfjord mit aller Macht: Es sch\u00fcttet wie aus K\u00fcbeln. Tagelang. Nach einer unruhigen Nacht auf einer mit Pf\u00fctzen \u00fcbers\u00e4ten Campingplatzwiese beziehen wir eine winzige H\u00fctte direkt am Ufer des Fjords. Wolkenschwaden h\u00fcllen die Berge ein, Wind kr\u00e4uselt das Wasser. Sobald ich in freier Wildbahn ein Foto machen will, sammeln sich ruckzuck unz\u00e4hlige Regentropfen auf der Linse. Eigentlich wollte ich viele Langzeitbelichtungen von Wasserf\u00e4llen und der Meeresk\u00fcste machen, doch das Wetter zwingt mich dazu, solche Ambitionen zu begraben und einfach zu nehmen, was kommt.<\/p>\n\n\n\n<div class=\"wp-block-jetpack-tiled-gallery aligncenter is-style-rectangular\"><div class=\"tiled-gallery__gallery\"><div class=\"tiled-gallery__row\"><div class=\"tiled-gallery__col\" style=\"flex-basis:50.00000%\"><figure class=\"tiled-gallery__item\"><img decoding=\"async\" data-attachment-id=\"10333\" data-permalink=\"https:\/\/www.martin-huelle.de\/blog\/norwegen-rundreise-2011-8\/\" data-orig-file=\"https:\/\/www.martin-huelle.de\/blog\/wp-content\/uploads\/2022\/02\/skudeneshavn.jpg\" data-orig-size=\"890,1337\" data-comments-opened=\"1\" data-image-meta=\"{&quot;aperture&quot;:&quot;16&quot;,&quot;credit&quot;:&quot;Martin H\\u00fclle&quot;,&quot;camera&quot;:&quot;NIKON D700&quot;,&quot;caption&quot;:&quot;&quot;,&quot;created_timestamp&quot;:&quot;1306090058&quot;,&quot;copyright&quot;:&quot;Martin H\\u00fclle, www.martin-huelle.de&quot;,&quot;focal_length&quot;:&quot;48&quot;,&quot;iso&quot;:&quot;200&quot;,&quot;shutter_speed&quot;:&quot;0.00625&quot;,&quot;title&quot;:&quot;Norwegen Rundreise 2011&quot;,&quot;orientation&quot;:&quot;1&quot;}\" data-image-title=\"Skudeneshavn, Foto: Martin H\u00fclle\" data-image-description=\"&lt;p&gt;Skudeneshavn, Foto: Martin H\u00fclle&lt;\/p&gt;\n\" data-image-caption=\"\" data-large-file=\"https:\/\/www.martin-huelle.de\/blog\/wp-content\/uploads\/2022\/02\/skudeneshavn-682x1024.jpg\" data-attachment-id=\"10333\" data-permalink=\"https:\/\/www.martin-huelle.de\/blog\/norwegen-rundreise-2011-8\/\" data-orig-file=\"https:\/\/www.martin-huelle.de\/blog\/wp-content\/uploads\/2022\/02\/skudeneshavn.jpg\" data-orig-size=\"890,1337\" data-comments-opened=\"1\" data-image-meta=\"{&quot;aperture&quot;:&quot;16&quot;,&quot;credit&quot;:&quot;Martin H\\u00fclle&quot;,&quot;camera&quot;:&quot;NIKON D700&quot;,&quot;caption&quot;:&quot;&quot;,&quot;created_timestamp&quot;:&quot;1306090058&quot;,&quot;copyright&quot;:&quot;Martin H\\u00fclle, www.martin-huelle.de&quot;,&quot;focal_length&quot;:&quot;48&quot;,&quot;iso&quot;:&quot;200&quot;,&quot;shutter_speed&quot;:&quot;0.00625&quot;,&quot;title&quot;:&quot;Norwegen Rundreise 2011&quot;,&quot;orientation&quot;:&quot;1&quot;}\" data-image-title=\"Skudeneshavn, Foto: Martin H\u00fclle\" data-image-description=\"&lt;p&gt;Skudeneshavn, Foto: Martin H\u00fclle&lt;\/p&gt;\n\" data-image-caption=\"\" data-large-file=\"https:\/\/www.martin-huelle.de\/blog\/wp-content\/uploads\/2022\/02\/skudeneshavn-682x1024.jpg\" role=\"button\" tabindex=\"0\" aria-label=\"Bild\u00a01 von 2 im Vollbildmodus \u00f6ffnen\"srcset=\"https:\/\/i1.wp.com\/www.martin-huelle.de\/blog\/wp-content\/uploads\/2022\/02\/skudeneshavn-682x1024.jpg?strip=info&#038;w=600&#038;ssl=1 600w,https:\/\/i1.wp.com\/www.martin-huelle.de\/blog\/wp-content\/uploads\/2022\/02\/skudeneshavn-682x1024.jpg?strip=info&#038;w=890&#038;ssl=1 890w\" alt=\"Skudeneshavn, Foto: Martin H\u00fclle\" data-height=\"1337\" data-id=\"10333\" data-link=\"https:\/\/www.martin-huelle.de\/blog\/norwegen-rundreise-2011-8\/\" data-url=\"https:\/\/www.martin-huelle.de\/blog\/wp-content\/uploads\/2022\/02\/skudeneshavn-682x1024.jpg\" data-width=\"890\" src=\"https:\/\/i1.wp.com\/www.martin-huelle.de\/blog\/wp-content\/uploads\/2022\/02\/skudeneshavn-682x1024.jpg?ssl=1\" data-amp-layout=\"responsive\"\/><\/figure><\/div><div class=\"tiled-gallery__col\" style=\"flex-basis:50.00000%\"><figure class=\"tiled-gallery__item\"><img decoding=\"async\" data-attachment-id=\"10334\" data-permalink=\"https:\/\/www.martin-huelle.de\/blog\/norwegen-rundreise-2011-9\/\" data-orig-file=\"https:\/\/www.martin-huelle.de\/blog\/wp-content\/uploads\/2022\/02\/tvindefossen.jpg\" data-orig-size=\"890,1337\" data-comments-opened=\"1\" data-image-meta=\"{&quot;aperture&quot;:&quot;22&quot;,&quot;credit&quot;:&quot;Martin H\\u00fclle&quot;,&quot;camera&quot;:&quot;NIKON D700&quot;,&quot;caption&quot;:&quot;&quot;,&quot;created_timestamp&quot;:&quot;1306509869&quot;,&quot;copyright&quot;:&quot;Martin H\\u00fclle, www.martin-huelle.de&quot;,&quot;focal_length&quot;:&quot;16&quot;,&quot;iso&quot;:&quot;0&quot;,&quot;shutter_speed&quot;:&quot;5&quot;,&quot;title&quot;:&quot;Norwegen Rundreise 2011&quot;,&quot;orientation&quot;:&quot;1&quot;}\" data-image-title=\"Tvindefossen, Foto: Martin H\u00fclle\" data-image-description=\"&lt;p&gt;Tvindefossen, Foto: Martin H\u00fclle&lt;\/p&gt;\n\" data-image-caption=\"\" data-large-file=\"https:\/\/www.martin-huelle.de\/blog\/wp-content\/uploads\/2022\/02\/tvindefossen-682x1024.jpg\" data-attachment-id=\"10334\" data-permalink=\"https:\/\/www.martin-huelle.de\/blog\/norwegen-rundreise-2011-9\/\" data-orig-file=\"https:\/\/www.martin-huelle.de\/blog\/wp-content\/uploads\/2022\/02\/tvindefossen.jpg\" data-orig-size=\"890,1337\" data-comments-opened=\"1\" data-image-meta=\"{&quot;aperture&quot;:&quot;22&quot;,&quot;credit&quot;:&quot;Martin H\\u00fclle&quot;,&quot;camera&quot;:&quot;NIKON D700&quot;,&quot;caption&quot;:&quot;&quot;,&quot;created_timestamp&quot;:&quot;1306509869&quot;,&quot;copyright&quot;:&quot;Martin H\\u00fclle, www.martin-huelle.de&quot;,&quot;focal_length&quot;:&quot;16&quot;,&quot;iso&quot;:&quot;0&quot;,&quot;shutter_speed&quot;:&quot;5&quot;,&quot;title&quot;:&quot;Norwegen Rundreise 2011&quot;,&quot;orientation&quot;:&quot;1&quot;}\" data-image-title=\"Tvindefossen, Foto: Martin H\u00fclle\" data-image-description=\"&lt;p&gt;Tvindefossen, Foto: Martin H\u00fclle&lt;\/p&gt;\n\" data-image-caption=\"\" data-large-file=\"https:\/\/www.martin-huelle.de\/blog\/wp-content\/uploads\/2022\/02\/tvindefossen-682x1024.jpg\" role=\"button\" tabindex=\"0\" aria-label=\"Bild\u00a02 von 2 im Vollbildmodus \u00f6ffnen\"srcset=\"https:\/\/i0.wp.com\/www.martin-huelle.de\/blog\/wp-content\/uploads\/2022\/02\/tvindefossen-682x1024.jpg?strip=info&#038;w=600&#038;ssl=1 600w,https:\/\/i0.wp.com\/www.martin-huelle.de\/blog\/wp-content\/uploads\/2022\/02\/tvindefossen-682x1024.jpg?strip=info&#038;w=890&#038;ssl=1 890w\" alt=\"Tvindefossen, Foto: Martin H\u00fclle\" data-height=\"1337\" data-id=\"10334\" data-link=\"https:\/\/www.martin-huelle.de\/blog\/norwegen-rundreise-2011-9\/\" data-url=\"https:\/\/www.martin-huelle.de\/blog\/wp-content\/uploads\/2022\/02\/tvindefossen-682x1024.jpg\" data-width=\"890\" src=\"https:\/\/i0.wp.com\/www.martin-huelle.de\/blog\/wp-content\/uploads\/2022\/02\/tvindefossen-682x1024.jpg?ssl=1\" data-amp-layout=\"responsive\"\/><\/figure><\/div><\/div><\/div><\/div>\n\n\n\n<p class=\"has-text-align-center\">\u2014<\/p>\n\n\n\n<p>Und es kommt noch viel. Auch wenn unsere Hoffnung, dass es in f\u00fcnf Wochen doch irgendwann mal besser werden m\u00fcsste, immer wieder entt\u00e4uscht wird, sehen und erleben wir das Land in seiner ganzen Vielfalt \u2013 Superlative eingeschlossen. Unsere weitere Route gen Norden s\u00e4umen die blau schimmernden Zungen des gr\u00f6\u00dften europ\u00e4ischen Festlandsgletschers, des Jostedalsbreen, oder auch die h\u00f6chste Seeklippe Skandinaviens, Hornelen. Mit der Zeit arrangieren wir uns auch mit dem Regen. Etwas Niesel nehmen wir kaum mehr wahr, freuen uns aber nat\u00fcrlich \u00fcber jeden Sonnenstrahl, der die Norwegerinnen selbst bei m\u00e4\u00dfigen zehn Grad Plus dazu verf\u00fchrt, nur mit Hotpants bekleidet \u00fcberraschend viel braune Haut zu zeigen.<\/p>\n\n\n\n<div class=\"wp-block-jetpack-tiled-gallery aligncenter is-style-rectangular\"><div class=\"tiled-gallery__gallery\"><div class=\"tiled-gallery__row\"><div class=\"tiled-gallery__col\" style=\"flex-basis:66.79649%\"><figure class=\"tiled-gallery__item\"><img decoding=\"async\" data-attachment-id=\"10336\" data-permalink=\"https:\/\/www.martin-huelle.de\/blog\/norwegen-rundreise-2011-10\/\" data-orig-file=\"https:\/\/www.martin-huelle.de\/blog\/wp-content\/uploads\/2022\/02\/ueber_dem_lustrafjord.jpg\" data-orig-size=\"2010,1337\" data-comments-opened=\"1\" data-image-meta=\"{&quot;aperture&quot;:&quot;5.6&quot;,&quot;credit&quot;:&quot;Martin H\\u00fclle&quot;,&quot;camera&quot;:&quot;NIKON D700&quot;,&quot;caption&quot;:&quot;&quot;,&quot;created_timestamp&quot;:&quot;1306678115&quot;,&quot;copyright&quot;:&quot;Martin H\\u00fclle, www.martin-huelle.de&quot;,&quot;focal_length&quot;:&quot;120&quot;,&quot;iso&quot;:&quot;400&quot;,&quot;shutter_speed&quot;:&quot;0.0005&quot;,&quot;title&quot;:&quot;Norwegen Rundreise 2011&quot;,&quot;orientation&quot;:&quot;1&quot;}\" data-image-title=\"\u00dcber dem Lustrafjord, Foto: Martin H\u00fclle\" data-image-description=\"&lt;p&gt;\u00dcber dem Lustrafjord, Foto: Martin H\u00fclle&lt;\/p&gt;\n\" data-image-caption=\"\" data-large-file=\"https:\/\/www.martin-huelle.de\/blog\/wp-content\/uploads\/2022\/02\/ueber_dem_lustrafjord-1024x681.jpg\" data-attachment-id=\"10336\" data-permalink=\"https:\/\/www.martin-huelle.de\/blog\/norwegen-rundreise-2011-10\/\" data-orig-file=\"https:\/\/www.martin-huelle.de\/blog\/wp-content\/uploads\/2022\/02\/ueber_dem_lustrafjord.jpg\" data-orig-size=\"2010,1337\" data-comments-opened=\"1\" data-image-meta=\"{&quot;aperture&quot;:&quot;5.6&quot;,&quot;credit&quot;:&quot;Martin H\\u00fclle&quot;,&quot;camera&quot;:&quot;NIKON D700&quot;,&quot;caption&quot;:&quot;&quot;,&quot;created_timestamp&quot;:&quot;1306678115&quot;,&quot;copyright&quot;:&quot;Martin H\\u00fclle, www.martin-huelle.de&quot;,&quot;focal_length&quot;:&quot;120&quot;,&quot;iso&quot;:&quot;400&quot;,&quot;shutter_speed&quot;:&quot;0.0005&quot;,&quot;title&quot;:&quot;Norwegen Rundreise 2011&quot;,&quot;orientation&quot;:&quot;1&quot;}\" data-image-title=\"\u00dcber dem Lustrafjord, Foto: Martin H\u00fclle\" data-image-description=\"&lt;p&gt;\u00dcber dem Lustrafjord, Foto: Martin H\u00fclle&lt;\/p&gt;\n\" data-image-caption=\"\" data-large-file=\"https:\/\/www.martin-huelle.de\/blog\/wp-content\/uploads\/2022\/02\/ueber_dem_lustrafjord-1024x681.jpg\" role=\"button\" tabindex=\"0\" aria-label=\"Bild\u00a01 von 3 im Vollbildmodus \u00f6ffnen\"srcset=\"https:\/\/i1.wp.com\/www.martin-huelle.de\/blog\/wp-content\/uploads\/2022\/02\/ueber_dem_lustrafjord-1024x681.jpg?strip=info&#038;w=600&#038;ssl=1 600w,https:\/\/i1.wp.com\/www.martin-huelle.de\/blog\/wp-content\/uploads\/2022\/02\/ueber_dem_lustrafjord-1024x681.jpg?strip=info&#038;w=900&#038;ssl=1 900w,https:\/\/i1.wp.com\/www.martin-huelle.de\/blog\/wp-content\/uploads\/2022\/02\/ueber_dem_lustrafjord-1024x681.jpg?strip=info&#038;w=1200&#038;ssl=1 1200w,https:\/\/i1.wp.com\/www.martin-huelle.de\/blog\/wp-content\/uploads\/2022\/02\/ueber_dem_lustrafjord-1024x681.jpg?strip=info&#038;w=1500&#038;ssl=1 1500w,https:\/\/i1.wp.com\/www.martin-huelle.de\/blog\/wp-content\/uploads\/2022\/02\/ueber_dem_lustrafjord-1024x681.jpg?strip=info&#038;w=1800&#038;ssl=1 1800w,https:\/\/i1.wp.com\/www.martin-huelle.de\/blog\/wp-content\/uploads\/2022\/02\/ueber_dem_lustrafjord-1024x681.jpg?strip=info&#038;w=2000&#038;ssl=1 2000w\" alt=\"\u00dcber dem Lustrafjord, Foto: Martin H\u00fclle\" data-height=\"1337\" data-id=\"10336\" data-link=\"https:\/\/www.martin-huelle.de\/blog\/norwegen-rundreise-2011-10\/\" data-url=\"https:\/\/www.martin-huelle.de\/blog\/wp-content\/uploads\/2022\/02\/ueber_dem_lustrafjord-1024x681.jpg\" data-width=\"2010\" src=\"https:\/\/i1.wp.com\/www.martin-huelle.de\/blog\/wp-content\/uploads\/2022\/02\/ueber_dem_lustrafjord-1024x681.jpg?ssl=1\" data-amp-layout=\"responsive\"\/><\/figure><\/div><div class=\"tiled-gallery__col\" style=\"flex-basis:33.20351%\"><figure class=\"tiled-gallery__item\"><img decoding=\"async\" data-attachment-id=\"10337\" data-permalink=\"https:\/\/www.martin-huelle.de\/blog\/norwegen-rundreise-2011-11\/\" data-orig-file=\"https:\/\/www.martin-huelle.de\/blog\/wp-content\/uploads\/2022\/02\/suphellebreen.jpg\" data-orig-size=\"2010,1337\" data-comments-opened=\"1\" data-image-meta=\"{&quot;aperture&quot;:&quot;11&quot;,&quot;credit&quot;:&quot;Martin H\\u00fclle&quot;,&quot;camera&quot;:&quot;NIKON D700&quot;,&quot;caption&quot;:&quot;&quot;,&quot;created_timestamp&quot;:&quot;1307113713&quot;,&quot;copyright&quot;:&quot;Martin H\\u00fclle, www.martin-huelle.de&quot;,&quot;focal_length&quot;:&quot;175&quot;,&quot;iso&quot;:&quot;400&quot;,&quot;shutter_speed&quot;:&quot;0.002&quot;,&quot;title&quot;:&quot;Norwegen Rundreise 2011&quot;,&quot;orientation&quot;:&quot;1&quot;}\" data-image-title=\"Suphellebreen, Foto: Martin H\u00fclle\" data-image-description=\"&lt;p&gt;Suphellebreen, Foto: Martin H\u00fclle&lt;\/p&gt;\n\" data-image-caption=\"\" data-large-file=\"https:\/\/www.martin-huelle.de\/blog\/wp-content\/uploads\/2022\/02\/suphellebreen-1024x681.jpg\" data-attachment-id=\"10337\" data-permalink=\"https:\/\/www.martin-huelle.de\/blog\/norwegen-rundreise-2011-11\/\" data-orig-file=\"https:\/\/www.martin-huelle.de\/blog\/wp-content\/uploads\/2022\/02\/suphellebreen.jpg\" data-orig-size=\"2010,1337\" data-comments-opened=\"1\" data-image-meta=\"{&quot;aperture&quot;:&quot;11&quot;,&quot;credit&quot;:&quot;Martin H\\u00fclle&quot;,&quot;camera&quot;:&quot;NIKON D700&quot;,&quot;caption&quot;:&quot;&quot;,&quot;created_timestamp&quot;:&quot;1307113713&quot;,&quot;copyright&quot;:&quot;Martin H\\u00fclle, www.martin-huelle.de&quot;,&quot;focal_length&quot;:&quot;175&quot;,&quot;iso&quot;:&quot;400&quot;,&quot;shutter_speed&quot;:&quot;0.002&quot;,&quot;title&quot;:&quot;Norwegen Rundreise 2011&quot;,&quot;orientation&quot;:&quot;1&quot;}\" data-image-title=\"Suphellebreen, Foto: Martin H\u00fclle\" data-image-description=\"&lt;p&gt;Suphellebreen, Foto: Martin H\u00fclle&lt;\/p&gt;\n\" data-image-caption=\"\" data-large-file=\"https:\/\/www.martin-huelle.de\/blog\/wp-content\/uploads\/2022\/02\/suphellebreen-1024x681.jpg\" role=\"button\" tabindex=\"0\" aria-label=\"Bild\u00a02 von 3 im Vollbildmodus \u00f6ffnen\"srcset=\"https:\/\/i2.wp.com\/www.martin-huelle.de\/blog\/wp-content\/uploads\/2022\/02\/suphellebreen-1024x681.jpg?strip=info&#038;w=600&#038;ssl=1 600w,https:\/\/i2.wp.com\/www.martin-huelle.de\/blog\/wp-content\/uploads\/2022\/02\/suphellebreen-1024x681.jpg?strip=info&#038;w=900&#038;ssl=1 900w,https:\/\/i2.wp.com\/www.martin-huelle.de\/blog\/wp-content\/uploads\/2022\/02\/suphellebreen-1024x681.jpg?strip=info&#038;w=1200&#038;ssl=1 1200w,https:\/\/i2.wp.com\/www.martin-huelle.de\/blog\/wp-content\/uploads\/2022\/02\/suphellebreen-1024x681.jpg?strip=info&#038;w=1500&#038;ssl=1 1500w,https:\/\/i2.wp.com\/www.martin-huelle.de\/blog\/wp-content\/uploads\/2022\/02\/suphellebreen-1024x681.jpg?strip=info&#038;w=1800&#038;ssl=1 1800w,https:\/\/i2.wp.com\/www.martin-huelle.de\/blog\/wp-content\/uploads\/2022\/02\/suphellebreen-1024x681.jpg?strip=info&#038;w=2000&#038;ssl=1 2000w\" alt=\"Suphellebreen, Foto: Martin H\u00fclle\" data-height=\"1337\" data-id=\"10337\" data-link=\"https:\/\/www.martin-huelle.de\/blog\/norwegen-rundreise-2011-11\/\" data-url=\"https:\/\/www.martin-huelle.de\/blog\/wp-content\/uploads\/2022\/02\/suphellebreen-1024x681.jpg\" data-width=\"2010\" src=\"https:\/\/i2.wp.com\/www.martin-huelle.de\/blog\/wp-content\/uploads\/2022\/02\/suphellebreen-1024x681.jpg?ssl=1\" data-amp-layout=\"responsive\"\/><\/figure><figure class=\"tiled-gallery__item\"><img decoding=\"async\" data-attachment-id=\"10338\" data-permalink=\"https:\/\/www.martin-huelle.de\/blog\/norwegen-rundreise-2011-12\/\" data-orig-file=\"https:\/\/www.martin-huelle.de\/blog\/wp-content\/uploads\/2022\/02\/hornelen.jpg\" data-orig-size=\"2010,1337\" data-comments-opened=\"1\" data-image-meta=\"{&quot;aperture&quot;:&quot;11&quot;,&quot;credit&quot;:&quot;Martin H\\u00fclle&quot;,&quot;camera&quot;:&quot;NIKON D700&quot;,&quot;caption&quot;:&quot;&quot;,&quot;created_timestamp&quot;:&quot;1307356479&quot;,&quot;copyright&quot;:&quot;Martin H\\u00fclle, www.martin-huelle.de&quot;,&quot;focal_length&quot;:&quot;38&quot;,&quot;iso&quot;:&quot;200&quot;,&quot;shutter_speed&quot;:&quot;0.02&quot;,&quot;title&quot;:&quot;Norwegen Rundreise 2011&quot;,&quot;orientation&quot;:&quot;1&quot;}\" data-image-title=\"Hornelen, Foto: Martin H\u00fclle\" data-image-description=\"&lt;p&gt;Hornelen, Foto: Martin H\u00fclle&lt;\/p&gt;\n\" data-image-caption=\"\" data-large-file=\"https:\/\/www.martin-huelle.de\/blog\/wp-content\/uploads\/2022\/02\/hornelen-1024x681.jpg\" data-attachment-id=\"10338\" data-permalink=\"https:\/\/www.martin-huelle.de\/blog\/norwegen-rundreise-2011-12\/\" data-orig-file=\"https:\/\/www.martin-huelle.de\/blog\/wp-content\/uploads\/2022\/02\/hornelen.jpg\" data-orig-size=\"2010,1337\" data-comments-opened=\"1\" data-image-meta=\"{&quot;aperture&quot;:&quot;11&quot;,&quot;credit&quot;:&quot;Martin H\\u00fclle&quot;,&quot;camera&quot;:&quot;NIKON D700&quot;,&quot;caption&quot;:&quot;&quot;,&quot;created_timestamp&quot;:&quot;1307356479&quot;,&quot;copyright&quot;:&quot;Martin H\\u00fclle, www.martin-huelle.de&quot;,&quot;focal_length&quot;:&quot;38&quot;,&quot;iso&quot;:&quot;200&quot;,&quot;shutter_speed&quot;:&quot;0.02&quot;,&quot;title&quot;:&quot;Norwegen Rundreise 2011&quot;,&quot;orientation&quot;:&quot;1&quot;}\" data-image-title=\"Hornelen, Foto: Martin H\u00fclle\" data-image-description=\"&lt;p&gt;Hornelen, Foto: Martin H\u00fclle&lt;\/p&gt;\n\" data-image-caption=\"\" data-large-file=\"https:\/\/www.martin-huelle.de\/blog\/wp-content\/uploads\/2022\/02\/hornelen-1024x681.jpg\" role=\"button\" tabindex=\"0\" aria-label=\"Bild\u00a03 von 3 im Vollbildmodus \u00f6ffnen\"srcset=\"https:\/\/i2.wp.com\/www.martin-huelle.de\/blog\/wp-content\/uploads\/2022\/02\/hornelen-1024x681.jpg?strip=info&#038;w=600&#038;ssl=1 600w,https:\/\/i2.wp.com\/www.martin-huelle.de\/blog\/wp-content\/uploads\/2022\/02\/hornelen-1024x681.jpg?strip=info&#038;w=900&#038;ssl=1 900w,https:\/\/i2.wp.com\/www.martin-huelle.de\/blog\/wp-content\/uploads\/2022\/02\/hornelen-1024x681.jpg?strip=info&#038;w=1200&#038;ssl=1 1200w,https:\/\/i2.wp.com\/www.martin-huelle.de\/blog\/wp-content\/uploads\/2022\/02\/hornelen-1024x681.jpg?strip=info&#038;w=1500&#038;ssl=1 1500w,https:\/\/i2.wp.com\/www.martin-huelle.de\/blog\/wp-content\/uploads\/2022\/02\/hornelen-1024x681.jpg?strip=info&#038;w=1800&#038;ssl=1 1800w,https:\/\/i2.wp.com\/www.martin-huelle.de\/blog\/wp-content\/uploads\/2022\/02\/hornelen-1024x681.jpg?strip=info&#038;w=2000&#038;ssl=1 2000w\" alt=\"Hornelen, Foto: Martin H\u00fclle\" data-height=\"1337\" data-id=\"10338\" data-link=\"https:\/\/www.martin-huelle.de\/blog\/norwegen-rundreise-2011-12\/\" data-url=\"https:\/\/www.martin-huelle.de\/blog\/wp-content\/uploads\/2022\/02\/hornelen-1024x681.jpg\" data-width=\"2010\" src=\"https:\/\/i2.wp.com\/www.martin-huelle.de\/blog\/wp-content\/uploads\/2022\/02\/hornelen-1024x681.jpg?ssl=1\" data-amp-layout=\"responsive\"\/><\/figure><\/div><\/div><\/div><\/div>\n\n\n\n<p class=\"has-text-align-center\">\u2014<\/p>\n\n\n\n<p>Die kleine Selma st\u00f6rt das miese Wetter am wenigsten. Nicht nur im Zelt ist sie in ihrem Element und wir immer auf Augenh\u00f6he. Das gef\u00e4llt ihr. Wir m\u00fcssen als Kletterger\u00fcst herhalten und unsere Fr\u00fchst\u00fccksbrote vor ihr verteidigen. Am nebelverhangenen Vestkapp strahlt sie \u00fcber beide Ohren, w\u00e4hrend wir mal wieder ungl\u00e4ubige Blicke ernten, als wir mit ihr bei Schmuddelwetter und einstelligen Temperaturen aus dem Auto steigen und komfortverw\u00f6hnten H\u00fcttenurlaubern begegnen.<\/p>\n\n\n\n<div class=\"wp-block-jetpack-tiled-gallery aligncenter is-style-rectangular\"><div class=\"tiled-gallery__gallery\"><div class=\"tiled-gallery__row\"><div class=\"tiled-gallery__col\" style=\"flex-basis:66.79649%\"><figure class=\"tiled-gallery__item\"><img decoding=\"async\" data-attachment-id=\"10340\" data-permalink=\"https:\/\/www.martin-huelle.de\/blog\/norwegen-rundreise-2011-13\/\" data-orig-file=\"https:\/\/www.martin-huelle.de\/blog\/wp-content\/uploads\/2022\/02\/am_vestkapp.jpg\" data-orig-size=\"2010,1337\" data-comments-opened=\"1\" data-image-meta=\"{&quot;aperture&quot;:&quot;5.6&quot;,&quot;credit&quot;:&quot;Martin H\\u00fclle&quot;,&quot;camera&quot;:&quot;NIKON D700&quot;,&quot;caption&quot;:&quot;&quot;,&quot;created_timestamp&quot;:&quot;1307451188&quot;,&quot;copyright&quot;:&quot;Martin H\\u00fclle, www.martin-huelle.de&quot;,&quot;focal_length&quot;:&quot;44&quot;,&quot;iso&quot;:&quot;400&quot;,&quot;shutter_speed&quot;:&quot;0.0015625&quot;,&quot;title&quot;:&quot;Norwegen Rundreise 2011&quot;,&quot;orientation&quot;:&quot;1&quot;}\" data-image-title=\"Am Vestkapp, Foto: Martin H\u00fclle\" data-image-description=\"&lt;p&gt;Am Vestkapp, Foto: Martin H\u00fclle&lt;\/p&gt;\n\" data-image-caption=\"\" data-large-file=\"https:\/\/www.martin-huelle.de\/blog\/wp-content\/uploads\/2022\/02\/am_vestkapp-1024x681.jpg\" data-attachment-id=\"10340\" data-permalink=\"https:\/\/www.martin-huelle.de\/blog\/norwegen-rundreise-2011-13\/\" data-orig-file=\"https:\/\/www.martin-huelle.de\/blog\/wp-content\/uploads\/2022\/02\/am_vestkapp.jpg\" data-orig-size=\"2010,1337\" data-comments-opened=\"1\" data-image-meta=\"{&quot;aperture&quot;:&quot;5.6&quot;,&quot;credit&quot;:&quot;Martin H\\u00fclle&quot;,&quot;camera&quot;:&quot;NIKON D700&quot;,&quot;caption&quot;:&quot;&quot;,&quot;created_timestamp&quot;:&quot;1307451188&quot;,&quot;copyright&quot;:&quot;Martin H\\u00fclle, www.martin-huelle.de&quot;,&quot;focal_length&quot;:&quot;44&quot;,&quot;iso&quot;:&quot;400&quot;,&quot;shutter_speed&quot;:&quot;0.0015625&quot;,&quot;title&quot;:&quot;Norwegen Rundreise 2011&quot;,&quot;orientation&quot;:&quot;1&quot;}\" data-image-title=\"Am Vestkapp, Foto: Martin H\u00fclle\" data-image-description=\"&lt;p&gt;Am Vestkapp, Foto: Martin H\u00fclle&lt;\/p&gt;\n\" data-image-caption=\"\" data-large-file=\"https:\/\/www.martin-huelle.de\/blog\/wp-content\/uploads\/2022\/02\/am_vestkapp-1024x681.jpg\" role=\"button\" tabindex=\"0\" aria-label=\"Bild\u00a01 von 3 im Vollbildmodus \u00f6ffnen\"srcset=\"https:\/\/i2.wp.com\/www.martin-huelle.de\/blog\/wp-content\/uploads\/2022\/02\/am_vestkapp-1024x681.jpg?strip=info&#038;w=600&#038;ssl=1 600w,https:\/\/i2.wp.com\/www.martin-huelle.de\/blog\/wp-content\/uploads\/2022\/02\/am_vestkapp-1024x681.jpg?strip=info&#038;w=900&#038;ssl=1 900w,https:\/\/i2.wp.com\/www.martin-huelle.de\/blog\/wp-content\/uploads\/2022\/02\/am_vestkapp-1024x681.jpg?strip=info&#038;w=1200&#038;ssl=1 1200w,https:\/\/i2.wp.com\/www.martin-huelle.de\/blog\/wp-content\/uploads\/2022\/02\/am_vestkapp-1024x681.jpg?strip=info&#038;w=1500&#038;ssl=1 1500w,https:\/\/i2.wp.com\/www.martin-huelle.de\/blog\/wp-content\/uploads\/2022\/02\/am_vestkapp-1024x681.jpg?strip=info&#038;w=1800&#038;ssl=1 1800w,https:\/\/i2.wp.com\/www.martin-huelle.de\/blog\/wp-content\/uploads\/2022\/02\/am_vestkapp-1024x681.jpg?strip=info&#038;w=2000&#038;ssl=1 2000w\" alt=\"Am Vestkapp, Foto: Martin H\u00fclle\" data-height=\"1337\" data-id=\"10340\" data-link=\"https:\/\/www.martin-huelle.de\/blog\/norwegen-rundreise-2011-13\/\" data-url=\"https:\/\/www.martin-huelle.de\/blog\/wp-content\/uploads\/2022\/02\/am_vestkapp-1024x681.jpg\" data-width=\"2010\" src=\"https:\/\/i2.wp.com\/www.martin-huelle.de\/blog\/wp-content\/uploads\/2022\/02\/am_vestkapp-1024x681.jpg?ssl=1\" data-amp-layout=\"responsive\"\/><\/figure><\/div><div class=\"tiled-gallery__col\" style=\"flex-basis:33.20351%\"><figure class=\"tiled-gallery__item\"><img decoding=\"async\" data-attachment-id=\"10341\" data-permalink=\"https:\/\/www.martin-huelle.de\/blog\/norwegen-rundreise-2011-14\/\" data-orig-file=\"https:\/\/www.martin-huelle.de\/blog\/wp-content\/uploads\/2022\/02\/made_in_norway.jpg\" data-orig-size=\"2010,1337\" data-comments-opened=\"1\" data-image-meta=\"{&quot;aperture&quot;:&quot;8&quot;,&quot;credit&quot;:&quot;Martin H\\u00fclle&quot;,&quot;camera&quot;:&quot;NIKON D700&quot;,&quot;caption&quot;:&quot;&quot;,&quot;created_timestamp&quot;:&quot;1307286493&quot;,&quot;copyright&quot;:&quot;Martin H\\u00fclle, www.martin-huelle.de&quot;,&quot;focal_length&quot;:&quot;75&quot;,&quot;iso&quot;:&quot;200&quot;,&quot;shutter_speed&quot;:&quot;0.0125&quot;,&quot;title&quot;:&quot;Norwegen Rundreise 2011&quot;,&quot;orientation&quot;:&quot;1&quot;}\" data-image-title=\"Made in Norway, Foto: Martin H\u00fclle\" data-image-description=\"&lt;p&gt;Made in Norway, Foto: Martin H\u00fclle&lt;\/p&gt;\n\" data-image-caption=\"\" data-large-file=\"https:\/\/www.martin-huelle.de\/blog\/wp-content\/uploads\/2022\/02\/made_in_norway-1024x681.jpg\" data-attachment-id=\"10341\" data-permalink=\"https:\/\/www.martin-huelle.de\/blog\/norwegen-rundreise-2011-14\/\" data-orig-file=\"https:\/\/www.martin-huelle.de\/blog\/wp-content\/uploads\/2022\/02\/made_in_norway.jpg\" data-orig-size=\"2010,1337\" data-comments-opened=\"1\" data-image-meta=\"{&quot;aperture&quot;:&quot;8&quot;,&quot;credit&quot;:&quot;Martin H\\u00fclle&quot;,&quot;camera&quot;:&quot;NIKON D700&quot;,&quot;caption&quot;:&quot;&quot;,&quot;created_timestamp&quot;:&quot;1307286493&quot;,&quot;copyright&quot;:&quot;Martin H\\u00fclle, www.martin-huelle.de&quot;,&quot;focal_length&quot;:&quot;75&quot;,&quot;iso&quot;:&quot;200&quot;,&quot;shutter_speed&quot;:&quot;0.0125&quot;,&quot;title&quot;:&quot;Norwegen Rundreise 2011&quot;,&quot;orientation&quot;:&quot;1&quot;}\" data-image-title=\"Made in Norway, Foto: Martin H\u00fclle\" data-image-description=\"&lt;p&gt;Made in Norway, Foto: Martin H\u00fclle&lt;\/p&gt;\n\" data-image-caption=\"\" data-large-file=\"https:\/\/www.martin-huelle.de\/blog\/wp-content\/uploads\/2022\/02\/made_in_norway-1024x681.jpg\" role=\"button\" tabindex=\"0\" aria-label=\"Bild\u00a02 von 3 im Vollbildmodus \u00f6ffnen\"srcset=\"https:\/\/i0.wp.com\/www.martin-huelle.de\/blog\/wp-content\/uploads\/2022\/02\/made_in_norway-1024x681.jpg?strip=info&#038;w=600&#038;ssl=1 600w,https:\/\/i0.wp.com\/www.martin-huelle.de\/blog\/wp-content\/uploads\/2022\/02\/made_in_norway-1024x681.jpg?strip=info&#038;w=900&#038;ssl=1 900w,https:\/\/i0.wp.com\/www.martin-huelle.de\/blog\/wp-content\/uploads\/2022\/02\/made_in_norway-1024x681.jpg?strip=info&#038;w=1200&#038;ssl=1 1200w,https:\/\/i0.wp.com\/www.martin-huelle.de\/blog\/wp-content\/uploads\/2022\/02\/made_in_norway-1024x681.jpg?strip=info&#038;w=1500&#038;ssl=1 1500w,https:\/\/i0.wp.com\/www.martin-huelle.de\/blog\/wp-content\/uploads\/2022\/02\/made_in_norway-1024x681.jpg?strip=info&#038;w=1800&#038;ssl=1 1800w,https:\/\/i0.wp.com\/www.martin-huelle.de\/blog\/wp-content\/uploads\/2022\/02\/made_in_norway-1024x681.jpg?strip=info&#038;w=2000&#038;ssl=1 2000w\" alt=\"Made in Norway, Foto: Martin H\u00fclle\" data-height=\"1337\" data-id=\"10341\" data-link=\"https:\/\/www.martin-huelle.de\/blog\/norwegen-rundreise-2011-14\/\" data-url=\"https:\/\/www.martin-huelle.de\/blog\/wp-content\/uploads\/2022\/02\/made_in_norway-1024x681.jpg\" data-width=\"2010\" src=\"https:\/\/i0.wp.com\/www.martin-huelle.de\/blog\/wp-content\/uploads\/2022\/02\/made_in_norway-1024x681.jpg?ssl=1\" data-amp-layout=\"responsive\"\/><\/figure><figure class=\"tiled-gallery__item\"><img decoding=\"async\" data-attachment-id=\"10342\" data-permalink=\"https:\/\/www.martin-huelle.de\/blog\/norwegen-rundreise-2011-15\/\" data-orig-file=\"https:\/\/www.martin-huelle.de\/blog\/wp-content\/uploads\/2022\/02\/im_waschbecken.jpg\" data-orig-size=\"2010,1337\" data-comments-opened=\"1\" data-image-meta=\"{&quot;aperture&quot;:&quot;11&quot;,&quot;credit&quot;:&quot;Martin H\\u00fclle&quot;,&quot;camera&quot;:&quot;NIKON D700&quot;,&quot;caption&quot;:&quot;&quot;,&quot;created_timestamp&quot;:&quot;1306424114&quot;,&quot;copyright&quot;:&quot;Martin H\\u00fclle, www.martin-huelle.de&quot;,&quot;focal_length&quot;:&quot;66&quot;,&quot;iso&quot;:&quot;800&quot;,&quot;shutter_speed&quot;:&quot;0.01&quot;,&quot;title&quot;:&quot;Norwegen Rundreise 2011&quot;,&quot;orientation&quot;:&quot;1&quot;}\" data-image-title=\"Im Waschbecken, Foto: Martin H\u00fclle\" data-image-description=\"&lt;p&gt;Im Waschbecken, Foto: Martin H\u00fclle&lt;\/p&gt;\n\" data-image-caption=\"\" data-large-file=\"https:\/\/www.martin-huelle.de\/blog\/wp-content\/uploads\/2022\/02\/im_waschbecken-1024x681.jpg\" data-attachment-id=\"10342\" data-permalink=\"https:\/\/www.martin-huelle.de\/blog\/norwegen-rundreise-2011-15\/\" data-orig-file=\"https:\/\/www.martin-huelle.de\/blog\/wp-content\/uploads\/2022\/02\/im_waschbecken.jpg\" data-orig-size=\"2010,1337\" data-comments-opened=\"1\" data-image-meta=\"{&quot;aperture&quot;:&quot;11&quot;,&quot;credit&quot;:&quot;Martin H\\u00fclle&quot;,&quot;camera&quot;:&quot;NIKON D700&quot;,&quot;caption&quot;:&quot;&quot;,&quot;created_timestamp&quot;:&quot;1306424114&quot;,&quot;copyright&quot;:&quot;Martin H\\u00fclle, www.martin-huelle.de&quot;,&quot;focal_length&quot;:&quot;66&quot;,&quot;iso&quot;:&quot;800&quot;,&quot;shutter_speed&quot;:&quot;0.01&quot;,&quot;title&quot;:&quot;Norwegen Rundreise 2011&quot;,&quot;orientation&quot;:&quot;1&quot;}\" data-image-title=\"Im Waschbecken, Foto: Martin H\u00fclle\" data-image-description=\"&lt;p&gt;Im Waschbecken, Foto: Martin H\u00fclle&lt;\/p&gt;\n\" data-image-caption=\"\" data-large-file=\"https:\/\/www.martin-huelle.de\/blog\/wp-content\/uploads\/2022\/02\/im_waschbecken-1024x681.jpg\" role=\"button\" tabindex=\"0\" aria-label=\"Bild\u00a03 von 3 im Vollbildmodus \u00f6ffnen\"srcset=\"https:\/\/i1.wp.com\/www.martin-huelle.de\/blog\/wp-content\/uploads\/2022\/02\/im_waschbecken-1024x681.jpg?strip=info&#038;w=600&#038;ssl=1 600w,https:\/\/i1.wp.com\/www.martin-huelle.de\/blog\/wp-content\/uploads\/2022\/02\/im_waschbecken-1024x681.jpg?strip=info&#038;w=900&#038;ssl=1 900w,https:\/\/i1.wp.com\/www.martin-huelle.de\/blog\/wp-content\/uploads\/2022\/02\/im_waschbecken-1024x681.jpg?strip=info&#038;w=1200&#038;ssl=1 1200w,https:\/\/i1.wp.com\/www.martin-huelle.de\/blog\/wp-content\/uploads\/2022\/02\/im_waschbecken-1024x681.jpg?strip=info&#038;w=1500&#038;ssl=1 1500w,https:\/\/i1.wp.com\/www.martin-huelle.de\/blog\/wp-content\/uploads\/2022\/02\/im_waschbecken-1024x681.jpg?strip=info&#038;w=1800&#038;ssl=1 1800w,https:\/\/i1.wp.com\/www.martin-huelle.de\/blog\/wp-content\/uploads\/2022\/02\/im_waschbecken-1024x681.jpg?strip=info&#038;w=2000&#038;ssl=1 2000w\" alt=\"Im Waschbecken, Foto: Martin H\u00fclle\" data-height=\"1337\" data-id=\"10342\" data-link=\"https:\/\/www.martin-huelle.de\/blog\/norwegen-rundreise-2011-15\/\" data-url=\"https:\/\/www.martin-huelle.de\/blog\/wp-content\/uploads\/2022\/02\/im_waschbecken-1024x681.jpg\" data-width=\"2010\" src=\"https:\/\/i1.wp.com\/www.martin-huelle.de\/blog\/wp-content\/uploads\/2022\/02\/im_waschbecken-1024x681.jpg?ssl=1\" data-amp-layout=\"responsive\"\/><\/figure><\/div><\/div><\/div><\/div>\n\n\n\n<p class=\"has-text-align-center\">\u2014<\/p>\n\n\n\n<p>Im Laufe der Zeit bleibt mir als Fotograf nur die M\u00f6glichkeit, den Ist-Zustand zu dokumentieren und mich auf die Suche nach ganz anderen als den vorgestellten Motiven zu machen. Mit jedem weiteren tr\u00fcben Tag, der mir zu Beginn der Reise aufs Gem\u00fct schlug, werde ich gelassener und nehme die Lage als gegeben hin \u2013 ob nun an der Sch\u00e4ren \u00fcberspannenden Atlantikstra\u00dfe, den engen Serpentinen des Trollstigen oder all den vielen weiteren Mosaiksteinen, welche unsere Reise zu einem besonderen Erlebnis machen.<\/p>\n\n\n\n<div class=\"wp-block-jetpack-tiled-gallery aligncenter is-style-rectangular\"><div class=\"tiled-gallery__gallery\"><div class=\"tiled-gallery__row\"><div class=\"tiled-gallery__col\" style=\"flex-basis:50.00000%\"><figure class=\"tiled-gallery__item\"><img decoding=\"async\" data-attachment-id=\"10344\" data-permalink=\"https:\/\/www.martin-huelle.de\/blog\/norwegen-rundreise-2011-16\/\" data-orig-file=\"https:\/\/www.martin-huelle.de\/blog\/wp-content\/uploads\/2022\/02\/ein_stuhl.jpg\" data-orig-size=\"2010,1337\" data-comments-opened=\"1\" data-image-meta=\"{&quot;aperture&quot;:&quot;5.6&quot;,&quot;credit&quot;:&quot;Martin H\\u00fclle&quot;,&quot;camera&quot;:&quot;NIKON D700&quot;,&quot;caption&quot;:&quot;&quot;,&quot;created_timestamp&quot;:&quot;1307730561&quot;,&quot;copyright&quot;:&quot;Martin H\\u00fclle, www.martin-huelle.de&quot;,&quot;focal_length&quot;:&quot;34&quot;,&quot;iso&quot;:&quot;400&quot;,&quot;shutter_speed&quot;:&quot;0.00125&quot;,&quot;title&quot;:&quot;Norwegen Rundreise 2011&quot;,&quot;orientation&quot;:&quot;1&quot;}\" data-image-title=\"Ein Stuhl, Foto: Martin H\u00fclle\" data-image-description=\"&lt;p&gt;Ein Stuhl, Foto: Martin H\u00fclle&lt;\/p&gt;\n\" data-image-caption=\"\" data-large-file=\"https:\/\/www.martin-huelle.de\/blog\/wp-content\/uploads\/2022\/02\/ein_stuhl-1024x681.jpg\" data-attachment-id=\"10344\" data-permalink=\"https:\/\/www.martin-huelle.de\/blog\/norwegen-rundreise-2011-16\/\" data-orig-file=\"https:\/\/www.martin-huelle.de\/blog\/wp-content\/uploads\/2022\/02\/ein_stuhl.jpg\" data-orig-size=\"2010,1337\" data-comments-opened=\"1\" data-image-meta=\"{&quot;aperture&quot;:&quot;5.6&quot;,&quot;credit&quot;:&quot;Martin H\\u00fclle&quot;,&quot;camera&quot;:&quot;NIKON D700&quot;,&quot;caption&quot;:&quot;&quot;,&quot;created_timestamp&quot;:&quot;1307730561&quot;,&quot;copyright&quot;:&quot;Martin H\\u00fclle, www.martin-huelle.de&quot;,&quot;focal_length&quot;:&quot;34&quot;,&quot;iso&quot;:&quot;400&quot;,&quot;shutter_speed&quot;:&quot;0.00125&quot;,&quot;title&quot;:&quot;Norwegen Rundreise 2011&quot;,&quot;orientation&quot;:&quot;1&quot;}\" data-image-title=\"Ein Stuhl, Foto: Martin H\u00fclle\" data-image-description=\"&lt;p&gt;Ein Stuhl, Foto: Martin H\u00fclle&lt;\/p&gt;\n\" data-image-caption=\"\" data-large-file=\"https:\/\/www.martin-huelle.de\/blog\/wp-content\/uploads\/2022\/02\/ein_stuhl-1024x681.jpg\" role=\"button\" tabindex=\"0\" aria-label=\"Bild\u00a01 von 2 im Vollbildmodus \u00f6ffnen\"srcset=\"https:\/\/i2.wp.com\/www.martin-huelle.de\/blog\/wp-content\/uploads\/2022\/02\/ein_stuhl-1024x681.jpg?strip=info&#038;w=600&#038;ssl=1 600w,https:\/\/i2.wp.com\/www.martin-huelle.de\/blog\/wp-content\/uploads\/2022\/02\/ein_stuhl-1024x681.jpg?strip=info&#038;w=900&#038;ssl=1 900w,https:\/\/i2.wp.com\/www.martin-huelle.de\/blog\/wp-content\/uploads\/2022\/02\/ein_stuhl-1024x681.jpg?strip=info&#038;w=1200&#038;ssl=1 1200w,https:\/\/i2.wp.com\/www.martin-huelle.de\/blog\/wp-content\/uploads\/2022\/02\/ein_stuhl-1024x681.jpg?strip=info&#038;w=1500&#038;ssl=1 1500w,https:\/\/i2.wp.com\/www.martin-huelle.de\/blog\/wp-content\/uploads\/2022\/02\/ein_stuhl-1024x681.jpg?strip=info&#038;w=1800&#038;ssl=1 1800w,https:\/\/i2.wp.com\/www.martin-huelle.de\/blog\/wp-content\/uploads\/2022\/02\/ein_stuhl-1024x681.jpg?strip=info&#038;w=2000&#038;ssl=1 2000w\" alt=\"Ein Stuhl, Foto: Martin H\u00fclle\" data-height=\"1337\" data-id=\"10344\" data-link=\"https:\/\/www.martin-huelle.de\/blog\/norwegen-rundreise-2011-16\/\" data-url=\"https:\/\/www.martin-huelle.de\/blog\/wp-content\/uploads\/2022\/02\/ein_stuhl-1024x681.jpg\" data-width=\"2010\" src=\"https:\/\/i2.wp.com\/www.martin-huelle.de\/blog\/wp-content\/uploads\/2022\/02\/ein_stuhl-1024x681.jpg?ssl=1\" data-amp-layout=\"responsive\"\/><\/figure><\/div><div class=\"tiled-gallery__col\" style=\"flex-basis:50.00000%\"><figure class=\"tiled-gallery__item\"><img decoding=\"async\" data-attachment-id=\"10345\" data-permalink=\"https:\/\/www.martin-huelle.de\/blog\/norwegen-rundreise-2011-17\/\" data-orig-file=\"https:\/\/www.martin-huelle.de\/blog\/wp-content\/uploads\/2022\/02\/gipfel_der_trollwand.jpg\" data-orig-size=\"2010,1337\" data-comments-opened=\"1\" data-image-meta=\"{&quot;aperture&quot;:&quot;11&quot;,&quot;credit&quot;:&quot;Martin H\\u00fclle&quot;,&quot;camera&quot;:&quot;NIKON D700&quot;,&quot;caption&quot;:&quot;&quot;,&quot;created_timestamp&quot;:&quot;1307962905&quot;,&quot;copyright&quot;:&quot;Martin H\\u00fclle, www.martin-huelle.de&quot;,&quot;focal_length&quot;:&quot;95&quot;,&quot;iso&quot;:&quot;400&quot;,&quot;shutter_speed&quot;:&quot;0.002&quot;,&quot;title&quot;:&quot;Norwegen Rundreise 2011&quot;,&quot;orientation&quot;:&quot;1&quot;}\" data-image-title=\"Gipfel der Trollwand, Foto: Martin H\u00fclle\" data-image-description=\"&lt;p&gt;Gipfel der Trollwand, Foto: Martin H\u00fclle&lt;\/p&gt;\n\" data-image-caption=\"\" data-large-file=\"https:\/\/www.martin-huelle.de\/blog\/wp-content\/uploads\/2022\/02\/gipfel_der_trollwand-1024x681.jpg\" data-attachment-id=\"10345\" data-permalink=\"https:\/\/www.martin-huelle.de\/blog\/norwegen-rundreise-2011-17\/\" data-orig-file=\"https:\/\/www.martin-huelle.de\/blog\/wp-content\/uploads\/2022\/02\/gipfel_der_trollwand.jpg\" data-orig-size=\"2010,1337\" data-comments-opened=\"1\" data-image-meta=\"{&quot;aperture&quot;:&quot;11&quot;,&quot;credit&quot;:&quot;Martin H\\u00fclle&quot;,&quot;camera&quot;:&quot;NIKON D700&quot;,&quot;caption&quot;:&quot;&quot;,&quot;created_timestamp&quot;:&quot;1307962905&quot;,&quot;copyright&quot;:&quot;Martin H\\u00fclle, www.martin-huelle.de&quot;,&quot;focal_length&quot;:&quot;95&quot;,&quot;iso&quot;:&quot;400&quot;,&quot;shutter_speed&quot;:&quot;0.002&quot;,&quot;title&quot;:&quot;Norwegen Rundreise 2011&quot;,&quot;orientation&quot;:&quot;1&quot;}\" data-image-title=\"Gipfel der Trollwand, Foto: Martin H\u00fclle\" data-image-description=\"&lt;p&gt;Gipfel der Trollwand, Foto: Martin H\u00fclle&lt;\/p&gt;\n\" data-image-caption=\"\" data-large-file=\"https:\/\/www.martin-huelle.de\/blog\/wp-content\/uploads\/2022\/02\/gipfel_der_trollwand-1024x681.jpg\" role=\"button\" tabindex=\"0\" aria-label=\"Bild\u00a02 von 2 im Vollbildmodus \u00f6ffnen\"srcset=\"https:\/\/i0.wp.com\/www.martin-huelle.de\/blog\/wp-content\/uploads\/2022\/02\/gipfel_der_trollwand-1024x681.jpg?strip=info&#038;w=600&#038;ssl=1 600w,https:\/\/i0.wp.com\/www.martin-huelle.de\/blog\/wp-content\/uploads\/2022\/02\/gipfel_der_trollwand-1024x681.jpg?strip=info&#038;w=900&#038;ssl=1 900w,https:\/\/i0.wp.com\/www.martin-huelle.de\/blog\/wp-content\/uploads\/2022\/02\/gipfel_der_trollwand-1024x681.jpg?strip=info&#038;w=1200&#038;ssl=1 1200w,https:\/\/i0.wp.com\/www.martin-huelle.de\/blog\/wp-content\/uploads\/2022\/02\/gipfel_der_trollwand-1024x681.jpg?strip=info&#038;w=1500&#038;ssl=1 1500w,https:\/\/i0.wp.com\/www.martin-huelle.de\/blog\/wp-content\/uploads\/2022\/02\/gipfel_der_trollwand-1024x681.jpg?strip=info&#038;w=1800&#038;ssl=1 1800w,https:\/\/i0.wp.com\/www.martin-huelle.de\/blog\/wp-content\/uploads\/2022\/02\/gipfel_der_trollwand-1024x681.jpg?strip=info&#038;w=2000&#038;ssl=1 2000w\" alt=\"Gipfel der Trollwand, Foto: Martin H\u00fclle\" data-height=\"1337\" data-id=\"10345\" data-link=\"https:\/\/www.martin-huelle.de\/blog\/norwegen-rundreise-2011-17\/\" data-url=\"https:\/\/www.martin-huelle.de\/blog\/wp-content\/uploads\/2022\/02\/gipfel_der_trollwand-1024x681.jpg\" data-width=\"2010\" src=\"https:\/\/i0.wp.com\/www.martin-huelle.de\/blog\/wp-content\/uploads\/2022\/02\/gipfel_der_trollwand-1024x681.jpg?ssl=1\" data-amp-layout=\"responsive\"\/><\/figure><\/div><\/div><\/div><\/div>\n\n\n\n<p class=\"has-text-align-center\">\u2014<\/p>\n\n\n\n<p>Ein letztes Mal setzen uns die Wetterkapriolen bei der R\u00fcckreise in den S\u00fcden zu. Norwegens Hauptverkehrsader, die E6, ist \u00fcberflutet und gesperrt. Die Nachricht schafft es sogar in deutsche Medien und wir m\u00fcssen uns einen alternativen Weg \u00fcber rumpelige Schotterpisten bahnen.<\/p>\n\n\n\n<p><strong>Die Reiseroute<\/strong><br>Kristiansand \u2013 Kap Lindesnes \u2013 Eiger\u00f8ya \u2013 Lysefjord und Preikestolen \u2013 Stavanger \u2013 Skudeneshavn \u2013 Hardangerfjord \u2013 Bergen \u2013 Aurlandsfjord \u2013 Lustrafjord \u2013 Jostedalen \u2013 Solvorn \u2013 Fj\u00e6rland \u2013 Flor\u00f8 \u2013 Bremangerlandet \u2013 V\u00e5gs\u00f8y \u2013 Stadlandet \u2013 Westkapp \u2013 \u00c5lesund \u2013 Atlantikstra\u00dfe \u2013 Molde \u2013 Trollstigen \u2013 Romsdalen \u2013 Valdres \u2013 Oslo \u2013 Kristiansand<\/p>\n\n\n\n<p><a href=\"https:\/\/www.martin-huelle.de\/blog\/ueber-mich\/reisen-und-touren\/\">&gt; Reisen und Touren<\/a><\/p>\n\n\n\n<p class=\"has-text-align-center\">\u2014<\/p>\n\n\n\n<p class=\"has-text-align-center\"><em>Dir&nbsp;<\/em><em>gef\u00e4llt mein Blog oder Du m\u00f6chtest meine Arbeit unterst\u00fctzen?<\/em>&nbsp;<em>Dann&nbsp;<a href=\"https:\/\/www.paypal.com\/paypalme\/martinhuellefotograf\" target=\"_blank\" rel=\"noreferrer noopener\">spendiere mir einen Kaffee<\/a>&nbsp;:-)<\/em><\/p>\n<div class=\"shariff shariff-align-left shariff-widget-align-left\"><ul class=\"shariff-buttons theme-white orientation-horizontal buttonsize-small\"><li class=\"shariff-button facebook shariff-nocustomcolor\" style=\"background-color:#4273c8\"><a href=\"https:\/\/www.facebook.com\/sharer\/sharer.php?u=https%3A%2F%2Fwww.martin-huelle.de%2Fblog%2Fschlechtes-wetter-kein-problem%2F\" title=\"Bei Facebook teilen\" aria-label=\"Bei Facebook teilen\" role=\"button\" rel=\"nofollow\" class=\"shariff-link\" style=\"; background-color:#3b5998; color:#3b5998\" target=\"_blank\"><span class=\"shariff-icon\" style=\"fill:#3b5998\"><svg width=\"32px\" height=\"20px\" xmlns=\"http:\/\/www.w3.org\/2000\/svg\" viewBox=\"0 0 18 32\"><path fill=\"#3b5998\" d=\"M17.1 0.2v4.7h-2.8q-1.5 0-2.1 0.6t-0.5 1.9v3.4h5.2l-0.7 5.3h-4.5v13.6h-5.5v-13.6h-4.5v-5.3h4.5v-3.9q0-3.3 1.9-5.2t5-1.8q2.6 0 4.1 0.2z\"\/><\/svg><\/span><span class=\"shariff-text\" style=\"color:#3b5998\">teilen<\/span>&nbsp;<\/a><\/li><li class=\"shariff-button twitter shariff-nocustomcolor\" style=\"background-color:#595959\"><a href=\"https:\/\/twitter.com\/share?url=https%3A%2F%2Fwww.martin-huelle.de%2Fblog%2Fschlechtes-wetter-kein-problem%2F&text=Schlechtes%20Wetter%3F%20Kein%20Problem%21\" title=\"Bei X teilen\" aria-label=\"Bei X teilen\" role=\"button\" rel=\"noopener nofollow\" class=\"shariff-link\" style=\"; background-color:#000; color:#000\" target=\"_blank\"><span class=\"shariff-icon\" style=\"fill:#000\"><svg width=\"32px\" height=\"20px\" xmlns=\"http:\/\/www.w3.org\/2000\/svg\" viewBox=\"0 0 24 24\"><path fill=\"#000\" d=\"M14.258 10.152L23.176 0h-2.113l-7.747 8.813L7.133 0H0l9.352 13.328L0 23.973h2.113l8.176-9.309 6.531 9.309h7.133zm-2.895 3.293l-.949-1.328L2.875 1.56h3.246l6.086 8.523.945 1.328 7.91 11.078h-3.246zm0 0\"\/><\/svg><\/span><span class=\"shariff-text\" style=\"color:#000\">teilen<\/span>&nbsp;<\/a><\/li><li class=\"shariff-button mailto shariff-nocustomcolor\" style=\"background-color:#a8a8a8\"><a href=\"mailto:?body=https%3A%2F%2Fwww.martin-huelle.de%2Fblog%2Fschlechtes-wetter-kein-problem%2F&subject=Schlechtes%20Wetter%3F%20Kein%20Problem%21\" title=\"Per E-Mail versenden\" aria-label=\"Per E-Mail versenden\" role=\"button\" rel=\"noopener nofollow\" class=\"shariff-link\" style=\"; background-color:#999; color:#999\"><span class=\"shariff-icon\" style=\"fill:#999\"><svg width=\"32px\" height=\"20px\" xmlns=\"http:\/\/www.w3.org\/2000\/svg\" viewBox=\"0 0 32 32\"><path fill=\"#999\" d=\"M32 12.7v14.2q0 1.2-0.8 2t-2 0.9h-26.3q-1.2 0-2-0.9t-0.8-2v-14.2q0.8 0.9 1.8 1.6 6.5 4.4 8.9 6.1 1 0.8 1.6 1.2t1.7 0.9 2 0.4h0.1q0.9 0 2-0.4t1.7-0.9 1.6-1.2q3-2.2 8.9-6.1 1-0.7 1.8-1.6zM32 7.4q0 1.4-0.9 2.7t-2.2 2.2q-6.7 4.7-8.4 5.8-0.2 0.1-0.7 0.5t-1 0.7-0.9 0.6-1.1 0.5-0.9 0.2h-0.1q-0.4 0-0.9-0.2t-1.1-0.5-0.9-0.6-1-0.7-0.7-0.5q-1.6-1.1-4.7-3.2t-3.6-2.6q-1.1-0.7-2.1-2t-1-2.5q0-1.4 0.7-2.3t2.1-0.9h26.3q1.2 0 2 0.8t0.9 2z\"\/><\/svg><\/span><span class=\"shariff-text\" style=\"color:#999\">E-Mail<\/span>&nbsp;<\/a><\/li><\/ul><\/div>","protected":false},"excerpt":{"rendered":"<p>Im Fr\u00fchsommer des letzten Jahres haben wir eine Familienreise durch Norwegen unternommen. Weltuntergangsstimmung, Dauerregen und Tristesse waren unsere st\u00e4ndigen Begleiter. Dennoch war es ein Erlebnis, f\u00fcnf Wochen im Land der Fjorde, Gletscher und Wasserf\u00e4lle unterwegs zu sein. Die Geschichte Norwegen empf\u00e4ngt uns in Nationaltracht, mit bunten Umz\u00fcgen und einem rot-wei\u00df-blauen Fahnenmeer. Es ist der 17.&hellip;<\/p>\n","protected":false},"author":2,"featured_media":10324,"comment_status":"open","ping_status":"open","sticky":false,"template":"","format":"standard","meta":{"jetpack_post_was_ever_published":false,"_jetpack_newsletter_access":"","_jetpack_dont_email_post_to_subs":false,"_jetpack_newsletter_tier_id":0,"_jetpack_memberships_contains_paywalled_content":false,"_jetpack_memberships_contains_paid_content":false,"footnotes":"","jetpack_publicize_message":"","jetpack_publicize_feature_enabled":true,"jetpack_social_post_already_shared":false,"jetpack_social_options":{"image_generator_settings":{"template":"highway","default_image_id":0,"font":"","enabled":false},"version":2},"_links_to":"","_links_to_target":""},"categories":[11],"tags":[53,172,170],"class_list":["post-4763","post","type-post","status-publish","format-standard","has-post-thumbnail","hentry","category-reisen","tag-norwegen","tag-rundreise","tag-urlaub","comments-open","has-comments"],"yoast_head":"<!-- This site is optimized with the Yoast SEO plugin v27.5 - https:\/\/yoast.com\/product\/yoast-seo-wordpress\/ -->\n<title>Schlechtes Wetter? Kein Problem! - Martin H\u00fclle<\/title>\n<meta name=\"robots\" content=\"index, follow, max-snippet:-1, max-image-preview:large, max-video-preview:-1\" \/>\n<link rel=\"canonical\" href=\"https:\/\/www.martin-huelle.de\/blog\/schlechtes-wetter-kein-problem\/\" \/>\n<meta property=\"og:locale\" content=\"de_DE\" \/>\n<meta property=\"og:type\" content=\"article\" \/>\n<meta property=\"og:title\" content=\"Schlechtes Wetter? Kein Problem! - Martin H\u00fclle\" \/>\n<meta property=\"og:description\" content=\"Im Fr\u00fchsommer des letzten Jahres haben wir eine Familienreise durch Norwegen unternommen. Weltuntergangsstimmung, Dauerregen und Tristesse waren unsere st\u00e4ndigen Begleiter. Dennoch war es ein Erlebnis, f\u00fcnf Wochen im Land der Fjorde, Gletscher und Wasserf\u00e4lle unterwegs zu sein. Die Geschichte Norwegen empf\u00e4ngt uns in Nationaltracht, mit bunten Umz\u00fcgen und einem rot-wei\u00df-blauen Fahnenmeer. Es ist der 17.&hellip;\" \/>\n<meta property=\"og:url\" content=\"https:\/\/www.martin-huelle.de\/blog\/schlechtes-wetter-kein-problem\/\" \/>\n<meta property=\"og:site_name\" content=\"Martin H\u00fclle\" \/>\n<meta property=\"article:publisher\" content=\"https:\/\/www.facebook.com\/MartinHuelleFotografie\" \/>\n<meta property=\"article:published_time\" content=\"2012-11-14T09:05:52+00:00\" \/>\n<meta property=\"article:modified_time\" content=\"2022-02-14T17:16:31+00:00\" \/>\n<meta property=\"og:image\" content=\"https:\/\/www.martin-huelle.de\/blog\/wp-content\/uploads\/2022\/02\/norwegen_rundreise.jpg\" \/>\n\t<meta property=\"og:image:width\" content=\"2000\" \/>\n\t<meta property=\"og:image:height\" content=\"1125\" \/>\n\t<meta property=\"og:image:type\" content=\"image\/jpeg\" \/>\n<meta name=\"author\" content=\"Martin H\u00fclle\" \/>\n<meta name=\"twitter:card\" content=\"summary_large_image\" \/>\n<meta name=\"twitter:creator\" content=\"@MartinHuelle\" \/>\n<meta name=\"twitter:site\" content=\"@MartinHuelle\" \/>\n<meta name=\"twitter:label1\" content=\"Verfasst von\" \/>\n\t<meta name=\"twitter:data1\" content=\"Martin H\u00fclle\" \/>\n\t<meta name=\"twitter:label2\" content=\"Gesch\u00e4tzte Lesezeit\" \/>\n\t<meta name=\"twitter:data2\" content=\"8\u00a0Minuten\" \/>\n<script type=\"application\/ld+json\" class=\"yoast-schema-graph\">{\"@context\":\"https:\\\/\\\/schema.org\",\"@graph\":[{\"@type\":\"Article\",\"@id\":\"https:\\\/\\\/www.martin-huelle.de\\\/blog\\\/schlechtes-wetter-kein-problem\\\/#article\",\"isPartOf\":{\"@id\":\"https:\\\/\\\/www.martin-huelle.de\\\/blog\\\/schlechtes-wetter-kein-problem\\\/\"},\"author\":{\"name\":\"Martin H\u00fclle\",\"@id\":\"https:\\\/\\\/www.martin-huelle.de\\\/blog\\\/#\\\/schema\\\/person\\\/3795a036df77eeca5488e43d17b280d6\"},\"headline\":\"Schlechtes Wetter? Kein Problem!\",\"datePublished\":\"2012-11-14T09:05:52+00:00\",\"dateModified\":\"2022-02-14T17:16:31+00:00\",\"mainEntityOfPage\":{\"@id\":\"https:\\\/\\\/www.martin-huelle.de\\\/blog\\\/schlechtes-wetter-kein-problem\\\/\"},\"wordCount\":923,\"commentCount\":5,\"image\":{\"@id\":\"https:\\\/\\\/www.martin-huelle.de\\\/blog\\\/schlechtes-wetter-kein-problem\\\/#primaryimage\"},\"thumbnailUrl\":\"https:\\\/\\\/www.martin-huelle.de\\\/blog\\\/wp-content\\\/uploads\\\/2022\\\/02\\\/norwegen_rundreise.jpg\",\"keywords\":[\"norwegen\",\"rundreise\",\"urlaub\"],\"articleSection\":[\"Reisen\"],\"inLanguage\":\"de\",\"potentialAction\":[{\"@type\":\"CommentAction\",\"name\":\"Comment\",\"target\":[\"https:\\\/\\\/www.martin-huelle.de\\\/blog\\\/schlechtes-wetter-kein-problem\\\/#respond\"]}]},{\"@type\":\"WebPage\",\"@id\":\"https:\\\/\\\/www.martin-huelle.de\\\/blog\\\/schlechtes-wetter-kein-problem\\\/\",\"url\":\"https:\\\/\\\/www.martin-huelle.de\\\/blog\\\/schlechtes-wetter-kein-problem\\\/\",\"name\":\"Schlechtes Wetter? Kein Problem! - Martin H\u00fclle\",\"isPartOf\":{\"@id\":\"https:\\\/\\\/www.martin-huelle.de\\\/blog\\\/#website\"},\"primaryImageOfPage\":{\"@id\":\"https:\\\/\\\/www.martin-huelle.de\\\/blog\\\/schlechtes-wetter-kein-problem\\\/#primaryimage\"},\"image\":{\"@id\":\"https:\\\/\\\/www.martin-huelle.de\\\/blog\\\/schlechtes-wetter-kein-problem\\\/#primaryimage\"},\"thumbnailUrl\":\"https:\\\/\\\/www.martin-huelle.de\\\/blog\\\/wp-content\\\/uploads\\\/2022\\\/02\\\/norwegen_rundreise.jpg\",\"datePublished\":\"2012-11-14T09:05:52+00:00\",\"dateModified\":\"2022-02-14T17:16:31+00:00\",\"author\":{\"@id\":\"https:\\\/\\\/www.martin-huelle.de\\\/blog\\\/#\\\/schema\\\/person\\\/3795a036df77eeca5488e43d17b280d6\"},\"breadcrumb\":{\"@id\":\"https:\\\/\\\/www.martin-huelle.de\\\/blog\\\/schlechtes-wetter-kein-problem\\\/#breadcrumb\"},\"inLanguage\":\"de\",\"potentialAction\":[{\"@type\":\"ReadAction\",\"target\":[\"https:\\\/\\\/www.martin-huelle.de\\\/blog\\\/schlechtes-wetter-kein-problem\\\/\"]}]},{\"@type\":\"ImageObject\",\"inLanguage\":\"de\",\"@id\":\"https:\\\/\\\/www.martin-huelle.de\\\/blog\\\/schlechtes-wetter-kein-problem\\\/#primaryimage\",\"url\":\"https:\\\/\\\/www.martin-huelle.de\\\/blog\\\/wp-content\\\/uploads\\\/2022\\\/02\\\/norwegen_rundreise.jpg\",\"contentUrl\":\"https:\\\/\\\/www.martin-huelle.de\\\/blog\\\/wp-content\\\/uploads\\\/2022\\\/02\\\/norwegen_rundreise.jpg\",\"width\":2000,\"height\":1125,\"caption\":\"Norwegen Rundreise, Foto: Martin H\u00fclle\"},{\"@type\":\"BreadcrumbList\",\"@id\":\"https:\\\/\\\/www.martin-huelle.de\\\/blog\\\/schlechtes-wetter-kein-problem\\\/#breadcrumb\",\"itemListElement\":[{\"@type\":\"ListItem\",\"position\":1,\"name\":\"Startseite\",\"item\":\"https:\\\/\\\/www.martin-huelle.de\\\/blog\\\/\"},{\"@type\":\"ListItem\",\"position\":2,\"name\":\"Schlechtes Wetter? Kein Problem!\"}]},{\"@type\":\"WebSite\",\"@id\":\"https:\\\/\\\/www.martin-huelle.de\\\/blog\\\/#website\",\"url\":\"https:\\\/\\\/www.martin-huelle.de\\\/blog\\\/\",\"name\":\"Martin H\u00fclle\",\"description\":\"Fotografie - Blog\",\"potentialAction\":[{\"@type\":\"SearchAction\",\"target\":{\"@type\":\"EntryPoint\",\"urlTemplate\":\"https:\\\/\\\/www.martin-huelle.de\\\/blog\\\/?s={search_term_string}\"},\"query-input\":{\"@type\":\"PropertyValueSpecification\",\"valueRequired\":true,\"valueName\":\"search_term_string\"}}],\"inLanguage\":\"de\"},{\"@type\":\"Person\",\"@id\":\"https:\\\/\\\/www.martin-huelle.de\\\/blog\\\/#\\\/schema\\\/person\\\/3795a036df77eeca5488e43d17b280d6\",\"name\":\"Martin H\u00fclle\",\"image\":{\"@type\":\"ImageObject\",\"inLanguage\":\"de\",\"@id\":\"https:\\\/\\\/secure.gravatar.com\\\/avatar\\\/c98e2751188ecfaf9efaca563c2601d020b00535097295c8d2a11488554048fe?s=96&d=blank&r=g\",\"url\":\"https:\\\/\\\/secure.gravatar.com\\\/avatar\\\/c98e2751188ecfaf9efaca563c2601d020b00535097295c8d2a11488554048fe?s=96&d=blank&r=g\",\"contentUrl\":\"https:\\\/\\\/secure.gravatar.com\\\/avatar\\\/c98e2751188ecfaf9efaca563c2601d020b00535097295c8d2a11488554048fe?s=96&d=blank&r=g\",\"caption\":\"Martin H\u00fclle\"},\"sameAs\":[\"http:\\\/\\\/www.martin-huelle.de\"],\"url\":\"https:\\\/\\\/www.martin-huelle.de\\\/blog\\\/author\\\/martin\\\/\"}]}<\/script>\n<!-- \/ Yoast SEO plugin. -->","yoast_head_json":{"title":"Schlechtes Wetter? Kein Problem! - Martin H\u00fclle","robots":{"index":"index","follow":"follow","max-snippet":"max-snippet:-1","max-image-preview":"max-image-preview:large","max-video-preview":"max-video-preview:-1"},"canonical":"https:\/\/www.martin-huelle.de\/blog\/schlechtes-wetter-kein-problem\/","og_locale":"de_DE","og_type":"article","og_title":"Schlechtes Wetter? Kein Problem! - Martin H\u00fclle","og_description":"Im Fr\u00fchsommer des letzten Jahres haben wir eine Familienreise durch Norwegen unternommen. Weltuntergangsstimmung, Dauerregen und Tristesse waren unsere st\u00e4ndigen Begleiter. Dennoch war es ein Erlebnis, f\u00fcnf Wochen im Land der Fjorde, Gletscher und Wasserf\u00e4lle unterwegs zu sein. Die Geschichte Norwegen empf\u00e4ngt uns in Nationaltracht, mit bunten Umz\u00fcgen und einem rot-wei\u00df-blauen Fahnenmeer. Es ist der 17.&hellip;","og_url":"https:\/\/www.martin-huelle.de\/blog\/schlechtes-wetter-kein-problem\/","og_site_name":"Martin H\u00fclle","article_publisher":"https:\/\/www.facebook.com\/MartinHuelleFotografie","article_published_time":"2012-11-14T09:05:52+00:00","article_modified_time":"2022-02-14T17:16:31+00:00","og_image":[{"width":2000,"height":1125,"url":"https:\/\/www.martin-huelle.de\/blog\/wp-content\/uploads\/2022\/02\/norwegen_rundreise.jpg","type":"image\/jpeg"}],"author":"Martin H\u00fclle","twitter_card":"summary_large_image","twitter_creator":"@MartinHuelle","twitter_site":"@MartinHuelle","twitter_misc":{"Verfasst von":"Martin H\u00fclle","Gesch\u00e4tzte Lesezeit":"8\u00a0Minuten"},"schema":{"@context":"https:\/\/schema.org","@graph":[{"@type":"Article","@id":"https:\/\/www.martin-huelle.de\/blog\/schlechtes-wetter-kein-problem\/#article","isPartOf":{"@id":"https:\/\/www.martin-huelle.de\/blog\/schlechtes-wetter-kein-problem\/"},"author":{"name":"Martin H\u00fclle","@id":"https:\/\/www.martin-huelle.de\/blog\/#\/schema\/person\/3795a036df77eeca5488e43d17b280d6"},"headline":"Schlechtes Wetter? Kein Problem!","datePublished":"2012-11-14T09:05:52+00:00","dateModified":"2022-02-14T17:16:31+00:00","mainEntityOfPage":{"@id":"https:\/\/www.martin-huelle.de\/blog\/schlechtes-wetter-kein-problem\/"},"wordCount":923,"commentCount":5,"image":{"@id":"https:\/\/www.martin-huelle.de\/blog\/schlechtes-wetter-kein-problem\/#primaryimage"},"thumbnailUrl":"https:\/\/www.martin-huelle.de\/blog\/wp-content\/uploads\/2022\/02\/norwegen_rundreise.jpg","keywords":["norwegen","rundreise","urlaub"],"articleSection":["Reisen"],"inLanguage":"de","potentialAction":[{"@type":"CommentAction","name":"Comment","target":["https:\/\/www.martin-huelle.de\/blog\/schlechtes-wetter-kein-problem\/#respond"]}]},{"@type":"WebPage","@id":"https:\/\/www.martin-huelle.de\/blog\/schlechtes-wetter-kein-problem\/","url":"https:\/\/www.martin-huelle.de\/blog\/schlechtes-wetter-kein-problem\/","name":"Schlechtes Wetter? Kein Problem! - Martin H\u00fclle","isPartOf":{"@id":"https:\/\/www.martin-huelle.de\/blog\/#website"},"primaryImageOfPage":{"@id":"https:\/\/www.martin-huelle.de\/blog\/schlechtes-wetter-kein-problem\/#primaryimage"},"image":{"@id":"https:\/\/www.martin-huelle.de\/blog\/schlechtes-wetter-kein-problem\/#primaryimage"},"thumbnailUrl":"https:\/\/www.martin-huelle.de\/blog\/wp-content\/uploads\/2022\/02\/norwegen_rundreise.jpg","datePublished":"2012-11-14T09:05:52+00:00","dateModified":"2022-02-14T17:16:31+00:00","author":{"@id":"https:\/\/www.martin-huelle.de\/blog\/#\/schema\/person\/3795a036df77eeca5488e43d17b280d6"},"breadcrumb":{"@id":"https:\/\/www.martin-huelle.de\/blog\/schlechtes-wetter-kein-problem\/#breadcrumb"},"inLanguage":"de","potentialAction":[{"@type":"ReadAction","target":["https:\/\/www.martin-huelle.de\/blog\/schlechtes-wetter-kein-problem\/"]}]},{"@type":"ImageObject","inLanguage":"de","@id":"https:\/\/www.martin-huelle.de\/blog\/schlechtes-wetter-kein-problem\/#primaryimage","url":"https:\/\/www.martin-huelle.de\/blog\/wp-content\/uploads\/2022\/02\/norwegen_rundreise.jpg","contentUrl":"https:\/\/www.martin-huelle.de\/blog\/wp-content\/uploads\/2022\/02\/norwegen_rundreise.jpg","width":2000,"height":1125,"caption":"Norwegen Rundreise, Foto: Martin H\u00fclle"},{"@type":"BreadcrumbList","@id":"https:\/\/www.martin-huelle.de\/blog\/schlechtes-wetter-kein-problem\/#breadcrumb","itemListElement":[{"@type":"ListItem","position":1,"name":"Startseite","item":"https:\/\/www.martin-huelle.de\/blog\/"},{"@type":"ListItem","position":2,"name":"Schlechtes Wetter? Kein Problem!"}]},{"@type":"WebSite","@id":"https:\/\/www.martin-huelle.de\/blog\/#website","url":"https:\/\/www.martin-huelle.de\/blog\/","name":"Martin H\u00fclle","description":"Fotografie - Blog","potentialAction":[{"@type":"SearchAction","target":{"@type":"EntryPoint","urlTemplate":"https:\/\/www.martin-huelle.de\/blog\/?s={search_term_string}"},"query-input":{"@type":"PropertyValueSpecification","valueRequired":true,"valueName":"search_term_string"}}],"inLanguage":"de"},{"@type":"Person","@id":"https:\/\/www.martin-huelle.de\/blog\/#\/schema\/person\/3795a036df77eeca5488e43d17b280d6","name":"Martin H\u00fclle","image":{"@type":"ImageObject","inLanguage":"de","@id":"https:\/\/secure.gravatar.com\/avatar\/c98e2751188ecfaf9efaca563c2601d020b00535097295c8d2a11488554048fe?s=96&d=blank&r=g","url":"https:\/\/secure.gravatar.com\/avatar\/c98e2751188ecfaf9efaca563c2601d020b00535097295c8d2a11488554048fe?s=96&d=blank&r=g","contentUrl":"https:\/\/secure.gravatar.com\/avatar\/c98e2751188ecfaf9efaca563c2601d020b00535097295c8d2a11488554048fe?s=96&d=blank&r=g","caption":"Martin H\u00fclle"},"sameAs":["http:\/\/www.martin-huelle.de"],"url":"https:\/\/www.martin-huelle.de\/blog\/author\/martin\/"}]}},"jetpack_publicize_connections":[],"jetpack_featured_media_url":"https:\/\/www.martin-huelle.de\/blog\/wp-content\/uploads\/2022\/02\/norwegen_rundreise.jpg","jetpack_sharing_enabled":true,"jetpack_shortlink":"https:\/\/wp.me\/p3Wb1B-1eP","_links":{"self":[{"href":"https:\/\/www.martin-huelle.de\/blog\/wp-json\/wp\/v2\/posts\/4763","targetHints":{"allow":["GET"]}}],"collection":[{"href":"https:\/\/www.martin-huelle.de\/blog\/wp-json\/wp\/v2\/posts"}],"about":[{"href":"https:\/\/www.martin-huelle.de\/blog\/wp-json\/wp\/v2\/types\/post"}],"author":[{"embeddable":true,"href":"https:\/\/www.martin-huelle.de\/blog\/wp-json\/wp\/v2\/users\/2"}],"replies":[{"embeddable":true,"href":"https:\/\/www.martin-huelle.de\/blog\/wp-json\/wp\/v2\/comments?post=4763"}],"version-history":[{"count":38,"href":"https:\/\/www.martin-huelle.de\/blog\/wp-json\/wp\/v2\/posts\/4763\/revisions"}],"predecessor-version":[{"id":10348,"href":"https:\/\/www.martin-huelle.de\/blog\/wp-json\/wp\/v2\/posts\/4763\/revisions\/10348"}],"wp:featuredmedia":[{"embeddable":true,"href":"https:\/\/www.martin-huelle.de\/blog\/wp-json\/wp\/v2\/media\/10324"}],"wp:attachment":[{"href":"https:\/\/www.martin-huelle.de\/blog\/wp-json\/wp\/v2\/media?parent=4763"}],"wp:term":[{"taxonomy":"category","embeddable":true,"href":"https:\/\/www.martin-huelle.de\/blog\/wp-json\/wp\/v2\/categories?post=4763"},{"taxonomy":"post_tag","embeddable":true,"href":"https:\/\/www.martin-huelle.de\/blog\/wp-json\/wp\/v2\/tags?post=4763"}],"curies":[{"name":"wp","href":"https:\/\/api.w.org\/{rel}","templated":true}]}}