{"id":12128,"date":"2025-09-08T10:28:22","date_gmt":"2025-09-08T08:28:22","guid":{"rendered":"https:\/\/www.martin-huelle.de\/blog\/?p=12128"},"modified":"2025-09-18T09:06:55","modified_gmt":"2025-09-18T07:06:55","slug":"50-mm-die-menschliche-brennweite","status":"publish","type":"post","link":"https:\/\/www.martin-huelle.de\/blog\/50-mm-die-menschliche-brennweite\/","title":{"rendered":"50 mm \u2013 Die menschliche Brennweite"},"content":{"rendered":"\n<p>In der Fotografie wird eine 50-mm-Brennweite \u2013 bezogen auf das Kleinbildformat \u2013 seit eh und je als &#8222;Normalobjektiv&#8220; bezeichnet, da es der Sichtweise der menschlichen Augen am n\u00e4chsten kommt und eine nat\u00fcrliche Perspektive ohne Verzerrungen erzeugt. Obwohl das Sichtfeld eines Menschen durchaus einen deutlich weiteren Blickwinkel erfasst, an dessen R\u00e4ndern wir jedoch nur Bewegungen wahrnehmen und keine Details, liegt der Sch\u00e4rfebereich, in dem wir bewusst sehen, hingegen nur in der Mitte des Gesichtsfelds,&nbsp;was dem Bildwinkel eines 50-mm-Objektivs ziemlich genau entspricht.<\/p>\n\n\n\n<p>Hinzu kommt, dass diese Brennweite Motive nahezu genauso darstellt, wie auch wir sie in der Tiefe sehen. Sprich: Objekte in Vorder-, Mittel- und Hintergrund entsprechen in ihrer Gr\u00f6\u00dfe und Ausdehnung unserem normalen Seheindruck. Bei k\u00fcrzeren Brennweiten (Weitwinkel) nimmt die Distanz im Bild zu und Dinge im Hintergrund erscheinen kleiner als normal. Bei l\u00e4ngeren Brennweiten (Tele) ist es umgekehrt. Die Szenerie wird verdichtet und Objekte im Hintergrund erscheinen gr\u00f6\u00dfer als wir sie sehen. Diese Effekte sind umso ausgepr\u00e4gter, je mehr die jeweilige Brennweite von der &#8222;Norm&#8220; abweicht.<\/p>\n\n\n\n<p>Im Fujifilm X System (APS-C) \u2013 mit dem ich fotografiere \u2013 entspricht nur das exzellente XF33mmF1.4 R LM WR exakt dem Bildwinkel eines 50-mm-Kleinbildobjektivs. Das hinsichtlich seines besonderen Charakters gesch\u00e4tzte alte XF35mmF1.4 R und das schnellere und wettergesch\u00fctzte neuere XF35mmF2 R WR bieten eine Brennweite von umgerechnet 53 mm. Sei&#8217;s drum. Ich kenne nur die beiden letztgenannten und auch diese fallen ins Spektrum der Normalobjektive.<\/p>\n\n\n\n<p class=\"has-text-align-center\">\u2014<\/p>\n\n\n\n<p class=\"has-text-align-center\"><em><strong>Dieser Beitrag ist Teil meiner Artikelserie \u00fcber <a href=\"https:\/\/www.martin-huelle.de\/blog\/mein-objektiv-quartett-von-fujifilm\/\">mein Objektiv-Quartett von Fujifilm<\/a><\/strong><\/em><\/p>\n\n\n\n<p class=\"has-text-align-center\">\u2014<\/p>\n\n\n\n<figure class=\"wp-block-gallery has-nested-images columns-default is-cropped wp-block-gallery-1 is-layout-flex wp-block-gallery-is-layout-flex\">\n<figure class=\"wp-block-image size-large\"><img loading=\"lazy\" decoding=\"async\" width=\"1024\" height=\"683\" data-attachment-id=\"12127\" data-permalink=\"https:\/\/www.martin-huelle.de\/blog\/fujifilm-x-e5-mit-festbrennweiten-2\/\" data-orig-file=\"https:\/\/www.martin-huelle.de\/blog\/wp-content\/uploads\/2025\/09\/mein_objektiv_quartett_von_fujifilm-1.jpg\" data-orig-size=\"2010,1340\" data-comments-opened=\"1\" data-image-meta=\"{&quot;aperture&quot;:&quot;11&quot;,&quot;credit&quot;:&quot;Martin H\\u00fclle&quot;,&quot;camera&quot;:&quot;X-E4&quot;,&quot;caption&quot;:&quot;&quot;,&quot;created_timestamp&quot;:&quot;1661599441&quot;,&quot;copyright&quot;:&quot;Martin H\\u00fclle, www.martin-huelle.de&quot;,&quot;focal_length&quot;:&quot;75&quot;,&quot;iso&quot;:&quot;160&quot;,&quot;shutter_speed&quot;:&quot;2.5&quot;,&quot;title&quot;:&quot;Fujifilm X-E5 mit Festbrennweiten&quot;,&quot;orientation&quot;:&quot;1&quot;}\" data-image-title=\"Mein Objektiv-Quartett von Fujifilm, Foto: Martin H\u00fclle\" data-image-description=\"&lt;p&gt;Mein Objektiv-Quartett von Fujifilm, Foto: Martin H\u00fclle&lt;\/p&gt;\n\" data-image-caption=\"\" data-large-file=\"https:\/\/www.martin-huelle.de\/blog\/wp-content\/uploads\/2025\/09\/mein_objektiv_quartett_von_fujifilm-1-1024x683.jpg\" data-id=\"12127\" src=\"https:\/\/www.martin-huelle.de\/blog\/wp-content\/uploads\/2025\/09\/mein_objektiv_quartett_von_fujifilm-1-1024x683.jpg\" alt=\"Mein Objektiv-Quartett von Fujifilm, Foto: Martin H\u00fclle\" class=\"wp-image-12127\" srcset=\"https:\/\/www.martin-huelle.de\/blog\/wp-content\/uploads\/2025\/09\/mein_objektiv_quartett_von_fujifilm-1-1024x683.jpg 1024w, https:\/\/www.martin-huelle.de\/blog\/wp-content\/uploads\/2025\/09\/mein_objektiv_quartett_von_fujifilm-1-300x200.jpg 300w, https:\/\/www.martin-huelle.de\/blog\/wp-content\/uploads\/2025\/09\/mein_objektiv_quartett_von_fujifilm-1-768x512.jpg 768w, https:\/\/www.martin-huelle.de\/blog\/wp-content\/uploads\/2025\/09\/mein_objektiv_quartett_von_fujifilm-1-1536x1024.jpg 1536w, https:\/\/www.martin-huelle.de\/blog\/wp-content\/uploads\/2025\/09\/mein_objektiv_quartett_von_fujifilm-1.jpg 2010w\" sizes=\"auto, (max-width: 1024px) 100vw, 1024px\" \/><\/figure>\n<\/figure>\n\n\n\n<p class=\"has-text-align-center\">\u2014<\/p>\n\n\n\n<p>Das alte 35er habe ich vor mittlerweile schon recht langer Zeit bei einer Wanderung durch die Nationalparks Sarek und Padjelanta im Norden Schwedens eingesetzt, als Fujifilms Objektiv-Sortiment sich zu Beginn auf ein 18er, eben jenes 35er und ein 60er beschr\u00e4nkte. W\u00e4hrend der Tour war diese Normalbrennweite meine liebste und meistgenutzte Linse, passte sie doch gut zu den Motiven.<\/p>\n\n\n\n<div class=\"wp-block-jetpack-tiled-gallery aligncenter is-style-rectangular\"><div class=\"\"><div class=\"tiled-gallery__gallery\"><div class=\"tiled-gallery__row\"><div class=\"tiled-gallery__col\" style=\"flex-basis:66.79688%\"><figure class=\"tiled-gallery__item\"><img decoding=\"async\" data-attachment-id=\"12125\" data-permalink=\"https:\/\/www.martin-huelle.de\/blog\/sarek-padjelanta-durchquerung-2012-30\/\" data-orig-file=\"https:\/\/www.martin-huelle.de\/blog\/wp-content\/uploads\/2025\/09\/50_mm_rentier_sarek_nationalpark.jpg\" data-orig-size=\"2010,1340\" data-comments-opened=\"1\" data-image-meta=\"{&quot;aperture&quot;:&quot;5.6&quot;,&quot;credit&quot;:&quot;Martin H\\u00fclle&quot;,&quot;camera&quot;:&quot;X-Pro1&quot;,&quot;caption&quot;:&quot;&quot;,&quot;created_timestamp&quot;:&quot;1346578668&quot;,&quot;copyright&quot;:&quot;Martin H\\u00fclle \/ www.martin-huelle.de&quot;,&quot;focal_length&quot;:&quot;35&quot;,&quot;iso&quot;:&quot;250&quot;,&quot;shutter_speed&quot;:&quot;0.02&quot;,&quot;title&quot;:&quot;Sarek \\u0026amp; Padjelanta Durchquerung 2012&quot;,&quot;orientation&quot;:&quot;1&quot;}\" data-image-title=\"50 mm \u2013 Rentier, Foto: Martin H\u00fclle\" data-image-description=\"&lt;p&gt;50 mm \u2013 Rentier, Foto: Martin H\u00fclle&lt;\/p&gt;\n\" data-image-caption=\"\" data-large-file=\"https:\/\/www.martin-huelle.de\/blog\/wp-content\/uploads\/2025\/09\/50_mm_rentier_sarek_nationalpark-1024x683.jpg\" data-attachment-id=\"12125\" data-permalink=\"https:\/\/www.martin-huelle.de\/blog\/sarek-padjelanta-durchquerung-2012-30\/\" data-orig-file=\"https:\/\/www.martin-huelle.de\/blog\/wp-content\/uploads\/2025\/09\/50_mm_rentier_sarek_nationalpark.jpg\" data-orig-size=\"2010,1340\" data-comments-opened=\"1\" data-image-meta=\"{&quot;aperture&quot;:&quot;5.6&quot;,&quot;credit&quot;:&quot;Martin H\\u00fclle&quot;,&quot;camera&quot;:&quot;X-Pro1&quot;,&quot;caption&quot;:&quot;&quot;,&quot;created_timestamp&quot;:&quot;1346578668&quot;,&quot;copyright&quot;:&quot;Martin H\\u00fclle \/ www.martin-huelle.de&quot;,&quot;focal_length&quot;:&quot;35&quot;,&quot;iso&quot;:&quot;250&quot;,&quot;shutter_speed&quot;:&quot;0.02&quot;,&quot;title&quot;:&quot;Sarek \\u0026amp; Padjelanta Durchquerung 2012&quot;,&quot;orientation&quot;:&quot;1&quot;}\" data-image-title=\"50 mm \u2013 Rentier, Foto: Martin H\u00fclle\" data-image-description=\"&lt;p&gt;50 mm \u2013 Rentier, Foto: Martin H\u00fclle&lt;\/p&gt;\n\" data-image-caption=\"\" data-large-file=\"https:\/\/www.martin-huelle.de\/blog\/wp-content\/uploads\/2025\/09\/50_mm_rentier_sarek_nationalpark-1024x683.jpg\" role=\"button\" tabindex=\"0\" aria-label=\"Bild\u00a01 von 3 im Vollbildmodus \u00f6ffnen\"srcset=\"https:\/\/i0.wp.com\/www.martin-huelle.de\/blog\/wp-content\/uploads\/2025\/09\/50_mm_rentier_sarek_nationalpark-1024x683.jpg?strip=info&#038;w=600&#038;ssl=1 600w,https:\/\/i0.wp.com\/www.martin-huelle.de\/blog\/wp-content\/uploads\/2025\/09\/50_mm_rentier_sarek_nationalpark-1024x683.jpg?strip=info&#038;w=900&#038;ssl=1 900w,https:\/\/i0.wp.com\/www.martin-huelle.de\/blog\/wp-content\/uploads\/2025\/09\/50_mm_rentier_sarek_nationalpark-1024x683.jpg?strip=info&#038;w=1200&#038;ssl=1 1200w,https:\/\/i0.wp.com\/www.martin-huelle.de\/blog\/wp-content\/uploads\/2025\/09\/50_mm_rentier_sarek_nationalpark-1024x683.jpg?strip=info&#038;w=1500&#038;ssl=1 1500w,https:\/\/i0.wp.com\/www.martin-huelle.de\/blog\/wp-content\/uploads\/2025\/09\/50_mm_rentier_sarek_nationalpark-1024x683.jpg?strip=info&#038;w=1800&#038;ssl=1 1800w,https:\/\/i0.wp.com\/www.martin-huelle.de\/blog\/wp-content\/uploads\/2025\/09\/50_mm_rentier_sarek_nationalpark-1024x683.jpg?strip=info&#038;w=2000&#038;ssl=1 2000w\" alt=\"50 mm \u2013 Rentier, Foto: Martin H\u00fclle\" data-height=\"1340\" data-id=\"12125\" data-link=\"https:\/\/www.martin-huelle.de\/blog\/sarek-padjelanta-durchquerung-2012-30\/\" data-url=\"https:\/\/www.martin-huelle.de\/blog\/wp-content\/uploads\/2025\/09\/50_mm_rentier_sarek_nationalpark-1024x683.jpg\" data-width=\"2010\" src=\"https:\/\/i0.wp.com\/www.martin-huelle.de\/blog\/wp-content\/uploads\/2025\/09\/50_mm_rentier_sarek_nationalpark-1024x683.jpg?ssl=1\" data-amp-layout=\"responsive\"\/><\/figure><\/div><div class=\"tiled-gallery__col\" style=\"flex-basis:33.20313%\"><figure class=\"tiled-gallery__item\"><img decoding=\"async\" data-attachment-id=\"12126\" data-permalink=\"https:\/\/www.martin-huelle.de\/blog\/sarek-padjelanta-durchquerung-2012-31\/\" data-orig-file=\"https:\/\/www.martin-huelle.de\/blog\/wp-content\/uploads\/2025\/09\/50_mm_skarki_sarek_nationalpark.jpg\" data-orig-size=\"2010,1340\" data-comments-opened=\"1\" data-image-meta=\"{&quot;aperture&quot;:&quot;8&quot;,&quot;credit&quot;:&quot;Martin H\\u00fclle&quot;,&quot;camera&quot;:&quot;X-Pro1&quot;,&quot;caption&quot;:&quot;&quot;,&quot;created_timestamp&quot;:&quot;1346847873&quot;,&quot;copyright&quot;:&quot;Martin H\\u00fclle \/ www.martin-huelle.de&quot;,&quot;focal_length&quot;:&quot;35&quot;,&quot;iso&quot;:&quot;400&quot;,&quot;shutter_speed&quot;:&quot;0.0005&quot;,&quot;title&quot;:&quot;Sarek \\u0026amp; Padjelanta Durchquerung 2012&quot;,&quot;orientation&quot;:&quot;1&quot;}\" data-image-title=\"50 mm \u2013 Sk\u00e5rki, Foto: Martin H\u00fclle\" data-image-description=\"&lt;p&gt;50 mm \u2013 Sk\u00e5rki, Foto: Martin H\u00fclle&lt;\/p&gt;\n\" data-image-caption=\"\" data-large-file=\"https:\/\/www.martin-huelle.de\/blog\/wp-content\/uploads\/2025\/09\/50_mm_skarki_sarek_nationalpark-1024x683.jpg\" data-attachment-id=\"12126\" data-permalink=\"https:\/\/www.martin-huelle.de\/blog\/sarek-padjelanta-durchquerung-2012-31\/\" data-orig-file=\"https:\/\/www.martin-huelle.de\/blog\/wp-content\/uploads\/2025\/09\/50_mm_skarki_sarek_nationalpark.jpg\" data-orig-size=\"2010,1340\" data-comments-opened=\"1\" data-image-meta=\"{&quot;aperture&quot;:&quot;8&quot;,&quot;credit&quot;:&quot;Martin H\\u00fclle&quot;,&quot;camera&quot;:&quot;X-Pro1&quot;,&quot;caption&quot;:&quot;&quot;,&quot;created_timestamp&quot;:&quot;1346847873&quot;,&quot;copyright&quot;:&quot;Martin H\\u00fclle \/ www.martin-huelle.de&quot;,&quot;focal_length&quot;:&quot;35&quot;,&quot;iso&quot;:&quot;400&quot;,&quot;shutter_speed&quot;:&quot;0.0005&quot;,&quot;title&quot;:&quot;Sarek \\u0026amp; Padjelanta Durchquerung 2012&quot;,&quot;orientation&quot;:&quot;1&quot;}\" data-image-title=\"50 mm \u2013 Sk\u00e5rki, Foto: Martin H\u00fclle\" data-image-description=\"&lt;p&gt;50 mm \u2013 Sk\u00e5rki, Foto: Martin H\u00fclle&lt;\/p&gt;\n\" data-image-caption=\"\" data-large-file=\"https:\/\/www.martin-huelle.de\/blog\/wp-content\/uploads\/2025\/09\/50_mm_skarki_sarek_nationalpark-1024x683.jpg\" role=\"button\" tabindex=\"0\" aria-label=\"Bild\u00a02 von 3 im Vollbildmodus \u00f6ffnen\"srcset=\"https:\/\/i0.wp.com\/www.martin-huelle.de\/blog\/wp-content\/uploads\/2025\/09\/50_mm_skarki_sarek_nationalpark-1024x683.jpg?strip=info&#038;w=600&#038;ssl=1 600w,https:\/\/i0.wp.com\/www.martin-huelle.de\/blog\/wp-content\/uploads\/2025\/09\/50_mm_skarki_sarek_nationalpark-1024x683.jpg?strip=info&#038;w=900&#038;ssl=1 900w,https:\/\/i0.wp.com\/www.martin-huelle.de\/blog\/wp-content\/uploads\/2025\/09\/50_mm_skarki_sarek_nationalpark-1024x683.jpg?strip=info&#038;w=1200&#038;ssl=1 1200w,https:\/\/i0.wp.com\/www.martin-huelle.de\/blog\/wp-content\/uploads\/2025\/09\/50_mm_skarki_sarek_nationalpark-1024x683.jpg?strip=info&#038;w=1500&#038;ssl=1 1500w,https:\/\/i0.wp.com\/www.martin-huelle.de\/blog\/wp-content\/uploads\/2025\/09\/50_mm_skarki_sarek_nationalpark-1024x683.jpg?strip=info&#038;w=1800&#038;ssl=1 1800w,https:\/\/i0.wp.com\/www.martin-huelle.de\/blog\/wp-content\/uploads\/2025\/09\/50_mm_skarki_sarek_nationalpark-1024x683.jpg?strip=info&#038;w=2000&#038;ssl=1 2000w\" alt=\"50 mm \u2013 Sk\u00e5rki, Foto: Martin H\u00fclle\" data-height=\"1340\" data-id=\"12126\" data-link=\"https:\/\/www.martin-huelle.de\/blog\/sarek-padjelanta-durchquerung-2012-31\/\" data-url=\"https:\/\/www.martin-huelle.de\/blog\/wp-content\/uploads\/2025\/09\/50_mm_skarki_sarek_nationalpark-1024x683.jpg\" data-width=\"2010\" src=\"https:\/\/i0.wp.com\/www.martin-huelle.de\/blog\/wp-content\/uploads\/2025\/09\/50_mm_skarki_sarek_nationalpark-1024x683.jpg?ssl=1\" data-amp-layout=\"responsive\"\/><\/figure><figure class=\"tiled-gallery__item\"><img decoding=\"async\" data-attachment-id=\"12124\" data-permalink=\"https:\/\/www.martin-huelle.de\/blog\/sarek-padjelanta-durchquerung-2012-29\/\" data-orig-file=\"https:\/\/www.martin-huelle.de\/blog\/wp-content\/uploads\/2025\/09\/50_mm_padjelantaleden_padjelanta_nationalpark.jpg\" data-orig-size=\"2010,1340\" data-comments-opened=\"1\" data-image-meta=\"{&quot;aperture&quot;:&quot;8&quot;,&quot;credit&quot;:&quot;Martin H\\u00fclle&quot;,&quot;camera&quot;:&quot;X-Pro1&quot;,&quot;caption&quot;:&quot;&quot;,&quot;created_timestamp&quot;:&quot;1347187566&quot;,&quot;copyright&quot;:&quot;Martin H\\u00fclle \/ www.martin-huelle.de&quot;,&quot;focal_length&quot;:&quot;35&quot;,&quot;iso&quot;:&quot;400&quot;,&quot;shutter_speed&quot;:&quot;0.002&quot;,&quot;title&quot;:&quot;Sarek \\u0026amp; Padjelanta Durchquerung 2012&quot;,&quot;orientation&quot;:&quot;1&quot;}\" data-image-title=\"50 mm \u2013 Padjelantaleden, Foto: Martin H\u00fclle\" data-image-description=\"&lt;p&gt;50 mm \u2013 Padjelantaleden, Foto: Martin H\u00fclle&lt;\/p&gt;\n\" data-image-caption=\"\" data-large-file=\"https:\/\/www.martin-huelle.de\/blog\/wp-content\/uploads\/2025\/09\/50_mm_padjelantaleden_padjelanta_nationalpark-1024x683.jpg\" data-attachment-id=\"12124\" data-permalink=\"https:\/\/www.martin-huelle.de\/blog\/sarek-padjelanta-durchquerung-2012-29\/\" data-orig-file=\"https:\/\/www.martin-huelle.de\/blog\/wp-content\/uploads\/2025\/09\/50_mm_padjelantaleden_padjelanta_nationalpark.jpg\" data-orig-size=\"2010,1340\" data-comments-opened=\"1\" data-image-meta=\"{&quot;aperture&quot;:&quot;8&quot;,&quot;credit&quot;:&quot;Martin H\\u00fclle&quot;,&quot;camera&quot;:&quot;X-Pro1&quot;,&quot;caption&quot;:&quot;&quot;,&quot;created_timestamp&quot;:&quot;1347187566&quot;,&quot;copyright&quot;:&quot;Martin H\\u00fclle \/ www.martin-huelle.de&quot;,&quot;focal_length&quot;:&quot;35&quot;,&quot;iso&quot;:&quot;400&quot;,&quot;shutter_speed&quot;:&quot;0.002&quot;,&quot;title&quot;:&quot;Sarek \\u0026amp; Padjelanta Durchquerung 2012&quot;,&quot;orientation&quot;:&quot;1&quot;}\" data-image-title=\"50 mm \u2013 Padjelantaleden, Foto: Martin H\u00fclle\" data-image-description=\"&lt;p&gt;50 mm \u2013 Padjelantaleden, Foto: Martin H\u00fclle&lt;\/p&gt;\n\" data-image-caption=\"\" data-large-file=\"https:\/\/www.martin-huelle.de\/blog\/wp-content\/uploads\/2025\/09\/50_mm_padjelantaleden_padjelanta_nationalpark-1024x683.jpg\" role=\"button\" tabindex=\"0\" aria-label=\"Bild\u00a03 von 3 im Vollbildmodus \u00f6ffnen\"srcset=\"https:\/\/i0.wp.com\/www.martin-huelle.de\/blog\/wp-content\/uploads\/2025\/09\/50_mm_padjelantaleden_padjelanta_nationalpark-1024x683.jpg?strip=info&#038;w=600&#038;ssl=1 600w,https:\/\/i0.wp.com\/www.martin-huelle.de\/blog\/wp-content\/uploads\/2025\/09\/50_mm_padjelantaleden_padjelanta_nationalpark-1024x683.jpg?strip=info&#038;w=900&#038;ssl=1 900w,https:\/\/i0.wp.com\/www.martin-huelle.de\/blog\/wp-content\/uploads\/2025\/09\/50_mm_padjelantaleden_padjelanta_nationalpark-1024x683.jpg?strip=info&#038;w=1200&#038;ssl=1 1200w,https:\/\/i0.wp.com\/www.martin-huelle.de\/blog\/wp-content\/uploads\/2025\/09\/50_mm_padjelantaleden_padjelanta_nationalpark-1024x683.jpg?strip=info&#038;w=1500&#038;ssl=1 1500w,https:\/\/i0.wp.com\/www.martin-huelle.de\/blog\/wp-content\/uploads\/2025\/09\/50_mm_padjelantaleden_padjelanta_nationalpark-1024x683.jpg?strip=info&#038;w=1800&#038;ssl=1 1800w,https:\/\/i0.wp.com\/www.martin-huelle.de\/blog\/wp-content\/uploads\/2025\/09\/50_mm_padjelantaleden_padjelanta_nationalpark-1024x683.jpg?strip=info&#038;w=2000&#038;ssl=1 2000w\" alt=\"50 mm \u2013 Padjelantaleden, Foto: Martin H\u00fclle\" data-height=\"1340\" data-id=\"12124\" data-link=\"https:\/\/www.martin-huelle.de\/blog\/sarek-padjelanta-durchquerung-2012-29\/\" data-url=\"https:\/\/www.martin-huelle.de\/blog\/wp-content\/uploads\/2025\/09\/50_mm_padjelantaleden_padjelanta_nationalpark-1024x683.jpg\" data-width=\"2010\" src=\"https:\/\/i0.wp.com\/www.martin-huelle.de\/blog\/wp-content\/uploads\/2025\/09\/50_mm_padjelantaleden_padjelanta_nationalpark-1024x683.jpg?ssl=1\" data-amp-layout=\"responsive\"\/><\/figure><\/div><\/div><\/div><\/div><\/div>\n\n\n\n<p class=\"has-text-align-center\">\u2014<\/p>\n\n\n\n<p>Allerdings geht mit diesen 35 mm <em>(respektive 50 mm KB)<\/em> auch schnell eine Langeweile einher, weil Bildwinkel und Perspektive so sehr unserem gewohnten Seheindruck entsprechen. Einerseits wirken damit gemachte Aufnahmen schnell vertraut, andererseits jedoch rasch beliebig ohne ein gewisses Extra.<\/p>\n\n\n\n<div class=\"wp-block-jetpack-tiled-gallery aligncenter is-style-rectangular\"><div class=\"\"><div class=\"tiled-gallery__gallery\"><div class=\"tiled-gallery__row\"><div class=\"tiled-gallery__col\" style=\"flex-basis:66.79688%\"><figure class=\"tiled-gallery__item\"><img decoding=\"async\" data-attachment-id=\"12139\" data-permalink=\"https:\/\/www.martin-huelle.de\/blog\/holland-ostern-2019-7\/\" data-orig-file=\"https:\/\/www.martin-huelle.de\/blog\/wp-content\/uploads\/2025\/09\/50_mm_in_der_luft.jpg\" data-orig-size=\"2010,1340\" data-comments-opened=\"1\" data-image-meta=\"{&quot;aperture&quot;:&quot;5.6&quot;,&quot;credit&quot;:&quot;Martin H\\u00fclle&quot;,&quot;camera&quot;:&quot;X-Pro2&quot;,&quot;caption&quot;:&quot;&quot;,&quot;created_timestamp&quot;:&quot;1555249201&quot;,&quot;copyright&quot;:&quot;Martin H\\u00fclle \/ www.martin-huelle.de&quot;,&quot;focal_length&quot;:&quot;35&quot;,&quot;iso&quot;:&quot;200&quot;,&quot;shutter_speed&quot;:&quot;0.00026315789473684&quot;,&quot;title&quot;:&quot;Holland Ostern 2019&quot;,&quot;orientation&quot;:&quot;1&quot;}\" data-image-title=\"50 mm \u2013 In der Luft, Foto: Martin H\u00fclle\" data-image-description=\"&lt;p&gt;50 mm \u2013 In der Luft, Foto: Martin H\u00fclle&lt;\/p&gt;\n\" data-image-caption=\"\" data-large-file=\"https:\/\/www.martin-huelle.de\/blog\/wp-content\/uploads\/2025\/09\/50_mm_in_der_luft-1024x683.jpg\" data-attachment-id=\"12139\" data-permalink=\"https:\/\/www.martin-huelle.de\/blog\/holland-ostern-2019-7\/\" data-orig-file=\"https:\/\/www.martin-huelle.de\/blog\/wp-content\/uploads\/2025\/09\/50_mm_in_der_luft.jpg\" data-orig-size=\"2010,1340\" data-comments-opened=\"1\" data-image-meta=\"{&quot;aperture&quot;:&quot;5.6&quot;,&quot;credit&quot;:&quot;Martin H\\u00fclle&quot;,&quot;camera&quot;:&quot;X-Pro2&quot;,&quot;caption&quot;:&quot;&quot;,&quot;created_timestamp&quot;:&quot;1555249201&quot;,&quot;copyright&quot;:&quot;Martin H\\u00fclle \/ www.martin-huelle.de&quot;,&quot;focal_length&quot;:&quot;35&quot;,&quot;iso&quot;:&quot;200&quot;,&quot;shutter_speed&quot;:&quot;0.00026315789473684&quot;,&quot;title&quot;:&quot;Holland Ostern 2019&quot;,&quot;orientation&quot;:&quot;1&quot;}\" data-image-title=\"50 mm \u2013 In der Luft, Foto: Martin H\u00fclle\" data-image-description=\"&lt;p&gt;50 mm \u2013 In der Luft, Foto: Martin H\u00fclle&lt;\/p&gt;\n\" data-image-caption=\"\" data-large-file=\"https:\/\/www.martin-huelle.de\/blog\/wp-content\/uploads\/2025\/09\/50_mm_in_der_luft-1024x683.jpg\" role=\"button\" tabindex=\"0\" aria-label=\"Bild\u00a01 von 3 im Vollbildmodus \u00f6ffnen\"srcset=\"https:\/\/i0.wp.com\/www.martin-huelle.de\/blog\/wp-content\/uploads\/2025\/09\/50_mm_in_der_luft-1024x683.jpg?strip=info&#038;w=600&#038;ssl=1 600w,https:\/\/i0.wp.com\/www.martin-huelle.de\/blog\/wp-content\/uploads\/2025\/09\/50_mm_in_der_luft-1024x683.jpg?strip=info&#038;w=900&#038;ssl=1 900w,https:\/\/i0.wp.com\/www.martin-huelle.de\/blog\/wp-content\/uploads\/2025\/09\/50_mm_in_der_luft-1024x683.jpg?strip=info&#038;w=1200&#038;ssl=1 1200w,https:\/\/i0.wp.com\/www.martin-huelle.de\/blog\/wp-content\/uploads\/2025\/09\/50_mm_in_der_luft-1024x683.jpg?strip=info&#038;w=1500&#038;ssl=1 1500w,https:\/\/i0.wp.com\/www.martin-huelle.de\/blog\/wp-content\/uploads\/2025\/09\/50_mm_in_der_luft-1024x683.jpg?strip=info&#038;w=1800&#038;ssl=1 1800w,https:\/\/i0.wp.com\/www.martin-huelle.de\/blog\/wp-content\/uploads\/2025\/09\/50_mm_in_der_luft-1024x683.jpg?strip=info&#038;w=2000&#038;ssl=1 2000w\" alt=\"50 mm \u2013 In der Luft, Foto: Martin H\u00fclle\" data-height=\"1340\" data-id=\"12139\" data-link=\"https:\/\/www.martin-huelle.de\/blog\/holland-ostern-2019-7\/\" data-url=\"https:\/\/www.martin-huelle.de\/blog\/wp-content\/uploads\/2025\/09\/50_mm_in_der_luft-1024x683.jpg\" data-width=\"2010\" src=\"https:\/\/i0.wp.com\/www.martin-huelle.de\/blog\/wp-content\/uploads\/2025\/09\/50_mm_in_der_luft-1024x683.jpg?ssl=1\" data-amp-layout=\"responsive\"\/><\/figure><\/div><div class=\"tiled-gallery__col\" style=\"flex-basis:33.20313%\"><figure class=\"tiled-gallery__item\"><img decoding=\"async\" data-attachment-id=\"12134\" data-permalink=\"https:\/\/www.martin-huelle.de\/blog\/holland-ostern-2019-6\/\" data-orig-file=\"https:\/\/www.martin-huelle.de\/blog\/wp-content\/uploads\/2025\/09\/50_mm_am_strand.jpg\" data-orig-size=\"2010,1340\" data-comments-opened=\"1\" data-image-meta=\"{&quot;aperture&quot;:&quot;8&quot;,&quot;credit&quot;:&quot;Martin H\\u00fclle&quot;,&quot;camera&quot;:&quot;X-Pro2&quot;,&quot;caption&quot;:&quot;&quot;,&quot;created_timestamp&quot;:&quot;1555181119&quot;,&quot;copyright&quot;:&quot;Martin H\\u00fclle \/ www.martin-huelle.de&quot;,&quot;focal_length&quot;:&quot;35&quot;,&quot;iso&quot;:&quot;200&quot;,&quot;shutter_speed&quot;:&quot;0.0008&quot;,&quot;title&quot;:&quot;Holland Ostern 2019&quot;,&quot;orientation&quot;:&quot;1&quot;}\" data-image-title=\"50 mm \u2013 Am Strand, Foto: Martin H\u00fclle\" data-image-description=\"&lt;p&gt;50 mm \u2013 Am Strand, Foto: Martin H\u00fclle&lt;\/p&gt;\n\" data-image-caption=\"\" data-large-file=\"https:\/\/www.martin-huelle.de\/blog\/wp-content\/uploads\/2025\/09\/50_mm_am_strand-1024x683.jpg\" data-attachment-id=\"12134\" data-permalink=\"https:\/\/www.martin-huelle.de\/blog\/holland-ostern-2019-6\/\" data-orig-file=\"https:\/\/www.martin-huelle.de\/blog\/wp-content\/uploads\/2025\/09\/50_mm_am_strand.jpg\" data-orig-size=\"2010,1340\" data-comments-opened=\"1\" data-image-meta=\"{&quot;aperture&quot;:&quot;8&quot;,&quot;credit&quot;:&quot;Martin H\\u00fclle&quot;,&quot;camera&quot;:&quot;X-Pro2&quot;,&quot;caption&quot;:&quot;&quot;,&quot;created_timestamp&quot;:&quot;1555181119&quot;,&quot;copyright&quot;:&quot;Martin H\\u00fclle \/ www.martin-huelle.de&quot;,&quot;focal_length&quot;:&quot;35&quot;,&quot;iso&quot;:&quot;200&quot;,&quot;shutter_speed&quot;:&quot;0.0008&quot;,&quot;title&quot;:&quot;Holland Ostern 2019&quot;,&quot;orientation&quot;:&quot;1&quot;}\" data-image-title=\"50 mm \u2013 Am Strand, Foto: Martin H\u00fclle\" data-image-description=\"&lt;p&gt;50 mm \u2013 Am Strand, Foto: Martin H\u00fclle&lt;\/p&gt;\n\" data-image-caption=\"\" data-large-file=\"https:\/\/www.martin-huelle.de\/blog\/wp-content\/uploads\/2025\/09\/50_mm_am_strand-1024x683.jpg\" role=\"button\" tabindex=\"0\" aria-label=\"Bild\u00a02 von 3 im Vollbildmodus \u00f6ffnen\"srcset=\"https:\/\/i0.wp.com\/www.martin-huelle.de\/blog\/wp-content\/uploads\/2025\/09\/50_mm_am_strand-1024x683.jpg?strip=info&#038;w=600&#038;ssl=1 600w,https:\/\/i0.wp.com\/www.martin-huelle.de\/blog\/wp-content\/uploads\/2025\/09\/50_mm_am_strand-1024x683.jpg?strip=info&#038;w=900&#038;ssl=1 900w,https:\/\/i0.wp.com\/www.martin-huelle.de\/blog\/wp-content\/uploads\/2025\/09\/50_mm_am_strand-1024x683.jpg?strip=info&#038;w=1200&#038;ssl=1 1200w,https:\/\/i0.wp.com\/www.martin-huelle.de\/blog\/wp-content\/uploads\/2025\/09\/50_mm_am_strand-1024x683.jpg?strip=info&#038;w=1500&#038;ssl=1 1500w,https:\/\/i0.wp.com\/www.martin-huelle.de\/blog\/wp-content\/uploads\/2025\/09\/50_mm_am_strand-1024x683.jpg?strip=info&#038;w=1800&#038;ssl=1 1800w,https:\/\/i0.wp.com\/www.martin-huelle.de\/blog\/wp-content\/uploads\/2025\/09\/50_mm_am_strand-1024x683.jpg?strip=info&#038;w=2000&#038;ssl=1 2000w\" alt=\"50 mm \u2013 Am Strand, Foto: Martin H\u00fclle\" data-height=\"1340\" data-id=\"12134\" data-link=\"https:\/\/www.martin-huelle.de\/blog\/holland-ostern-2019-6\/\" data-url=\"https:\/\/www.martin-huelle.de\/blog\/wp-content\/uploads\/2025\/09\/50_mm_am_strand-1024x683.jpg\" data-width=\"2010\" src=\"https:\/\/i0.wp.com\/www.martin-huelle.de\/blog\/wp-content\/uploads\/2025\/09\/50_mm_am_strand-1024x683.jpg?ssl=1\" data-amp-layout=\"responsive\"\/><\/figure><figure class=\"tiled-gallery__item\"><img decoding=\"async\" data-attachment-id=\"12135\" data-permalink=\"https:\/\/www.martin-huelle.de\/blog\/texel-herbst-2016-13\/\" data-orig-file=\"https:\/\/www.martin-huelle.de\/blog\/wp-content\/uploads\/2025\/09\/50_mm_balanceakt.jpg\" data-orig-size=\"2010,1340\" data-comments-opened=\"1\" data-image-meta=\"{&quot;aperture&quot;:&quot;2.8&quot;,&quot;credit&quot;:&quot;Martin H\\u00fclle&quot;,&quot;camera&quot;:&quot;X-Pro2&quot;,&quot;caption&quot;:&quot;&quot;,&quot;created_timestamp&quot;:&quot;1476897692&quot;,&quot;copyright&quot;:&quot;Martin H\\u00fclle \/ www.martin-huelle.de&quot;,&quot;focal_length&quot;:&quot;35&quot;,&quot;iso&quot;:&quot;200&quot;,&quot;shutter_speed&quot;:&quot;0.00025&quot;,&quot;title&quot;:&quot;Texel Herbst 2016&quot;,&quot;orientation&quot;:&quot;1&quot;}\" data-image-title=\"50 mm \u2013 Balanceakt, Foto: Martin H\u00fclle\" data-image-description=\"&lt;p&gt;50 mm \u2013 Balanceakt, Foto: Martin H\u00fclle&lt;\/p&gt;\n\" data-image-caption=\"\" data-large-file=\"https:\/\/www.martin-huelle.de\/blog\/wp-content\/uploads\/2025\/09\/50_mm_balanceakt-1024x683.jpg\" data-attachment-id=\"12135\" data-permalink=\"https:\/\/www.martin-huelle.de\/blog\/texel-herbst-2016-13\/\" data-orig-file=\"https:\/\/www.martin-huelle.de\/blog\/wp-content\/uploads\/2025\/09\/50_mm_balanceakt.jpg\" data-orig-size=\"2010,1340\" data-comments-opened=\"1\" data-image-meta=\"{&quot;aperture&quot;:&quot;2.8&quot;,&quot;credit&quot;:&quot;Martin H\\u00fclle&quot;,&quot;camera&quot;:&quot;X-Pro2&quot;,&quot;caption&quot;:&quot;&quot;,&quot;created_timestamp&quot;:&quot;1476897692&quot;,&quot;copyright&quot;:&quot;Martin H\\u00fclle \/ www.martin-huelle.de&quot;,&quot;focal_length&quot;:&quot;35&quot;,&quot;iso&quot;:&quot;200&quot;,&quot;shutter_speed&quot;:&quot;0.00025&quot;,&quot;title&quot;:&quot;Texel Herbst 2016&quot;,&quot;orientation&quot;:&quot;1&quot;}\" data-image-title=\"50 mm \u2013 Balanceakt, Foto: Martin H\u00fclle\" data-image-description=\"&lt;p&gt;50 mm \u2013 Balanceakt, Foto: Martin H\u00fclle&lt;\/p&gt;\n\" data-image-caption=\"\" data-large-file=\"https:\/\/www.martin-huelle.de\/blog\/wp-content\/uploads\/2025\/09\/50_mm_balanceakt-1024x683.jpg\" role=\"button\" tabindex=\"0\" aria-label=\"Bild\u00a03 von 3 im Vollbildmodus \u00f6ffnen\"srcset=\"https:\/\/i0.wp.com\/www.martin-huelle.de\/blog\/wp-content\/uploads\/2025\/09\/50_mm_balanceakt-1024x683.jpg?strip=info&#038;w=600&#038;ssl=1 600w,https:\/\/i0.wp.com\/www.martin-huelle.de\/blog\/wp-content\/uploads\/2025\/09\/50_mm_balanceakt-1024x683.jpg?strip=info&#038;w=900&#038;ssl=1 900w,https:\/\/i0.wp.com\/www.martin-huelle.de\/blog\/wp-content\/uploads\/2025\/09\/50_mm_balanceakt-1024x683.jpg?strip=info&#038;w=1200&#038;ssl=1 1200w,https:\/\/i0.wp.com\/www.martin-huelle.de\/blog\/wp-content\/uploads\/2025\/09\/50_mm_balanceakt-1024x683.jpg?strip=info&#038;w=1500&#038;ssl=1 1500w,https:\/\/i0.wp.com\/www.martin-huelle.de\/blog\/wp-content\/uploads\/2025\/09\/50_mm_balanceakt-1024x683.jpg?strip=info&#038;w=1800&#038;ssl=1 1800w,https:\/\/i0.wp.com\/www.martin-huelle.de\/blog\/wp-content\/uploads\/2025\/09\/50_mm_balanceakt-1024x683.jpg?strip=info&#038;w=2000&#038;ssl=1 2000w\" alt=\"50 mm \u2013 Balanceakt, Foto: Martin H\u00fclle\" data-height=\"1340\" data-id=\"12135\" data-link=\"https:\/\/www.martin-huelle.de\/blog\/texel-herbst-2016-13\/\" data-url=\"https:\/\/www.martin-huelle.de\/blog\/wp-content\/uploads\/2025\/09\/50_mm_balanceakt-1024x683.jpg\" data-width=\"2010\" src=\"https:\/\/i0.wp.com\/www.martin-huelle.de\/blog\/wp-content\/uploads\/2025\/09\/50_mm_balanceakt-1024x683.jpg?ssl=1\" data-amp-layout=\"responsive\"\/><\/figure><\/div><\/div><\/div><\/div><\/div>\n\n\n\n<p class=\"has-text-align-center\">\u2014<\/p>\n\n\n\n<p>Vielleicht ist das ein Grund, weswegen diese Brennweite \u2013 mittlerweile habe ich das neuere 35er von Fujifilm \u2013 aus meinem <a href=\"https:\/\/www.martin-huelle.de\/blog\/mein-objektiv-quartett-von-fujifilm\/\">Objektiv-Quartett<\/a> meist als erstes rausf\u00e4llt, von dem ich aus Gewichts- und Platzgr\u00fcnden normalerweise immer nur drei Linsen mit auf meine Reisen und Touren nehme.<\/p>\n\n\n\n<div class=\"wp-block-jetpack-tiled-gallery aligncenter is-style-rectangular\"><div class=\"\"><div class=\"tiled-gallery__gallery\"><div class=\"tiled-gallery__row\"><div class=\"tiled-gallery__col\" style=\"flex-basis:66.79688%\"><figure class=\"tiled-gallery__item\"><img decoding=\"async\" data-attachment-id=\"12138\" data-permalink=\"https:\/\/www.martin-huelle.de\/blog\/texel-herbst-2016-19\/\" data-orig-file=\"https:\/\/www.martin-huelle.de\/blog\/wp-content\/uploads\/2025\/09\/50_mm_sonnenfleck.jpg\" data-orig-size=\"2010,1340\" data-comments-opened=\"1\" data-image-meta=\"{&quot;aperture&quot;:&quot;2&quot;,&quot;credit&quot;:&quot;Martin H\\u00fclle&quot;,&quot;camera&quot;:&quot;X-Pro2&quot;,&quot;caption&quot;:&quot;&quot;,&quot;created_timestamp&quot;:&quot;1476464308&quot;,&quot;copyright&quot;:&quot;Martin H\\u00fclle \/ www.martin-huelle.de&quot;,&quot;focal_length&quot;:&quot;35&quot;,&quot;iso&quot;:&quot;200&quot;,&quot;shutter_speed&quot;:&quot;0.0023809523809524&quot;,&quot;title&quot;:&quot;Texel Herbst 2016&quot;,&quot;orientation&quot;:&quot;1&quot;}\" data-image-title=\"50 mm \u2013 Sonnenfleck, Foto: Martin H\u00fclle\" data-image-description=\"&lt;p&gt;50 mm \u2013 Sonnenfleck, Foto: Martin H\u00fclle&lt;\/p&gt;\n\" data-image-caption=\"\" data-large-file=\"https:\/\/www.martin-huelle.de\/blog\/wp-content\/uploads\/2025\/09\/50_mm_sonnenfleck-1024x683.jpg\" data-attachment-id=\"12138\" data-permalink=\"https:\/\/www.martin-huelle.de\/blog\/texel-herbst-2016-19\/\" data-orig-file=\"https:\/\/www.martin-huelle.de\/blog\/wp-content\/uploads\/2025\/09\/50_mm_sonnenfleck.jpg\" data-orig-size=\"2010,1340\" data-comments-opened=\"1\" data-image-meta=\"{&quot;aperture&quot;:&quot;2&quot;,&quot;credit&quot;:&quot;Martin H\\u00fclle&quot;,&quot;camera&quot;:&quot;X-Pro2&quot;,&quot;caption&quot;:&quot;&quot;,&quot;created_timestamp&quot;:&quot;1476464308&quot;,&quot;copyright&quot;:&quot;Martin H\\u00fclle \/ www.martin-huelle.de&quot;,&quot;focal_length&quot;:&quot;35&quot;,&quot;iso&quot;:&quot;200&quot;,&quot;shutter_speed&quot;:&quot;0.0023809523809524&quot;,&quot;title&quot;:&quot;Texel Herbst 2016&quot;,&quot;orientation&quot;:&quot;1&quot;}\" data-image-title=\"50 mm \u2013 Sonnenfleck, Foto: Martin H\u00fclle\" data-image-description=\"&lt;p&gt;50 mm \u2013 Sonnenfleck, Foto: Martin H\u00fclle&lt;\/p&gt;\n\" data-image-caption=\"\" data-large-file=\"https:\/\/www.martin-huelle.de\/blog\/wp-content\/uploads\/2025\/09\/50_mm_sonnenfleck-1024x683.jpg\" role=\"button\" tabindex=\"0\" aria-label=\"Bild\u00a01 von 3 im Vollbildmodus \u00f6ffnen\"srcset=\"https:\/\/i0.wp.com\/www.martin-huelle.de\/blog\/wp-content\/uploads\/2025\/09\/50_mm_sonnenfleck-1024x683.jpg?strip=info&#038;w=600&#038;ssl=1 600w,https:\/\/i0.wp.com\/www.martin-huelle.de\/blog\/wp-content\/uploads\/2025\/09\/50_mm_sonnenfleck-1024x683.jpg?strip=info&#038;w=900&#038;ssl=1 900w,https:\/\/i0.wp.com\/www.martin-huelle.de\/blog\/wp-content\/uploads\/2025\/09\/50_mm_sonnenfleck-1024x683.jpg?strip=info&#038;w=1200&#038;ssl=1 1200w,https:\/\/i0.wp.com\/www.martin-huelle.de\/blog\/wp-content\/uploads\/2025\/09\/50_mm_sonnenfleck-1024x683.jpg?strip=info&#038;w=1500&#038;ssl=1 1500w,https:\/\/i0.wp.com\/www.martin-huelle.de\/blog\/wp-content\/uploads\/2025\/09\/50_mm_sonnenfleck-1024x683.jpg?strip=info&#038;w=1800&#038;ssl=1 1800w,https:\/\/i0.wp.com\/www.martin-huelle.de\/blog\/wp-content\/uploads\/2025\/09\/50_mm_sonnenfleck-1024x683.jpg?strip=info&#038;w=2000&#038;ssl=1 2000w\" alt=\"50 mm \u2013 Sonnenfleck, Foto: Martin H\u00fclle\" data-height=\"1340\" data-id=\"12138\" data-link=\"https:\/\/www.martin-huelle.de\/blog\/texel-herbst-2016-19\/\" data-url=\"https:\/\/www.martin-huelle.de\/blog\/wp-content\/uploads\/2025\/09\/50_mm_sonnenfleck-1024x683.jpg\" data-width=\"2010\" src=\"https:\/\/i0.wp.com\/www.martin-huelle.de\/blog\/wp-content\/uploads\/2025\/09\/50_mm_sonnenfleck-1024x683.jpg?ssl=1\" data-amp-layout=\"responsive\"\/><\/figure><\/div><div class=\"tiled-gallery__col\" style=\"flex-basis:33.20313%\"><figure class=\"tiled-gallery__item\"><img decoding=\"async\" data-attachment-id=\"12136\" data-permalink=\"https:\/\/www.martin-huelle.de\/blog\/texel-herbst-2016-17\/\" data-orig-file=\"https:\/\/www.martin-huelle.de\/blog\/wp-content\/uploads\/2025\/09\/50_mm_blattlos.jpg\" data-orig-size=\"2010,1340\" data-comments-opened=\"1\" data-image-meta=\"{&quot;aperture&quot;:&quot;4&quot;,&quot;credit&quot;:&quot;Martin H\\u00fclle&quot;,&quot;camera&quot;:&quot;X-Pro2&quot;,&quot;caption&quot;:&quot;&quot;,&quot;created_timestamp&quot;:&quot;1476623522&quot;,&quot;copyright&quot;:&quot;Martin H\\u00fclle \/ www.martin-huelle.de&quot;,&quot;focal_length&quot;:&quot;35&quot;,&quot;iso&quot;:&quot;200&quot;,&quot;shutter_speed&quot;:&quot;0.00045454545454545&quot;,&quot;title&quot;:&quot;Texel Herbst 2016&quot;,&quot;orientation&quot;:&quot;1&quot;}\" data-image-title=\"50 mm \u2013 Blattlos, Foto: Martin H\u00fclle\" data-image-description=\"&lt;p&gt;50 mm \u2013 Blattlos, Foto: Martin H\u00fclle&lt;\/p&gt;\n\" data-image-caption=\"\" data-large-file=\"https:\/\/www.martin-huelle.de\/blog\/wp-content\/uploads\/2025\/09\/50_mm_blattlos-1024x683.jpg\" data-attachment-id=\"12136\" data-permalink=\"https:\/\/www.martin-huelle.de\/blog\/texel-herbst-2016-17\/\" data-orig-file=\"https:\/\/www.martin-huelle.de\/blog\/wp-content\/uploads\/2025\/09\/50_mm_blattlos.jpg\" data-orig-size=\"2010,1340\" data-comments-opened=\"1\" data-image-meta=\"{&quot;aperture&quot;:&quot;4&quot;,&quot;credit&quot;:&quot;Martin H\\u00fclle&quot;,&quot;camera&quot;:&quot;X-Pro2&quot;,&quot;caption&quot;:&quot;&quot;,&quot;created_timestamp&quot;:&quot;1476623522&quot;,&quot;copyright&quot;:&quot;Martin H\\u00fclle \/ www.martin-huelle.de&quot;,&quot;focal_length&quot;:&quot;35&quot;,&quot;iso&quot;:&quot;200&quot;,&quot;shutter_speed&quot;:&quot;0.00045454545454545&quot;,&quot;title&quot;:&quot;Texel Herbst 2016&quot;,&quot;orientation&quot;:&quot;1&quot;}\" data-image-title=\"50 mm \u2013 Blattlos, Foto: Martin H\u00fclle\" data-image-description=\"&lt;p&gt;50 mm \u2013 Blattlos, Foto: Martin H\u00fclle&lt;\/p&gt;\n\" data-image-caption=\"\" data-large-file=\"https:\/\/www.martin-huelle.de\/blog\/wp-content\/uploads\/2025\/09\/50_mm_blattlos-1024x683.jpg\" role=\"button\" tabindex=\"0\" aria-label=\"Bild\u00a02 von 3 im Vollbildmodus \u00f6ffnen\"srcset=\"https:\/\/i0.wp.com\/www.martin-huelle.de\/blog\/wp-content\/uploads\/2025\/09\/50_mm_blattlos-1024x683.jpg?strip=info&#038;w=600&#038;ssl=1 600w,https:\/\/i0.wp.com\/www.martin-huelle.de\/blog\/wp-content\/uploads\/2025\/09\/50_mm_blattlos-1024x683.jpg?strip=info&#038;w=900&#038;ssl=1 900w,https:\/\/i0.wp.com\/www.martin-huelle.de\/blog\/wp-content\/uploads\/2025\/09\/50_mm_blattlos-1024x683.jpg?strip=info&#038;w=1200&#038;ssl=1 1200w,https:\/\/i0.wp.com\/www.martin-huelle.de\/blog\/wp-content\/uploads\/2025\/09\/50_mm_blattlos-1024x683.jpg?strip=info&#038;w=1500&#038;ssl=1 1500w,https:\/\/i0.wp.com\/www.martin-huelle.de\/blog\/wp-content\/uploads\/2025\/09\/50_mm_blattlos-1024x683.jpg?strip=info&#038;w=1800&#038;ssl=1 1800w,https:\/\/i0.wp.com\/www.martin-huelle.de\/blog\/wp-content\/uploads\/2025\/09\/50_mm_blattlos-1024x683.jpg?strip=info&#038;w=2000&#038;ssl=1 2000w\" alt=\"50 mm \u2013 Blattlos, Foto: Martin H\u00fclle\" data-height=\"1340\" data-id=\"12136\" data-link=\"https:\/\/www.martin-huelle.de\/blog\/texel-herbst-2016-17\/\" data-url=\"https:\/\/www.martin-huelle.de\/blog\/wp-content\/uploads\/2025\/09\/50_mm_blattlos-1024x683.jpg\" data-width=\"2010\" src=\"https:\/\/i0.wp.com\/www.martin-huelle.de\/blog\/wp-content\/uploads\/2025\/09\/50_mm_blattlos-1024x683.jpg?ssl=1\" data-amp-layout=\"responsive\"\/><\/figure><figure class=\"tiled-gallery__item\"><img decoding=\"async\" data-attachment-id=\"12137\" data-permalink=\"https:\/\/www.martin-huelle.de\/blog\/texel-herbst-2016-18\/\" data-orig-file=\"https:\/\/www.martin-huelle.de\/blog\/wp-content\/uploads\/2025\/09\/50_mm_zwischen_graesern.jpg\" data-orig-size=\"2010,1340\" data-comments-opened=\"1\" data-image-meta=\"{&quot;aperture&quot;:&quot;2.8&quot;,&quot;credit&quot;:&quot;Martin H\\u00fclle&quot;,&quot;camera&quot;:&quot;X-Pro2&quot;,&quot;caption&quot;:&quot;&quot;,&quot;created_timestamp&quot;:&quot;1476624834&quot;,&quot;copyright&quot;:&quot;Martin H\\u00fclle \/ www.martin-huelle.de&quot;,&quot;focal_length&quot;:&quot;35&quot;,&quot;iso&quot;:&quot;200&quot;,&quot;shutter_speed&quot;:&quot;0.0002&quot;,&quot;title&quot;:&quot;Texel Herbst 2016&quot;,&quot;orientation&quot;:&quot;1&quot;}\" data-image-title=\"50 mm \u2013 Zwischen Gr\u00e4sern, Foto: Martin H\u00fclle\" data-image-description=\"&lt;p&gt;50 mm \u2013 Zwischen Gr\u00e4sern, Foto: Martin H\u00fclle&lt;\/p&gt;\n\" data-image-caption=\"\" data-large-file=\"https:\/\/www.martin-huelle.de\/blog\/wp-content\/uploads\/2025\/09\/50_mm_zwischen_graesern-1024x683.jpg\" data-attachment-id=\"12137\" data-permalink=\"https:\/\/www.martin-huelle.de\/blog\/texel-herbst-2016-18\/\" data-orig-file=\"https:\/\/www.martin-huelle.de\/blog\/wp-content\/uploads\/2025\/09\/50_mm_zwischen_graesern.jpg\" data-orig-size=\"2010,1340\" data-comments-opened=\"1\" data-image-meta=\"{&quot;aperture&quot;:&quot;2.8&quot;,&quot;credit&quot;:&quot;Martin H\\u00fclle&quot;,&quot;camera&quot;:&quot;X-Pro2&quot;,&quot;caption&quot;:&quot;&quot;,&quot;created_timestamp&quot;:&quot;1476624834&quot;,&quot;copyright&quot;:&quot;Martin H\\u00fclle \/ www.martin-huelle.de&quot;,&quot;focal_length&quot;:&quot;35&quot;,&quot;iso&quot;:&quot;200&quot;,&quot;shutter_speed&quot;:&quot;0.0002&quot;,&quot;title&quot;:&quot;Texel Herbst 2016&quot;,&quot;orientation&quot;:&quot;1&quot;}\" data-image-title=\"50 mm \u2013 Zwischen Gr\u00e4sern, Foto: Martin H\u00fclle\" data-image-description=\"&lt;p&gt;50 mm \u2013 Zwischen Gr\u00e4sern, Foto: Martin H\u00fclle&lt;\/p&gt;\n\" data-image-caption=\"\" data-large-file=\"https:\/\/www.martin-huelle.de\/blog\/wp-content\/uploads\/2025\/09\/50_mm_zwischen_graesern-1024x683.jpg\" role=\"button\" tabindex=\"0\" aria-label=\"Bild\u00a03 von 3 im Vollbildmodus \u00f6ffnen\"srcset=\"https:\/\/i0.wp.com\/www.martin-huelle.de\/blog\/wp-content\/uploads\/2025\/09\/50_mm_zwischen_graesern-1024x683.jpg?strip=info&#038;w=600&#038;ssl=1 600w,https:\/\/i0.wp.com\/www.martin-huelle.de\/blog\/wp-content\/uploads\/2025\/09\/50_mm_zwischen_graesern-1024x683.jpg?strip=info&#038;w=900&#038;ssl=1 900w,https:\/\/i0.wp.com\/www.martin-huelle.de\/blog\/wp-content\/uploads\/2025\/09\/50_mm_zwischen_graesern-1024x683.jpg?strip=info&#038;w=1200&#038;ssl=1 1200w,https:\/\/i0.wp.com\/www.martin-huelle.de\/blog\/wp-content\/uploads\/2025\/09\/50_mm_zwischen_graesern-1024x683.jpg?strip=info&#038;w=1500&#038;ssl=1 1500w,https:\/\/i0.wp.com\/www.martin-huelle.de\/blog\/wp-content\/uploads\/2025\/09\/50_mm_zwischen_graesern-1024x683.jpg?strip=info&#038;w=1800&#038;ssl=1 1800w,https:\/\/i0.wp.com\/www.martin-huelle.de\/blog\/wp-content\/uploads\/2025\/09\/50_mm_zwischen_graesern-1024x683.jpg?strip=info&#038;w=2000&#038;ssl=1 2000w\" alt=\"50 mm \u2013 Zwischen Gr\u00e4sern, Foto: Martin H\u00fclle\" data-height=\"1340\" data-id=\"12137\" data-link=\"https:\/\/www.martin-huelle.de\/blog\/texel-herbst-2016-18\/\" data-url=\"https:\/\/www.martin-huelle.de\/blog\/wp-content\/uploads\/2025\/09\/50_mm_zwischen_graesern-1024x683.jpg\" data-width=\"2010\" src=\"https:\/\/i0.wp.com\/www.martin-huelle.de\/blog\/wp-content\/uploads\/2025\/09\/50_mm_zwischen_graesern-1024x683.jpg?ssl=1\" data-amp-layout=\"responsive\"\/><\/figure><\/div><\/div><\/div><\/div><\/div>\n\n\n\n<p class=\"has-text-align-center\">\u2014<\/p>\n\n\n\n<p>So kommt diese menschliche Brennweite bei mir in erster Linie nur noch dann zum Zuge, wenn ich gezielt nur ein Objektiv dabei haben m\u00f6chte, z. B. auf Familienausfl\u00fcgen, um dabei &#8222;spielerisch&#8220; die Normalit\u00e4t \u2013 im wahrsten Sinne des Wortes \u2013 einzufangen &#8230;<\/p>\n\n\n\n<h4 class=\"wp-block-heading\">Eine Alternative: 40 Millimeter<\/h4>\n\n\n\n<p>Nun gut. Ein Normalobjektiv ist ein Normalobjektiv. Und wer eine solche Linse einsetzt, tut dies sicherlich ganz bewusst. Eine interessante Alternative ist in meinen Augen dennoch eine 40-mm-Optik, die etwas mehr Dynamik ins Spiel bringt, ohne gleich zu sehr ins weitwinklige abzurutschen und vom normalen Seheindruck abzuweichen.<\/p>\n\n\n\n<p>Bei Fujifilm deckt das XF27mmF2.8 R WR diesen Bereich ab, ein kleines und leichtes Pancake, das genau genommen einem 41er-Kleinbildobjektiv entspricht.<\/p>\n\n\n\n<div class=\"wp-block-jetpack-tiled-gallery aligncenter is-style-rectangular\"><div class=\"\"><div class=\"tiled-gallery__gallery\"><div class=\"tiled-gallery__row\"><div class=\"tiled-gallery__col\" style=\"flex-basis:66.79688%\"><figure class=\"tiled-gallery__item\"><img decoding=\"async\" data-attachment-id=\"12142\" data-permalink=\"https:\/\/www.martin-huelle.de\/blog\/nordische-momente-faeroeer-masterclass-2022-22\/\" data-orig-file=\"https:\/\/www.martin-huelle.de\/blog\/wp-content\/uploads\/2025\/09\/40_mm_wildes_wasser.jpg\" data-orig-size=\"2010,1340\" data-comments-opened=\"1\" data-image-meta=\"{&quot;aperture&quot;:&quot;5.6&quot;,&quot;credit&quot;:&quot;Martin H\\u00fclle&quot;,&quot;camera&quot;:&quot;X-E4&quot;,&quot;caption&quot;:&quot;&quot;,&quot;created_timestamp&quot;:&quot;1661599441&quot;,&quot;copyright&quot;:&quot;Martin H\\u00fclle, www.martin-huelle.de&quot;,&quot;focal_length&quot;:&quot;27&quot;,&quot;iso&quot;:&quot;800&quot;,&quot;shutter_speed&quot;:&quot;0.002&quot;,&quot;title&quot;:&quot;Nordische Momente - F\\u00e4r\\u00f6er Masterclass 2022&quot;,&quot;orientation&quot;:&quot;1&quot;}\" data-image-title=\"40 mm \u2013 Wildes Wasser, Foto: Martin H\u00fclle\" data-image-description=\"&lt;p&gt;40 mm \u2013 Wildes Wasser, Foto: Martin H\u00fclle&lt;\/p&gt;\n\" data-image-caption=\"\" data-large-file=\"https:\/\/www.martin-huelle.de\/blog\/wp-content\/uploads\/2025\/09\/40_mm_wildes_wasser-1024x683.jpg\" data-attachment-id=\"12142\" data-permalink=\"https:\/\/www.martin-huelle.de\/blog\/nordische-momente-faeroeer-masterclass-2022-22\/\" data-orig-file=\"https:\/\/www.martin-huelle.de\/blog\/wp-content\/uploads\/2025\/09\/40_mm_wildes_wasser.jpg\" data-orig-size=\"2010,1340\" data-comments-opened=\"1\" data-image-meta=\"{&quot;aperture&quot;:&quot;5.6&quot;,&quot;credit&quot;:&quot;Martin H\\u00fclle&quot;,&quot;camera&quot;:&quot;X-E4&quot;,&quot;caption&quot;:&quot;&quot;,&quot;created_timestamp&quot;:&quot;1661599441&quot;,&quot;copyright&quot;:&quot;Martin H\\u00fclle, www.martin-huelle.de&quot;,&quot;focal_length&quot;:&quot;27&quot;,&quot;iso&quot;:&quot;800&quot;,&quot;shutter_speed&quot;:&quot;0.002&quot;,&quot;title&quot;:&quot;Nordische Momente - F\\u00e4r\\u00f6er Masterclass 2022&quot;,&quot;orientation&quot;:&quot;1&quot;}\" data-image-title=\"40 mm \u2013 Wildes Wasser, Foto: Martin H\u00fclle\" data-image-description=\"&lt;p&gt;40 mm \u2013 Wildes Wasser, Foto: Martin H\u00fclle&lt;\/p&gt;\n\" data-image-caption=\"\" data-large-file=\"https:\/\/www.martin-huelle.de\/blog\/wp-content\/uploads\/2025\/09\/40_mm_wildes_wasser-1024x683.jpg\" role=\"button\" tabindex=\"0\" aria-label=\"Bild\u00a01 von 3 im Vollbildmodus \u00f6ffnen\"srcset=\"https:\/\/i0.wp.com\/www.martin-huelle.de\/blog\/wp-content\/uploads\/2025\/09\/40_mm_wildes_wasser-1024x683.jpg?strip=info&#038;w=600&#038;ssl=1 600w,https:\/\/i0.wp.com\/www.martin-huelle.de\/blog\/wp-content\/uploads\/2025\/09\/40_mm_wildes_wasser-1024x683.jpg?strip=info&#038;w=900&#038;ssl=1 900w,https:\/\/i0.wp.com\/www.martin-huelle.de\/blog\/wp-content\/uploads\/2025\/09\/40_mm_wildes_wasser-1024x683.jpg?strip=info&#038;w=1200&#038;ssl=1 1200w,https:\/\/i0.wp.com\/www.martin-huelle.de\/blog\/wp-content\/uploads\/2025\/09\/40_mm_wildes_wasser-1024x683.jpg?strip=info&#038;w=1500&#038;ssl=1 1500w,https:\/\/i0.wp.com\/www.martin-huelle.de\/blog\/wp-content\/uploads\/2025\/09\/40_mm_wildes_wasser-1024x683.jpg?strip=info&#038;w=1800&#038;ssl=1 1800w,https:\/\/i0.wp.com\/www.martin-huelle.de\/blog\/wp-content\/uploads\/2025\/09\/40_mm_wildes_wasser-1024x683.jpg?strip=info&#038;w=2000&#038;ssl=1 2000w\" alt=\"40 mm \u2013 Wildes Wasser, Foto: Martin H\u00fclle\" data-height=\"1340\" data-id=\"12142\" data-link=\"https:\/\/www.martin-huelle.de\/blog\/nordische-momente-faeroeer-masterclass-2022-22\/\" data-url=\"https:\/\/www.martin-huelle.de\/blog\/wp-content\/uploads\/2025\/09\/40_mm_wildes_wasser-1024x683.jpg\" data-width=\"2010\" src=\"https:\/\/i0.wp.com\/www.martin-huelle.de\/blog\/wp-content\/uploads\/2025\/09\/40_mm_wildes_wasser-1024x683.jpg?ssl=1\" data-amp-layout=\"responsive\"\/><\/figure><\/div><div class=\"tiled-gallery__col\" style=\"flex-basis:33.20313%\"><figure class=\"tiled-gallery__item\"><img decoding=\"async\" data-attachment-id=\"12144\" data-permalink=\"https:\/\/www.martin-huelle.de\/blog\/osterfreude-2\/\" data-orig-file=\"https:\/\/www.martin-huelle.de\/blog\/wp-content\/uploads\/2025\/09\/40_mm_osterfreude.jpg\" data-orig-size=\"2010,1340\" data-comments-opened=\"1\" data-image-meta=\"{&quot;aperture&quot;:&quot;5.6&quot;,&quot;credit&quot;:&quot;Martin H\\u00fclle&quot;,&quot;camera&quot;:&quot;X-E4&quot;,&quot;caption&quot;:&quot;&quot;,&quot;created_timestamp&quot;:&quot;1602608404&quot;,&quot;copyright&quot;:&quot;Martin H\\u00fclle, www.martin-huelle.de&quot;,&quot;focal_length&quot;:&quot;27&quot;,&quot;iso&quot;:&quot;160&quot;,&quot;shutter_speed&quot;:&quot;0.0018181818181818&quot;,&quot;title&quot;:&quot;Osterfreude&quot;,&quot;orientation&quot;:&quot;1&quot;}\" data-image-title=\"40 mm \u2013 Osterfreude, Foto: Martin H\u00fclle\" data-image-description=\"&lt;p&gt;40 mm \u2013 Osterfreude, Foto: Martin H\u00fclle&lt;\/p&gt;\n\" data-image-caption=\"\" data-large-file=\"https:\/\/www.martin-huelle.de\/blog\/wp-content\/uploads\/2025\/09\/40_mm_osterfreude-1024x683.jpg\" data-attachment-id=\"12144\" data-permalink=\"https:\/\/www.martin-huelle.de\/blog\/osterfreude-2\/\" data-orig-file=\"https:\/\/www.martin-huelle.de\/blog\/wp-content\/uploads\/2025\/09\/40_mm_osterfreude.jpg\" data-orig-size=\"2010,1340\" data-comments-opened=\"1\" data-image-meta=\"{&quot;aperture&quot;:&quot;5.6&quot;,&quot;credit&quot;:&quot;Martin H\\u00fclle&quot;,&quot;camera&quot;:&quot;X-E4&quot;,&quot;caption&quot;:&quot;&quot;,&quot;created_timestamp&quot;:&quot;1602608404&quot;,&quot;copyright&quot;:&quot;Martin H\\u00fclle, www.martin-huelle.de&quot;,&quot;focal_length&quot;:&quot;27&quot;,&quot;iso&quot;:&quot;160&quot;,&quot;shutter_speed&quot;:&quot;0.0018181818181818&quot;,&quot;title&quot;:&quot;Osterfreude&quot;,&quot;orientation&quot;:&quot;1&quot;}\" data-image-title=\"40 mm \u2013 Osterfreude, Foto: Martin H\u00fclle\" data-image-description=\"&lt;p&gt;40 mm \u2013 Osterfreude, Foto: Martin H\u00fclle&lt;\/p&gt;\n\" data-image-caption=\"\" data-large-file=\"https:\/\/www.martin-huelle.de\/blog\/wp-content\/uploads\/2025\/09\/40_mm_osterfreude-1024x683.jpg\" role=\"button\" tabindex=\"0\" aria-label=\"Bild\u00a02 von 3 im Vollbildmodus \u00f6ffnen\"srcset=\"https:\/\/i0.wp.com\/www.martin-huelle.de\/blog\/wp-content\/uploads\/2025\/09\/40_mm_osterfreude-1024x683.jpg?strip=info&#038;w=600&#038;ssl=1 600w,https:\/\/i0.wp.com\/www.martin-huelle.de\/blog\/wp-content\/uploads\/2025\/09\/40_mm_osterfreude-1024x683.jpg?strip=info&#038;w=900&#038;ssl=1 900w,https:\/\/i0.wp.com\/www.martin-huelle.de\/blog\/wp-content\/uploads\/2025\/09\/40_mm_osterfreude-1024x683.jpg?strip=info&#038;w=1200&#038;ssl=1 1200w,https:\/\/i0.wp.com\/www.martin-huelle.de\/blog\/wp-content\/uploads\/2025\/09\/40_mm_osterfreude-1024x683.jpg?strip=info&#038;w=1500&#038;ssl=1 1500w,https:\/\/i0.wp.com\/www.martin-huelle.de\/blog\/wp-content\/uploads\/2025\/09\/40_mm_osterfreude-1024x683.jpg?strip=info&#038;w=1800&#038;ssl=1 1800w,https:\/\/i0.wp.com\/www.martin-huelle.de\/blog\/wp-content\/uploads\/2025\/09\/40_mm_osterfreude-1024x683.jpg?strip=info&#038;w=2000&#038;ssl=1 2000w\" alt=\"40 mm \u2013 Osterfreude, Foto: Martin H\u00fclle\" data-height=\"1340\" data-id=\"12144\" data-link=\"https:\/\/www.martin-huelle.de\/blog\/osterfreude-2\/\" data-url=\"https:\/\/www.martin-huelle.de\/blog\/wp-content\/uploads\/2025\/09\/40_mm_osterfreude-1024x683.jpg\" data-width=\"2010\" src=\"https:\/\/i0.wp.com\/www.martin-huelle.de\/blog\/wp-content\/uploads\/2025\/09\/40_mm_osterfreude-1024x683.jpg?ssl=1\" data-amp-layout=\"responsive\"\/><\/figure><figure class=\"tiled-gallery__item\"><img decoding=\"async\" data-attachment-id=\"12143\" data-permalink=\"https:\/\/www.martin-huelle.de\/blog\/skarvheimen-winter-2023-8\/\" data-orig-file=\"https:\/\/www.martin-huelle.de\/blog\/wp-content\/uploads\/2025\/09\/40_mm_zeltlager.jpg\" data-orig-size=\"2010,1340\" data-comments-opened=\"1\" data-image-meta=\"{&quot;aperture&quot;:&quot;8&quot;,&quot;credit&quot;:&quot;Martin H\\u00fclle&quot;,&quot;camera&quot;:&quot;X-E4&quot;,&quot;caption&quot;:&quot;&quot;,&quot;created_timestamp&quot;:&quot;1661599441&quot;,&quot;copyright&quot;:&quot;Martin H\\u00fclle, www.martin-huelle.de&quot;,&quot;focal_length&quot;:&quot;27&quot;,&quot;iso&quot;:&quot;160&quot;,&quot;shutter_speed&quot;:&quot;0.004&quot;,&quot;title&quot;:&quot;Skarvheimen Winter 2023&quot;,&quot;orientation&quot;:&quot;1&quot;}\" data-image-title=\"40 mm \u2013 Zeltlager, Foto: Martin H\u00fclle\" data-image-description=\"&lt;p&gt;40 mm \u2013 Zeltlager, Foto: Martin H\u00fclle&lt;\/p&gt;\n\" data-image-caption=\"\" data-large-file=\"https:\/\/www.martin-huelle.de\/blog\/wp-content\/uploads\/2025\/09\/40_mm_zeltlager-1024x683.jpg\" data-attachment-id=\"12143\" data-permalink=\"https:\/\/www.martin-huelle.de\/blog\/skarvheimen-winter-2023-8\/\" data-orig-file=\"https:\/\/www.martin-huelle.de\/blog\/wp-content\/uploads\/2025\/09\/40_mm_zeltlager.jpg\" data-orig-size=\"2010,1340\" data-comments-opened=\"1\" data-image-meta=\"{&quot;aperture&quot;:&quot;8&quot;,&quot;credit&quot;:&quot;Martin H\\u00fclle&quot;,&quot;camera&quot;:&quot;X-E4&quot;,&quot;caption&quot;:&quot;&quot;,&quot;created_timestamp&quot;:&quot;1661599441&quot;,&quot;copyright&quot;:&quot;Martin H\\u00fclle, www.martin-huelle.de&quot;,&quot;focal_length&quot;:&quot;27&quot;,&quot;iso&quot;:&quot;160&quot;,&quot;shutter_speed&quot;:&quot;0.004&quot;,&quot;title&quot;:&quot;Skarvheimen Winter 2023&quot;,&quot;orientation&quot;:&quot;1&quot;}\" data-image-title=\"40 mm \u2013 Zeltlager, Foto: Martin H\u00fclle\" data-image-description=\"&lt;p&gt;40 mm \u2013 Zeltlager, Foto: Martin H\u00fclle&lt;\/p&gt;\n\" data-image-caption=\"\" data-large-file=\"https:\/\/www.martin-huelle.de\/blog\/wp-content\/uploads\/2025\/09\/40_mm_zeltlager-1024x683.jpg\" role=\"button\" tabindex=\"0\" aria-label=\"Bild\u00a03 von 3 im Vollbildmodus \u00f6ffnen\"srcset=\"https:\/\/i0.wp.com\/www.martin-huelle.de\/blog\/wp-content\/uploads\/2025\/09\/40_mm_zeltlager-1024x683.jpg?strip=info&#038;w=600&#038;ssl=1 600w,https:\/\/i0.wp.com\/www.martin-huelle.de\/blog\/wp-content\/uploads\/2025\/09\/40_mm_zeltlager-1024x683.jpg?strip=info&#038;w=900&#038;ssl=1 900w,https:\/\/i0.wp.com\/www.martin-huelle.de\/blog\/wp-content\/uploads\/2025\/09\/40_mm_zeltlager-1024x683.jpg?strip=info&#038;w=1200&#038;ssl=1 1200w,https:\/\/i0.wp.com\/www.martin-huelle.de\/blog\/wp-content\/uploads\/2025\/09\/40_mm_zeltlager-1024x683.jpg?strip=info&#038;w=1500&#038;ssl=1 1500w,https:\/\/i0.wp.com\/www.martin-huelle.de\/blog\/wp-content\/uploads\/2025\/09\/40_mm_zeltlager-1024x683.jpg?strip=info&#038;w=1800&#038;ssl=1 1800w,https:\/\/i0.wp.com\/www.martin-huelle.de\/blog\/wp-content\/uploads\/2025\/09\/40_mm_zeltlager-1024x683.jpg?strip=info&#038;w=2000&#038;ssl=1 2000w\" alt=\"40 mm \u2013 Zeltlager, Foto: Martin H\u00fclle\" data-height=\"1340\" data-id=\"12143\" data-link=\"https:\/\/www.martin-huelle.de\/blog\/skarvheimen-winter-2023-8\/\" data-url=\"https:\/\/www.martin-huelle.de\/blog\/wp-content\/uploads\/2025\/09\/40_mm_zeltlager-1024x683.jpg\" data-width=\"2010\" src=\"https:\/\/i0.wp.com\/www.martin-huelle.de\/blog\/wp-content\/uploads\/2025\/09\/40_mm_zeltlager-1024x683.jpg?ssl=1\" data-amp-layout=\"responsive\"\/><\/figure><\/div><\/div><\/div><\/div><\/div>\n\n\n\n<p class=\"has-text-align-center\">\u2014<\/p>\n\n\n\n<p>In den letzten Jahren habe ich diesen Winzling aufgrund seiner Kompaktheit, und weil mir das Normalobjektiv vielfach ein bisschen zu eng ist, bei vielen Unternehmungen dabei gehabt. Im Gegensatz zu einem 50er <em>(33er\/35er bei Fujifilm)<\/em> bietet diese Brennweite den Hauch einer minimalen Realit\u00e4tsver\u00e4nderung, welche ansonsten oft fehlt.<\/p>\n\n\n\n<p>Unbestritten sind einige der Bilder, die bis heute als Inbegriff zeitloser Fotografie gelten, mit 50 mm aufgenommen. Deshalb geh\u00f6rt ein solches Normalobjektiv eigentlich in jede Fototasche &#8230;<\/p>\n\n\n\n<div class=\"wp-block-jetpack-tiled-gallery aligncenter is-style-rectangular\"><div class=\"\"><div class=\"tiled-gallery__gallery\"><div class=\"tiled-gallery__row\"><div class=\"tiled-gallery__col\" style=\"flex-basis:66.79688%\"><figure class=\"tiled-gallery__item\"><img decoding=\"async\" data-attachment-id=\"12146\" data-permalink=\"https:\/\/www.martin-huelle.de\/blog\/kungsleden-sommer-2021-4\/\" data-orig-file=\"https:\/\/www.martin-huelle.de\/blog\/wp-content\/uploads\/2025\/09\/40_mm_in_lappland.jpg\" data-orig-size=\"2010,1340\" data-comments-opened=\"1\" data-image-meta=\"{&quot;aperture&quot;:&quot;5.6&quot;,&quot;credit&quot;:&quot;Martin H\\u00fclle&quot;,&quot;camera&quot;:&quot;X-E4&quot;,&quot;caption&quot;:&quot;&quot;,&quot;created_timestamp&quot;:&quot;1661599441&quot;,&quot;copyright&quot;:&quot;Martin H\\u00fclle, www.martin-huelle.de&quot;,&quot;focal_length&quot;:&quot;27&quot;,&quot;iso&quot;:&quot;160&quot;,&quot;shutter_speed&quot;:&quot;0.0022222222222222&quot;,&quot;title&quot;:&quot;Kungsleden Sommer 2021&quot;,&quot;orientation&quot;:&quot;1&quot;}\" data-image-title=\"40 mm \u2013 In Lappland, Foto: Martin H\u00fclle\" data-image-description=\"&lt;p&gt;40 mm \u2013 In Lappland, Foto: Martin H\u00fclle&lt;\/p&gt;\n\" data-image-caption=\"\" data-large-file=\"https:\/\/www.martin-huelle.de\/blog\/wp-content\/uploads\/2025\/09\/40_mm_in_lappland-1024x683.jpg\" data-attachment-id=\"12146\" data-permalink=\"https:\/\/www.martin-huelle.de\/blog\/kungsleden-sommer-2021-4\/\" data-orig-file=\"https:\/\/www.martin-huelle.de\/blog\/wp-content\/uploads\/2025\/09\/40_mm_in_lappland.jpg\" data-orig-size=\"2010,1340\" data-comments-opened=\"1\" data-image-meta=\"{&quot;aperture&quot;:&quot;5.6&quot;,&quot;credit&quot;:&quot;Martin H\\u00fclle&quot;,&quot;camera&quot;:&quot;X-E4&quot;,&quot;caption&quot;:&quot;&quot;,&quot;created_timestamp&quot;:&quot;1661599441&quot;,&quot;copyright&quot;:&quot;Martin H\\u00fclle, www.martin-huelle.de&quot;,&quot;focal_length&quot;:&quot;27&quot;,&quot;iso&quot;:&quot;160&quot;,&quot;shutter_speed&quot;:&quot;0.0022222222222222&quot;,&quot;title&quot;:&quot;Kungsleden Sommer 2021&quot;,&quot;orientation&quot;:&quot;1&quot;}\" data-image-title=\"40 mm \u2013 In Lappland, Foto: Martin H\u00fclle\" data-image-description=\"&lt;p&gt;40 mm \u2013 In Lappland, Foto: Martin H\u00fclle&lt;\/p&gt;\n\" data-image-caption=\"\" data-large-file=\"https:\/\/www.martin-huelle.de\/blog\/wp-content\/uploads\/2025\/09\/40_mm_in_lappland-1024x683.jpg\" role=\"button\" tabindex=\"0\" aria-label=\"Bild\u00a01 von 3 im Vollbildmodus \u00f6ffnen\"srcset=\"https:\/\/i0.wp.com\/www.martin-huelle.de\/blog\/wp-content\/uploads\/2025\/09\/40_mm_in_lappland-1024x683.jpg?strip=info&#038;w=600&#038;ssl=1 600w,https:\/\/i0.wp.com\/www.martin-huelle.de\/blog\/wp-content\/uploads\/2025\/09\/40_mm_in_lappland-1024x683.jpg?strip=info&#038;w=900&#038;ssl=1 900w,https:\/\/i0.wp.com\/www.martin-huelle.de\/blog\/wp-content\/uploads\/2025\/09\/40_mm_in_lappland-1024x683.jpg?strip=info&#038;w=1200&#038;ssl=1 1200w,https:\/\/i0.wp.com\/www.martin-huelle.de\/blog\/wp-content\/uploads\/2025\/09\/40_mm_in_lappland-1024x683.jpg?strip=info&#038;w=1500&#038;ssl=1 1500w,https:\/\/i0.wp.com\/www.martin-huelle.de\/blog\/wp-content\/uploads\/2025\/09\/40_mm_in_lappland-1024x683.jpg?strip=info&#038;w=1800&#038;ssl=1 1800w,https:\/\/i0.wp.com\/www.martin-huelle.de\/blog\/wp-content\/uploads\/2025\/09\/40_mm_in_lappland-1024x683.jpg?strip=info&#038;w=2000&#038;ssl=1 2000w\" alt=\"40 mm \u2013 In Lappland, Foto: Martin H\u00fclle\" data-height=\"1340\" data-id=\"12146\" data-link=\"https:\/\/www.martin-huelle.de\/blog\/kungsleden-sommer-2021-4\/\" data-url=\"https:\/\/www.martin-huelle.de\/blog\/wp-content\/uploads\/2025\/09\/40_mm_in_lappland-1024x683.jpg\" data-width=\"2010\" src=\"https:\/\/i0.wp.com\/www.martin-huelle.de\/blog\/wp-content\/uploads\/2025\/09\/40_mm_in_lappland-1024x683.jpg?ssl=1\" data-amp-layout=\"responsive\"\/><\/figure><\/div><div class=\"tiled-gallery__col\" style=\"flex-basis:33.20313%\"><figure class=\"tiled-gallery__item\"><img decoding=\"async\" data-attachment-id=\"12147\" data-permalink=\"https:\/\/www.martin-huelle.de\/blog\/kungsleden-sommer-2021-5\/\" data-orig-file=\"https:\/\/www.martin-huelle.de\/blog\/wp-content\/uploads\/2025\/09\/40_mm_kebnekaise.jpg\" data-orig-size=\"2010,1340\" data-comments-opened=\"1\" data-image-meta=\"{&quot;aperture&quot;:&quot;11&quot;,&quot;credit&quot;:&quot;Martin H\\u00fclle&quot;,&quot;camera&quot;:&quot;X-E4&quot;,&quot;caption&quot;:&quot;&quot;,&quot;created_timestamp&quot;:&quot;1661599441&quot;,&quot;copyright&quot;:&quot;Martin H\\u00fclle, www.martin-huelle.de&quot;,&quot;focal_length&quot;:&quot;27&quot;,&quot;iso&quot;:&quot;320&quot;,&quot;shutter_speed&quot;:&quot;0.008&quot;,&quot;title&quot;:&quot;Kungsleden Sommer 2021&quot;,&quot;orientation&quot;:&quot;1&quot;}\" data-image-title=\"40 mm \u2013 Kebnekaise, Foto: Martin H\u00fclle\" data-image-description=\"&lt;p&gt;40 mm \u2013 Kebnekaise, Foto: Martin H\u00fclle&lt;\/p&gt;\n\" data-image-caption=\"\" data-large-file=\"https:\/\/www.martin-huelle.de\/blog\/wp-content\/uploads\/2025\/09\/40_mm_kebnekaise-1024x683.jpg\" data-attachment-id=\"12147\" data-permalink=\"https:\/\/www.martin-huelle.de\/blog\/kungsleden-sommer-2021-5\/\" data-orig-file=\"https:\/\/www.martin-huelle.de\/blog\/wp-content\/uploads\/2025\/09\/40_mm_kebnekaise.jpg\" data-orig-size=\"2010,1340\" data-comments-opened=\"1\" data-image-meta=\"{&quot;aperture&quot;:&quot;11&quot;,&quot;credit&quot;:&quot;Martin H\\u00fclle&quot;,&quot;camera&quot;:&quot;X-E4&quot;,&quot;caption&quot;:&quot;&quot;,&quot;created_timestamp&quot;:&quot;1661599441&quot;,&quot;copyright&quot;:&quot;Martin H\\u00fclle, www.martin-huelle.de&quot;,&quot;focal_length&quot;:&quot;27&quot;,&quot;iso&quot;:&quot;320&quot;,&quot;shutter_speed&quot;:&quot;0.008&quot;,&quot;title&quot;:&quot;Kungsleden Sommer 2021&quot;,&quot;orientation&quot;:&quot;1&quot;}\" data-image-title=\"40 mm \u2013 Kebnekaise, Foto: Martin H\u00fclle\" data-image-description=\"&lt;p&gt;40 mm \u2013 Kebnekaise, Foto: Martin H\u00fclle&lt;\/p&gt;\n\" data-image-caption=\"\" data-large-file=\"https:\/\/www.martin-huelle.de\/blog\/wp-content\/uploads\/2025\/09\/40_mm_kebnekaise-1024x683.jpg\" role=\"button\" tabindex=\"0\" aria-label=\"Bild\u00a02 von 3 im Vollbildmodus \u00f6ffnen\"srcset=\"https:\/\/i0.wp.com\/www.martin-huelle.de\/blog\/wp-content\/uploads\/2025\/09\/40_mm_kebnekaise-1024x683.jpg?strip=info&#038;w=600&#038;ssl=1 600w,https:\/\/i0.wp.com\/www.martin-huelle.de\/blog\/wp-content\/uploads\/2025\/09\/40_mm_kebnekaise-1024x683.jpg?strip=info&#038;w=900&#038;ssl=1 900w,https:\/\/i0.wp.com\/www.martin-huelle.de\/blog\/wp-content\/uploads\/2025\/09\/40_mm_kebnekaise-1024x683.jpg?strip=info&#038;w=1200&#038;ssl=1 1200w,https:\/\/i0.wp.com\/www.martin-huelle.de\/blog\/wp-content\/uploads\/2025\/09\/40_mm_kebnekaise-1024x683.jpg?strip=info&#038;w=1500&#038;ssl=1 1500w,https:\/\/i0.wp.com\/www.martin-huelle.de\/blog\/wp-content\/uploads\/2025\/09\/40_mm_kebnekaise-1024x683.jpg?strip=info&#038;w=1800&#038;ssl=1 1800w,https:\/\/i0.wp.com\/www.martin-huelle.de\/blog\/wp-content\/uploads\/2025\/09\/40_mm_kebnekaise-1024x683.jpg?strip=info&#038;w=2000&#038;ssl=1 2000w\" alt=\"40 mm \u2013 Kebnekaise, Foto: Martin H\u00fclle\" data-height=\"1340\" data-id=\"12147\" data-link=\"https:\/\/www.martin-huelle.de\/blog\/kungsleden-sommer-2021-5\/\" data-url=\"https:\/\/www.martin-huelle.de\/blog\/wp-content\/uploads\/2025\/09\/40_mm_kebnekaise-1024x683.jpg\" data-width=\"2010\" src=\"https:\/\/i0.wp.com\/www.martin-huelle.de\/blog\/wp-content\/uploads\/2025\/09\/40_mm_kebnekaise-1024x683.jpg?ssl=1\" data-amp-layout=\"responsive\"\/><\/figure><figure class=\"tiled-gallery__item\"><img decoding=\"async\" data-attachment-id=\"12148\" data-permalink=\"https:\/\/www.martin-huelle.de\/blog\/kungsleden-sommer-2021-6\/\" data-orig-file=\"https:\/\/www.martin-huelle.de\/blog\/wp-content\/uploads\/2025\/09\/40_mm_regenbogen.jpg\" data-orig-size=\"2010,1340\" data-comments-opened=\"1\" data-image-meta=\"{&quot;aperture&quot;:&quot;11&quot;,&quot;credit&quot;:&quot;Martin H\\u00fclle&quot;,&quot;camera&quot;:&quot;X-E4&quot;,&quot;caption&quot;:&quot;&quot;,&quot;created_timestamp&quot;:&quot;1661599441&quot;,&quot;copyright&quot;:&quot;Martin H\\u00fclle, www.martin-huelle.de&quot;,&quot;focal_length&quot;:&quot;27&quot;,&quot;iso&quot;:&quot;160&quot;,&quot;shutter_speed&quot;:&quot;0.0071428571428571&quot;,&quot;title&quot;:&quot;Kungsleden Sommer 2021&quot;,&quot;orientation&quot;:&quot;1&quot;}\" data-image-title=\"40 mm \u2013 Regenbogen, Foto: Martin H\u00fclle\" data-image-description=\"&lt;p&gt;40 mm \u2013 Regenbogen, Foto: Martin H\u00fclle&lt;\/p&gt;\n\" data-image-caption=\"\" data-large-file=\"https:\/\/www.martin-huelle.de\/blog\/wp-content\/uploads\/2025\/09\/40_mm_regenbogen-1024x683.jpg\" data-attachment-id=\"12148\" data-permalink=\"https:\/\/www.martin-huelle.de\/blog\/kungsleden-sommer-2021-6\/\" data-orig-file=\"https:\/\/www.martin-huelle.de\/blog\/wp-content\/uploads\/2025\/09\/40_mm_regenbogen.jpg\" data-orig-size=\"2010,1340\" data-comments-opened=\"1\" data-image-meta=\"{&quot;aperture&quot;:&quot;11&quot;,&quot;credit&quot;:&quot;Martin H\\u00fclle&quot;,&quot;camera&quot;:&quot;X-E4&quot;,&quot;caption&quot;:&quot;&quot;,&quot;created_timestamp&quot;:&quot;1661599441&quot;,&quot;copyright&quot;:&quot;Martin H\\u00fclle, www.martin-huelle.de&quot;,&quot;focal_length&quot;:&quot;27&quot;,&quot;iso&quot;:&quot;160&quot;,&quot;shutter_speed&quot;:&quot;0.0071428571428571&quot;,&quot;title&quot;:&quot;Kungsleden Sommer 2021&quot;,&quot;orientation&quot;:&quot;1&quot;}\" data-image-title=\"40 mm \u2013 Regenbogen, Foto: Martin H\u00fclle\" data-image-description=\"&lt;p&gt;40 mm \u2013 Regenbogen, Foto: Martin H\u00fclle&lt;\/p&gt;\n\" data-image-caption=\"\" data-large-file=\"https:\/\/www.martin-huelle.de\/blog\/wp-content\/uploads\/2025\/09\/40_mm_regenbogen-1024x683.jpg\" role=\"button\" tabindex=\"0\" aria-label=\"Bild\u00a03 von 3 im Vollbildmodus \u00f6ffnen\"srcset=\"https:\/\/i0.wp.com\/www.martin-huelle.de\/blog\/wp-content\/uploads\/2025\/09\/40_mm_regenbogen-1024x683.jpg?strip=info&#038;w=600&#038;ssl=1 600w,https:\/\/i0.wp.com\/www.martin-huelle.de\/blog\/wp-content\/uploads\/2025\/09\/40_mm_regenbogen-1024x683.jpg?strip=info&#038;w=900&#038;ssl=1 900w,https:\/\/i0.wp.com\/www.martin-huelle.de\/blog\/wp-content\/uploads\/2025\/09\/40_mm_regenbogen-1024x683.jpg?strip=info&#038;w=1200&#038;ssl=1 1200w,https:\/\/i0.wp.com\/www.martin-huelle.de\/blog\/wp-content\/uploads\/2025\/09\/40_mm_regenbogen-1024x683.jpg?strip=info&#038;w=1500&#038;ssl=1 1500w,https:\/\/i0.wp.com\/www.martin-huelle.de\/blog\/wp-content\/uploads\/2025\/09\/40_mm_regenbogen-1024x683.jpg?strip=info&#038;w=1800&#038;ssl=1 1800w,https:\/\/i0.wp.com\/www.martin-huelle.de\/blog\/wp-content\/uploads\/2025\/09\/40_mm_regenbogen-1024x683.jpg?strip=info&#038;w=2000&#038;ssl=1 2000w\" alt=\"40 mm \u2013 Regenbogen, Foto: Martin H\u00fclle\" data-height=\"1340\" data-id=\"12148\" data-link=\"https:\/\/www.martin-huelle.de\/blog\/kungsleden-sommer-2021-6\/\" data-url=\"https:\/\/www.martin-huelle.de\/blog\/wp-content\/uploads\/2025\/09\/40_mm_regenbogen-1024x683.jpg\" data-width=\"2010\" src=\"https:\/\/i0.wp.com\/www.martin-huelle.de\/blog\/wp-content\/uploads\/2025\/09\/40_mm_regenbogen-1024x683.jpg?ssl=1\" data-amp-layout=\"responsive\"\/><\/figure><\/div><\/div><\/div><\/div><\/div>\n\n\n\n<p class=\"has-text-align-center\">\u2014<\/p>\n\n\n\n<p><em>Nutzt Ihr ein 50-mm-Objektiv? Oder ist Euch diese Brennweite auch oft zu langweilig? Berichtet gerne in den Kommentaren!<\/em><\/p>\n\n\n\n<h4 class=\"wp-block-heading\">Vorabartikel<\/h4>\n\n\n\n<p><a href=\"https:\/\/www.martin-huelle.de\/blog\/mein-objektiv-quartett-von-fujifilm\/\">&gt; Mein Objektiv-Quartett von Fujifilm<\/a><\/p>\n\n\n\n<h4 class=\"wp-block-heading\">Weitere Artikel<\/h4>\n\n\n\n<p><a href=\"https:\/\/www.martin-huelle.de\/blog\/24-mm-das-optimale-weitwinkel\/\">&gt; 24 mm \u2013 Das optimale Weitwinkel<\/a>&nbsp;<em>(16er bei Fujifilm)<\/em><br><a href=\"https:\/\/www.martin-huelle.de\/blog\/35-mm-das-kuenstlerische-normalobjektiv\/\">&gt; 35 mm \u2013 Das k\u00fcnstlerische Normalobjektiv<\/a>&nbsp;<em>(23er bei Fujifilm)<\/em><br><a href=\"https:\/\/www.martin-huelle.de\/blog\/75-mm-das-natuerliche-teleobjektiv\/\">&gt; 75 mm \u2013 Das nat\u00fcrliche Teleobjektiv<\/a>&nbsp;<em>(50er bei Fujifilm)<\/em><\/p>\n\n\n\n<p class=\"has-text-align-center\">\u2014<\/p>\n\n\n\n<p class=\"has-text-align-center\"><em>Dir&nbsp;<\/em><em>gef\u00e4llt mein Blog oder Du m\u00f6chtest meine Arbeit unterst\u00fctzen?<\/em>&nbsp;<em>Dann&nbsp;<a href=\"https:\/\/www.paypal.com\/paypalme\/martinhuellefotograf\" target=\"_blank\" rel=\"noreferrer noopener\">spendiere mir einen Kaffee<\/a>&nbsp;:-)<\/em><\/p>\n\n\n\n<p><\/p>\n<div class=\"shariff shariff-align-left shariff-widget-align-left\"><ul class=\"shariff-buttons theme-white orientation-horizontal buttonsize-small\"><li class=\"shariff-button facebook shariff-nocustomcolor\" style=\"background-color:#4273c8\"><a href=\"https:\/\/www.facebook.com\/sharer\/sharer.php?u=https%3A%2F%2Fwww.martin-huelle.de%2Fblog%2F50-mm-die-menschliche-brennweite%2F\" title=\"Bei Facebook teilen\" aria-label=\"Bei Facebook teilen\" role=\"button\" rel=\"nofollow\" class=\"shariff-link\" style=\"; background-color:#3b5998; color:#3b5998\" target=\"_blank\"><span class=\"shariff-icon\" style=\"fill:#3b5998\"><svg width=\"32px\" height=\"20px\" xmlns=\"http:\/\/www.w3.org\/2000\/svg\" viewBox=\"0 0 18 32\"><path fill=\"#3b5998\" d=\"M17.1 0.2v4.7h-2.8q-1.5 0-2.1 0.6t-0.5 1.9v3.4h5.2l-0.7 5.3h-4.5v13.6h-5.5v-13.6h-4.5v-5.3h4.5v-3.9q0-3.3 1.9-5.2t5-1.8q2.6 0 4.1 0.2z\"\/><\/svg><\/span><span class=\"shariff-text\" style=\"color:#3b5998\">teilen<\/span>&nbsp;<\/a><\/li><li class=\"shariff-button twitter shariff-nocustomcolor\" style=\"background-color:#595959\"><a href=\"https:\/\/twitter.com\/share?url=https%3A%2F%2Fwww.martin-huelle.de%2Fblog%2F50-mm-die-menschliche-brennweite%2F&text=50%20mm%20%E2%80%93%20Die%20menschliche%20Brennweite\" title=\"Bei X teilen\" aria-label=\"Bei X teilen\" role=\"button\" rel=\"noopener nofollow\" class=\"shariff-link\" style=\"; background-color:#000; color:#000\" target=\"_blank\"><span class=\"shariff-icon\" style=\"fill:#000\"><svg width=\"32px\" height=\"20px\" xmlns=\"http:\/\/www.w3.org\/2000\/svg\" viewBox=\"0 0 24 24\"><path fill=\"#000\" d=\"M14.258 10.152L23.176 0h-2.113l-7.747 8.813L7.133 0H0l9.352 13.328L0 23.973h2.113l8.176-9.309 6.531 9.309h7.133zm-2.895 3.293l-.949-1.328L2.875 1.56h3.246l6.086 8.523.945 1.328 7.91 11.078h-3.246zm0 0\"\/><\/svg><\/span><span class=\"shariff-text\" style=\"color:#000\">teilen<\/span>&nbsp;<\/a><\/li><li class=\"shariff-button mailto shariff-nocustomcolor\" style=\"background-color:#a8a8a8\"><a href=\"mailto:?body=https%3A%2F%2Fwww.martin-huelle.de%2Fblog%2F50-mm-die-menschliche-brennweite%2F&subject=50%20mm%20%E2%80%93%20Die%20menschliche%20Brennweite\" title=\"Per E-Mail versenden\" aria-label=\"Per E-Mail versenden\" role=\"button\" rel=\"noopener nofollow\" class=\"shariff-link\" style=\"; background-color:#999; color:#999\"><span class=\"shariff-icon\" style=\"fill:#999\"><svg width=\"32px\" height=\"20px\" xmlns=\"http:\/\/www.w3.org\/2000\/svg\" viewBox=\"0 0 32 32\"><path fill=\"#999\" d=\"M32 12.7v14.2q0 1.2-0.8 2t-2 0.9h-26.3q-1.2 0-2-0.9t-0.8-2v-14.2q0.8 0.9 1.8 1.6 6.5 4.4 8.9 6.1 1 0.8 1.6 1.2t1.7 0.9 2 0.4h0.1q0.9 0 2-0.4t1.7-0.9 1.6-1.2q3-2.2 8.9-6.1 1-0.7 1.8-1.6zM32 7.4q0 1.4-0.9 2.7t-2.2 2.2q-6.7 4.7-8.4 5.8-0.2 0.1-0.7 0.5t-1 0.7-0.9 0.6-1.1 0.5-0.9 0.2h-0.1q-0.4 0-0.9-0.2t-1.1-0.5-0.9-0.6-1-0.7-0.7-0.5q-1.6-1.1-4.7-3.2t-3.6-2.6q-1.1-0.7-2.1-2t-1-2.5q0-1.4 0.7-2.3t2.1-0.9h26.3q1.2 0 2 0.8t0.9 2z\"\/><\/svg><\/span><span class=\"shariff-text\" style=\"color:#999\">E-Mail<\/span>&nbsp;<\/a><\/li><\/ul><\/div>","protected":false},"excerpt":{"rendered":"<p>In der Fotografie wird eine 50-mm-Brennweite \u2013 bezogen auf das Kleinbildformat \u2013 seit eh und je als &#8222;Normalobjektiv&#8220; bezeichnet, da es der Sichtweise der menschlichen Augen am n\u00e4chsten kommt und eine nat\u00fcrliche Perspektive ohne Verzerrungen erzeugt. Obwohl das Sichtfeld eines Menschen durchaus einen deutlich weiteren Blickwinkel erfasst, an dessen R\u00e4ndern wir jedoch nur Bewegungen wahrnehmen&hellip;<\/p>\n","protected":false},"author":2,"featured_media":12123,"comment_status":"open","ping_status":"open","sticky":false,"template":"","format":"standard","meta":{"jetpack_post_was_ever_published":false,"_jetpack_newsletter_access":"","_jetpack_dont_email_post_to_subs":false,"_jetpack_newsletter_tier_id":0,"_jetpack_memberships_contains_paywalled_content":false,"_jetpack_memberships_contains_paid_content":false,"footnotes":"","jetpack_publicize_message":"","jetpack_publicize_feature_enabled":true,"jetpack_social_post_already_shared":true,"jetpack_social_options":{"image_generator_settings":{"template":"highway","default_image_id":0,"font":"","enabled":false},"version":2},"_links_to":"","_links_to_target":""},"categories":[13,9],"tags":[491,490,312,89,223,104],"class_list":["post-12128","post","type-post","status-publish","format-standard","has-post-thumbnail","hentry","category-ausrustung","category-fotografie","tag-35-mm","tag-50-mm","tag-festbrennweiten","tag-fujifilm","tag-fujinon","tag-objektive","comments-open","has-comments"],"yoast_head":"<!-- This site is optimized with the Yoast SEO plugin v27.5 - https:\/\/yoast.com\/product\/yoast-seo-wordpress\/ -->\n<title>50 mm \u2013 Die menschliche Brennweite - Martin H\u00fclle<\/title>\n<meta name=\"robots\" content=\"index, follow, max-snippet:-1, max-image-preview:large, max-video-preview:-1\" \/>\n<link rel=\"canonical\" href=\"https:\/\/www.martin-huelle.de\/blog\/50-mm-die-menschliche-brennweite\/\" \/>\n<meta property=\"og:locale\" content=\"de_DE\" \/>\n<meta property=\"og:type\" content=\"article\" \/>\n<meta property=\"og:title\" content=\"50 mm \u2013 Die menschliche Brennweite - Martin H\u00fclle\" \/>\n<meta property=\"og:description\" content=\"In der Fotografie wird eine 50-mm-Brennweite \u2013 bezogen auf das Kleinbildformat \u2013 seit eh und je als &#8222;Normalobjektiv&#8220; bezeichnet, da es der Sichtweise der menschlichen Augen am n\u00e4chsten kommt und eine nat\u00fcrliche Perspektive ohne Verzerrungen erzeugt. Obwohl das Sichtfeld eines Menschen durchaus einen deutlich weiteren Blickwinkel erfasst, an dessen R\u00e4ndern wir jedoch nur Bewegungen wahrnehmen&hellip;\" \/>\n<meta property=\"og:url\" content=\"https:\/\/www.martin-huelle.de\/blog\/50-mm-die-menschliche-brennweite\/\" \/>\n<meta property=\"og:site_name\" content=\"Martin H\u00fclle\" \/>\n<meta property=\"article:publisher\" content=\"https:\/\/www.facebook.com\/MartinHuelleFotografie\" \/>\n<meta property=\"article:published_time\" content=\"2025-09-08T08:28:22+00:00\" \/>\n<meta property=\"article:modified_time\" content=\"2025-09-18T07:06:55+00:00\" \/>\n<meta property=\"og:image\" content=\"https:\/\/www.martin-huelle.de\/blog\/wp-content\/uploads\/2025\/09\/50_mm_die_menschliche_brennweite.jpg\" \/>\n\t<meta property=\"og:image:width\" content=\"2000\" \/>\n\t<meta property=\"og:image:height\" content=\"1125\" \/>\n\t<meta property=\"og:image:type\" content=\"image\/jpeg\" \/>\n<meta name=\"author\" content=\"Martin H\u00fclle\" \/>\n<meta name=\"twitter:card\" content=\"summary_large_image\" \/>\n<meta name=\"twitter:creator\" content=\"@MartinHuelle\" \/>\n<meta name=\"twitter:site\" content=\"@MartinHuelle\" \/>\n<meta name=\"twitter:label1\" content=\"Verfasst von\" \/>\n\t<meta name=\"twitter:data1\" content=\"Martin H\u00fclle\" \/>\n\t<meta name=\"twitter:label2\" content=\"Gesch\u00e4tzte Lesezeit\" \/>\n\t<meta name=\"twitter:data2\" content=\"7\u00a0Minuten\" \/>\n<script type=\"application\/ld+json\" class=\"yoast-schema-graph\">{\"@context\":\"https:\\\/\\\/schema.org\",\"@graph\":[{\"@type\":\"Article\",\"@id\":\"https:\\\/\\\/www.martin-huelle.de\\\/blog\\\/50-mm-die-menschliche-brennweite\\\/#article\",\"isPartOf\":{\"@id\":\"https:\\\/\\\/www.martin-huelle.de\\\/blog\\\/50-mm-die-menschliche-brennweite\\\/\"},\"author\":{\"name\":\"Martin H\u00fclle\",\"@id\":\"https:\\\/\\\/www.martin-huelle.de\\\/blog\\\/#\\\/schema\\\/person\\\/3795a036df77eeca5488e43d17b280d6\"},\"headline\":\"50 mm \u2013 Die menschliche Brennweite\",\"datePublished\":\"2025-09-08T08:28:22+00:00\",\"dateModified\":\"2025-09-18T07:06:55+00:00\",\"mainEntityOfPage\":{\"@id\":\"https:\\\/\\\/www.martin-huelle.de\\\/blog\\\/50-mm-die-menschliche-brennweite\\\/\"},\"wordCount\":668,\"commentCount\":2,\"image\":{\"@id\":\"https:\\\/\\\/www.martin-huelle.de\\\/blog\\\/50-mm-die-menschliche-brennweite\\\/#primaryimage\"},\"thumbnailUrl\":\"https:\\\/\\\/www.martin-huelle.de\\\/blog\\\/wp-content\\\/uploads\\\/2025\\\/09\\\/50_mm_die_menschliche_brennweite.jpg\",\"keywords\":[\"35 mm\",\"50 mm\",\"festbrennweiten\",\"fujifilm\",\"fujinon\",\"objektive\"],\"articleSection\":[\"Ausr\u00fcstung\",\"Fotografie\"],\"inLanguage\":\"de\",\"potentialAction\":[{\"@type\":\"CommentAction\",\"name\":\"Comment\",\"target\":[\"https:\\\/\\\/www.martin-huelle.de\\\/blog\\\/50-mm-die-menschliche-brennweite\\\/#respond\"]}]},{\"@type\":\"WebPage\",\"@id\":\"https:\\\/\\\/www.martin-huelle.de\\\/blog\\\/50-mm-die-menschliche-brennweite\\\/\",\"url\":\"https:\\\/\\\/www.martin-huelle.de\\\/blog\\\/50-mm-die-menschliche-brennweite\\\/\",\"name\":\"50 mm \u2013 Die menschliche Brennweite - Martin H\u00fclle\",\"isPartOf\":{\"@id\":\"https:\\\/\\\/www.martin-huelle.de\\\/blog\\\/#website\"},\"primaryImageOfPage\":{\"@id\":\"https:\\\/\\\/www.martin-huelle.de\\\/blog\\\/50-mm-die-menschliche-brennweite\\\/#primaryimage\"},\"image\":{\"@id\":\"https:\\\/\\\/www.martin-huelle.de\\\/blog\\\/50-mm-die-menschliche-brennweite\\\/#primaryimage\"},\"thumbnailUrl\":\"https:\\\/\\\/www.martin-huelle.de\\\/blog\\\/wp-content\\\/uploads\\\/2025\\\/09\\\/50_mm_die_menschliche_brennweite.jpg\",\"datePublished\":\"2025-09-08T08:28:22+00:00\",\"dateModified\":\"2025-09-18T07:06:55+00:00\",\"author\":{\"@id\":\"https:\\\/\\\/www.martin-huelle.de\\\/blog\\\/#\\\/schema\\\/person\\\/3795a036df77eeca5488e43d17b280d6\"},\"breadcrumb\":{\"@id\":\"https:\\\/\\\/www.martin-huelle.de\\\/blog\\\/50-mm-die-menschliche-brennweite\\\/#breadcrumb\"},\"inLanguage\":\"de\",\"potentialAction\":[{\"@type\":\"ReadAction\",\"target\":[\"https:\\\/\\\/www.martin-huelle.de\\\/blog\\\/50-mm-die-menschliche-brennweite\\\/\"]}]},{\"@type\":\"ImageObject\",\"inLanguage\":\"de\",\"@id\":\"https:\\\/\\\/www.martin-huelle.de\\\/blog\\\/50-mm-die-menschliche-brennweite\\\/#primaryimage\",\"url\":\"https:\\\/\\\/www.martin-huelle.de\\\/blog\\\/wp-content\\\/uploads\\\/2025\\\/09\\\/50_mm_die_menschliche_brennweite.jpg\",\"contentUrl\":\"https:\\\/\\\/www.martin-huelle.de\\\/blog\\\/wp-content\\\/uploads\\\/2025\\\/09\\\/50_mm_die_menschliche_brennweite.jpg\",\"width\":2000,\"height\":1125,\"caption\":\"50 mm \u2013 Die menschliche Brennweite, Foto: Martin H\u00fclle\"},{\"@type\":\"BreadcrumbList\",\"@id\":\"https:\\\/\\\/www.martin-huelle.de\\\/blog\\\/50-mm-die-menschliche-brennweite\\\/#breadcrumb\",\"itemListElement\":[{\"@type\":\"ListItem\",\"position\":1,\"name\":\"Startseite\",\"item\":\"https:\\\/\\\/www.martin-huelle.de\\\/blog\\\/\"},{\"@type\":\"ListItem\",\"position\":2,\"name\":\"50 mm \u2013 Die menschliche Brennweite\"}]},{\"@type\":\"WebSite\",\"@id\":\"https:\\\/\\\/www.martin-huelle.de\\\/blog\\\/#website\",\"url\":\"https:\\\/\\\/www.martin-huelle.de\\\/blog\\\/\",\"name\":\"Martin H\u00fclle\",\"description\":\"Fotografie - Blog\",\"potentialAction\":[{\"@type\":\"SearchAction\",\"target\":{\"@type\":\"EntryPoint\",\"urlTemplate\":\"https:\\\/\\\/www.martin-huelle.de\\\/blog\\\/?s={search_term_string}\"},\"query-input\":{\"@type\":\"PropertyValueSpecification\",\"valueRequired\":true,\"valueName\":\"search_term_string\"}}],\"inLanguage\":\"de\"},{\"@type\":\"Person\",\"@id\":\"https:\\\/\\\/www.martin-huelle.de\\\/blog\\\/#\\\/schema\\\/person\\\/3795a036df77eeca5488e43d17b280d6\",\"name\":\"Martin H\u00fclle\",\"image\":{\"@type\":\"ImageObject\",\"inLanguage\":\"de\",\"@id\":\"https:\\\/\\\/secure.gravatar.com\\\/avatar\\\/c98e2751188ecfaf9efaca563c2601d020b00535097295c8d2a11488554048fe?s=96&d=blank&r=g\",\"url\":\"https:\\\/\\\/secure.gravatar.com\\\/avatar\\\/c98e2751188ecfaf9efaca563c2601d020b00535097295c8d2a11488554048fe?s=96&d=blank&r=g\",\"contentUrl\":\"https:\\\/\\\/secure.gravatar.com\\\/avatar\\\/c98e2751188ecfaf9efaca563c2601d020b00535097295c8d2a11488554048fe?s=96&d=blank&r=g\",\"caption\":\"Martin H\u00fclle\"},\"sameAs\":[\"http:\\\/\\\/www.martin-huelle.de\"],\"url\":\"https:\\\/\\\/www.martin-huelle.de\\\/blog\\\/author\\\/martin\\\/\"}]}<\/script>\n<!-- \/ Yoast SEO plugin. -->","yoast_head_json":{"title":"50 mm \u2013 Die menschliche Brennweite - Martin H\u00fclle","robots":{"index":"index","follow":"follow","max-snippet":"max-snippet:-1","max-image-preview":"max-image-preview:large","max-video-preview":"max-video-preview:-1"},"canonical":"https:\/\/www.martin-huelle.de\/blog\/50-mm-die-menschliche-brennweite\/","og_locale":"de_DE","og_type":"article","og_title":"50 mm \u2013 Die menschliche Brennweite - Martin H\u00fclle","og_description":"In der Fotografie wird eine 50-mm-Brennweite \u2013 bezogen auf das Kleinbildformat \u2013 seit eh und je als &#8222;Normalobjektiv&#8220; bezeichnet, da es der Sichtweise der menschlichen Augen am n\u00e4chsten kommt und eine nat\u00fcrliche Perspektive ohne Verzerrungen erzeugt. Obwohl das Sichtfeld eines Menschen durchaus einen deutlich weiteren Blickwinkel erfasst, an dessen R\u00e4ndern wir jedoch nur Bewegungen wahrnehmen&hellip;","og_url":"https:\/\/www.martin-huelle.de\/blog\/50-mm-die-menschliche-brennweite\/","og_site_name":"Martin H\u00fclle","article_publisher":"https:\/\/www.facebook.com\/MartinHuelleFotografie","article_published_time":"2025-09-08T08:28:22+00:00","article_modified_time":"2025-09-18T07:06:55+00:00","og_image":[{"width":2000,"height":1125,"url":"https:\/\/www.martin-huelle.de\/blog\/wp-content\/uploads\/2025\/09\/50_mm_die_menschliche_brennweite.jpg","type":"image\/jpeg"}],"author":"Martin H\u00fclle","twitter_card":"summary_large_image","twitter_creator":"@MartinHuelle","twitter_site":"@MartinHuelle","twitter_misc":{"Verfasst von":"Martin H\u00fclle","Gesch\u00e4tzte Lesezeit":"7\u00a0Minuten"},"schema":{"@context":"https:\/\/schema.org","@graph":[{"@type":"Article","@id":"https:\/\/www.martin-huelle.de\/blog\/50-mm-die-menschliche-brennweite\/#article","isPartOf":{"@id":"https:\/\/www.martin-huelle.de\/blog\/50-mm-die-menschliche-brennweite\/"},"author":{"name":"Martin H\u00fclle","@id":"https:\/\/www.martin-huelle.de\/blog\/#\/schema\/person\/3795a036df77eeca5488e43d17b280d6"},"headline":"50 mm \u2013 Die menschliche Brennweite","datePublished":"2025-09-08T08:28:22+00:00","dateModified":"2025-09-18T07:06:55+00:00","mainEntityOfPage":{"@id":"https:\/\/www.martin-huelle.de\/blog\/50-mm-die-menschliche-brennweite\/"},"wordCount":668,"commentCount":2,"image":{"@id":"https:\/\/www.martin-huelle.de\/blog\/50-mm-die-menschliche-brennweite\/#primaryimage"},"thumbnailUrl":"https:\/\/www.martin-huelle.de\/blog\/wp-content\/uploads\/2025\/09\/50_mm_die_menschliche_brennweite.jpg","keywords":["35 mm","50 mm","festbrennweiten","fujifilm","fujinon","objektive"],"articleSection":["Ausr\u00fcstung","Fotografie"],"inLanguage":"de","potentialAction":[{"@type":"CommentAction","name":"Comment","target":["https:\/\/www.martin-huelle.de\/blog\/50-mm-die-menschliche-brennweite\/#respond"]}]},{"@type":"WebPage","@id":"https:\/\/www.martin-huelle.de\/blog\/50-mm-die-menschliche-brennweite\/","url":"https:\/\/www.martin-huelle.de\/blog\/50-mm-die-menschliche-brennweite\/","name":"50 mm \u2013 Die menschliche Brennweite - Martin H\u00fclle","isPartOf":{"@id":"https:\/\/www.martin-huelle.de\/blog\/#website"},"primaryImageOfPage":{"@id":"https:\/\/www.martin-huelle.de\/blog\/50-mm-die-menschliche-brennweite\/#primaryimage"},"image":{"@id":"https:\/\/www.martin-huelle.de\/blog\/50-mm-die-menschliche-brennweite\/#primaryimage"},"thumbnailUrl":"https:\/\/www.martin-huelle.de\/blog\/wp-content\/uploads\/2025\/09\/50_mm_die_menschliche_brennweite.jpg","datePublished":"2025-09-08T08:28:22+00:00","dateModified":"2025-09-18T07:06:55+00:00","author":{"@id":"https:\/\/www.martin-huelle.de\/blog\/#\/schema\/person\/3795a036df77eeca5488e43d17b280d6"},"breadcrumb":{"@id":"https:\/\/www.martin-huelle.de\/blog\/50-mm-die-menschliche-brennweite\/#breadcrumb"},"inLanguage":"de","potentialAction":[{"@type":"ReadAction","target":["https:\/\/www.martin-huelle.de\/blog\/50-mm-die-menschliche-brennweite\/"]}]},{"@type":"ImageObject","inLanguage":"de","@id":"https:\/\/www.martin-huelle.de\/blog\/50-mm-die-menschliche-brennweite\/#primaryimage","url":"https:\/\/www.martin-huelle.de\/blog\/wp-content\/uploads\/2025\/09\/50_mm_die_menschliche_brennweite.jpg","contentUrl":"https:\/\/www.martin-huelle.de\/blog\/wp-content\/uploads\/2025\/09\/50_mm_die_menschliche_brennweite.jpg","width":2000,"height":1125,"caption":"50 mm \u2013 Die menschliche Brennweite, Foto: Martin H\u00fclle"},{"@type":"BreadcrumbList","@id":"https:\/\/www.martin-huelle.de\/blog\/50-mm-die-menschliche-brennweite\/#breadcrumb","itemListElement":[{"@type":"ListItem","position":1,"name":"Startseite","item":"https:\/\/www.martin-huelle.de\/blog\/"},{"@type":"ListItem","position":2,"name":"50 mm \u2013 Die menschliche Brennweite"}]},{"@type":"WebSite","@id":"https:\/\/www.martin-huelle.de\/blog\/#website","url":"https:\/\/www.martin-huelle.de\/blog\/","name":"Martin H\u00fclle","description":"Fotografie - Blog","potentialAction":[{"@type":"SearchAction","target":{"@type":"EntryPoint","urlTemplate":"https:\/\/www.martin-huelle.de\/blog\/?s={search_term_string}"},"query-input":{"@type":"PropertyValueSpecification","valueRequired":true,"valueName":"search_term_string"}}],"inLanguage":"de"},{"@type":"Person","@id":"https:\/\/www.martin-huelle.de\/blog\/#\/schema\/person\/3795a036df77eeca5488e43d17b280d6","name":"Martin H\u00fclle","image":{"@type":"ImageObject","inLanguage":"de","@id":"https:\/\/secure.gravatar.com\/avatar\/c98e2751188ecfaf9efaca563c2601d020b00535097295c8d2a11488554048fe?s=96&d=blank&r=g","url":"https:\/\/secure.gravatar.com\/avatar\/c98e2751188ecfaf9efaca563c2601d020b00535097295c8d2a11488554048fe?s=96&d=blank&r=g","contentUrl":"https:\/\/secure.gravatar.com\/avatar\/c98e2751188ecfaf9efaca563c2601d020b00535097295c8d2a11488554048fe?s=96&d=blank&r=g","caption":"Martin H\u00fclle"},"sameAs":["http:\/\/www.martin-huelle.de"],"url":"https:\/\/www.martin-huelle.de\/blog\/author\/martin\/"}]}},"jetpack_publicize_connections":[],"jetpack_featured_media_url":"https:\/\/www.martin-huelle.de\/blog\/wp-content\/uploads\/2025\/09\/50_mm_die_menschliche_brennweite.jpg","jetpack_sharing_enabled":true,"jetpack_shortlink":"https:\/\/wp.me\/p3Wb1B-39C","_links":{"self":[{"href":"https:\/\/www.martin-huelle.de\/blog\/wp-json\/wp\/v2\/posts\/12128","targetHints":{"allow":["GET"]}}],"collection":[{"href":"https:\/\/www.martin-huelle.de\/blog\/wp-json\/wp\/v2\/posts"}],"about":[{"href":"https:\/\/www.martin-huelle.de\/blog\/wp-json\/wp\/v2\/types\/post"}],"author":[{"embeddable":true,"href":"https:\/\/www.martin-huelle.de\/blog\/wp-json\/wp\/v2\/users\/2"}],"replies":[{"embeddable":true,"href":"https:\/\/www.martin-huelle.de\/blog\/wp-json\/wp\/v2\/comments?post=12128"}],"version-history":[{"count":41,"href":"https:\/\/www.martin-huelle.de\/blog\/wp-json\/wp\/v2\/posts\/12128\/revisions"}],"predecessor-version":[{"id":12377,"href":"https:\/\/www.martin-huelle.de\/blog\/wp-json\/wp\/v2\/posts\/12128\/revisions\/12377"}],"wp:featuredmedia":[{"embeddable":true,"href":"https:\/\/www.martin-huelle.de\/blog\/wp-json\/wp\/v2\/media\/12123"}],"wp:attachment":[{"href":"https:\/\/www.martin-huelle.de\/blog\/wp-json\/wp\/v2\/media?parent=12128"}],"wp:term":[{"taxonomy":"category","embeddable":true,"href":"https:\/\/www.martin-huelle.de\/blog\/wp-json\/wp\/v2\/categories?post=12128"},{"taxonomy":"post_tag","embeddable":true,"href":"https:\/\/www.martin-huelle.de\/blog\/wp-json\/wp\/v2\/tags?post=12128"}],"curies":[{"name":"wp","href":"https:\/\/api.w.org\/{rel}","templated":true}]}}