{"id":11651,"date":"2023-05-31T11:20:28","date_gmt":"2023-05-31T09:20:28","guid":{"rendered":"https:\/\/www.martin-huelle.de\/blog\/?p=11651"},"modified":"2024-09-16T08:03:56","modified_gmt":"2024-09-16T06:03:56","slug":"herbsttage-auf-der-isle-of-skye","status":"publish","type":"post","link":"https:\/\/www.martin-huelle.de\/blog\/herbsttage-auf-der-isle-of-skye\/","title":{"rendered":"Herbsttage auf der Isle of Skye"},"content":{"rendered":"\n<p class=\"has-text-align-center\">Berge und Meer \u2013 das waren immer wieder Motive w\u00e4hrend unserer <a href=\"https:\/\/www.martin-huelle.de\/fotoreisen\" target=\"_blank\" rel=\"noreferrer noopener\">Fotoreise<\/a> auf die Isle of Skye in Schottland.<\/p>\n\n\n\n<div class=\"wp-block-jetpack-tiled-gallery aligncenter is-style-rectangular\"><div class=\"\"><div class=\"tiled-gallery__gallery\"><div class=\"tiled-gallery__row\"><div class=\"tiled-gallery__col\" style=\"flex-basis:100.00000%\"><figure class=\"tiled-gallery__item\"><img decoding=\"async\" data-attachment-id=\"11649\" data-permalink=\"https:\/\/www.martin-huelle.de\/blog\/nordische-momente-isle-of-skye-masterclass-2021-9\/\" data-orig-file=\"https:\/\/www.martin-huelle.de\/blog\/wp-content\/uploads\/2023\/05\/moonen_bay_isle_of_skye_schottland.jpg\" data-orig-size=\"2010,1340\" data-comments-opened=\"1\" data-image-meta=\"{&quot;aperture&quot;:&quot;5.6&quot;,&quot;credit&quot;:&quot;Martin H\\u00fclle&quot;,&quot;camera&quot;:&quot;X-E4&quot;,&quot;caption&quot;:&quot;&quot;,&quot;created_timestamp&quot;:&quot;1661599441&quot;,&quot;copyright&quot;:&quot;Martin H\\u00fclle, www.martin-huelle.de&quot;,&quot;focal_length&quot;:&quot;50&quot;,&quot;iso&quot;:&quot;160&quot;,&quot;shutter_speed&quot;:&quot;0.00026315789473684&quot;,&quot;title&quot;:&quot;Nordische Momente - Isle of Skye Masterclass 2021&quot;,&quot;orientation&quot;:&quot;1&quot;}\" data-image-title=\"Moonen Bay, Isle of Skye, Schottland, Foto: Martin H\u00fclle\" data-image-description=\"&lt;p&gt;Moonen Bay, Isle of Skye, Schottland, Foto: Martin H\u00fclle&lt;\/p&gt;\n\" data-image-caption=\"\" data-large-file=\"https:\/\/www.martin-huelle.de\/blog\/wp-content\/uploads\/2023\/05\/moonen_bay_isle_of_skye_schottland-1024x683.jpg\" data-attachment-id=\"11649\" data-permalink=\"https:\/\/www.martin-huelle.de\/blog\/nordische-momente-isle-of-skye-masterclass-2021-9\/\" data-orig-file=\"https:\/\/www.martin-huelle.de\/blog\/wp-content\/uploads\/2023\/05\/moonen_bay_isle_of_skye_schottland.jpg\" data-orig-size=\"2010,1340\" data-comments-opened=\"1\" data-image-meta=\"{&quot;aperture&quot;:&quot;5.6&quot;,&quot;credit&quot;:&quot;Martin H\\u00fclle&quot;,&quot;camera&quot;:&quot;X-E4&quot;,&quot;caption&quot;:&quot;&quot;,&quot;created_timestamp&quot;:&quot;1661599441&quot;,&quot;copyright&quot;:&quot;Martin H\\u00fclle, www.martin-huelle.de&quot;,&quot;focal_length&quot;:&quot;50&quot;,&quot;iso&quot;:&quot;160&quot;,&quot;shutter_speed&quot;:&quot;0.00026315789473684&quot;,&quot;title&quot;:&quot;Nordische Momente - Isle of Skye Masterclass 2021&quot;,&quot;orientation&quot;:&quot;1&quot;}\" data-image-title=\"Moonen Bay, Isle of Skye, Schottland, Foto: Martin H\u00fclle\" data-image-description=\"&lt;p&gt;Moonen Bay, Isle of Skye, Schottland, Foto: Martin H\u00fclle&lt;\/p&gt;\n\" data-image-caption=\"\" data-large-file=\"https:\/\/www.martin-huelle.de\/blog\/wp-content\/uploads\/2023\/05\/moonen_bay_isle_of_skye_schottland-1024x683.jpg\" role=\"button\" tabindex=\"0\" aria-label=\"Bild\u00a01 von 1 im Vollbildmodus \u00f6ffnen\"srcset=\"https:\/\/i0.wp.com\/www.martin-huelle.de\/blog\/wp-content\/uploads\/2023\/05\/moonen_bay_isle_of_skye_schottland-1024x683.jpg?strip=info&#038;w=600&#038;ssl=1 600w,https:\/\/i0.wp.com\/www.martin-huelle.de\/blog\/wp-content\/uploads\/2023\/05\/moonen_bay_isle_of_skye_schottland-1024x683.jpg?strip=info&#038;w=900&#038;ssl=1 900w,https:\/\/i0.wp.com\/www.martin-huelle.de\/blog\/wp-content\/uploads\/2023\/05\/moonen_bay_isle_of_skye_schottland-1024x683.jpg?strip=info&#038;w=1200&#038;ssl=1 1200w,https:\/\/i0.wp.com\/www.martin-huelle.de\/blog\/wp-content\/uploads\/2023\/05\/moonen_bay_isle_of_skye_schottland-1024x683.jpg?strip=info&#038;w=1500&#038;ssl=1 1500w,https:\/\/i0.wp.com\/www.martin-huelle.de\/blog\/wp-content\/uploads\/2023\/05\/moonen_bay_isle_of_skye_schottland-1024x683.jpg?strip=info&#038;w=1800&#038;ssl=1 1800w,https:\/\/i0.wp.com\/www.martin-huelle.de\/blog\/wp-content\/uploads\/2023\/05\/moonen_bay_isle_of_skye_schottland-1024x683.jpg?strip=info&#038;w=2000&#038;ssl=1 2000w\" alt=\"Moonen Bay, Isle of Skye, Schottland, Foto: Martin H\u00fclle\" data-height=\"1340\" data-id=\"11649\" data-link=\"https:\/\/www.martin-huelle.de\/blog\/nordische-momente-isle-of-skye-masterclass-2021-9\/\" data-url=\"https:\/\/www.martin-huelle.de\/blog\/wp-content\/uploads\/2023\/05\/moonen_bay_isle_of_skye_schottland-1024x683.jpg\" data-width=\"2010\" src=\"https:\/\/i0.wp.com\/www.martin-huelle.de\/blog\/wp-content\/uploads\/2023\/05\/moonen_bay_isle_of_skye_schottland-1024x683.jpg?ssl=1\" data-amp-layout=\"responsive\" tabindex=\"0\" role=\"button\" aria-label=\"Bild\u00a01 von 1 im Vollbildmodus \u00f6ffnen\"\/><\/figure><\/div><\/div><\/div><\/div><\/div>\n\n\n\n<p class=\"has-text-align-center\">\u2014<\/p>\n\n\n\n<p class=\"has-text-align-center\">Rauschendes Wasser und stille See \u2013 ob versteckt zwischen den Gipfeln oder exponiert an der K\u00fcste, fanden wir immer wieder faszinierende Motive.<\/p>\n\n\n\n<div class=\"wp-block-jetpack-tiled-gallery aligncenter is-style-rectangular\"><div class=\"\"><div class=\"tiled-gallery__gallery\"><div class=\"tiled-gallery__row\"><div class=\"tiled-gallery__col\" style=\"flex-basis:69.18473%\"><figure class=\"tiled-gallery__item\"><img decoding=\"async\" data-attachment-id=\"11647\" data-permalink=\"https:\/\/www.martin-huelle.de\/blog\/nordische-momente-isle-of-skye-masterclass-2021-7\/\" data-orig-file=\"https:\/\/www.martin-huelle.de\/blog\/wp-content\/uploads\/2023\/05\/neist_point_isle_of_skye_schottland.jpg\" data-orig-size=\"2010,1340\" data-comments-opened=\"1\" data-image-meta=\"{&quot;aperture&quot;:&quot;8&quot;,&quot;credit&quot;:&quot;Martin H\\u00fclle&quot;,&quot;camera&quot;:&quot;X-E4&quot;,&quot;caption&quot;:&quot;&quot;,&quot;created_timestamp&quot;:&quot;1661599441&quot;,&quot;copyright&quot;:&quot;Martin H\\u00fclle, www.martin-huelle.de&quot;,&quot;focal_length&quot;:&quot;27&quot;,&quot;iso&quot;:&quot;800&quot;,&quot;shutter_speed&quot;:&quot;0.008&quot;,&quot;title&quot;:&quot;Nordische Momente - Isle of Skye Masterclass 2021&quot;,&quot;orientation&quot;:&quot;1&quot;}\" data-image-title=\"Neist Point, Isle of Skye, Schottland, Foto: Martin H\u00fclle\" data-image-description=\"&lt;p&gt;Neist Point, Isle of Skye, Schottland, Foto: Martin H\u00fclle&lt;\/p&gt;\n\" data-image-caption=\"\" data-large-file=\"https:\/\/www.martin-huelle.de\/blog\/wp-content\/uploads\/2023\/05\/neist_point_isle_of_skye_schottland-1024x683.jpg\" data-attachment-id=\"11647\" data-permalink=\"https:\/\/www.martin-huelle.de\/blog\/nordische-momente-isle-of-skye-masterclass-2021-7\/\" data-orig-file=\"https:\/\/www.martin-huelle.de\/blog\/wp-content\/uploads\/2023\/05\/neist_point_isle_of_skye_schottland.jpg\" data-orig-size=\"2010,1340\" data-comments-opened=\"1\" data-image-meta=\"{&quot;aperture&quot;:&quot;8&quot;,&quot;credit&quot;:&quot;Martin H\\u00fclle&quot;,&quot;camera&quot;:&quot;X-E4&quot;,&quot;caption&quot;:&quot;&quot;,&quot;created_timestamp&quot;:&quot;1661599441&quot;,&quot;copyright&quot;:&quot;Martin H\\u00fclle, www.martin-huelle.de&quot;,&quot;focal_length&quot;:&quot;27&quot;,&quot;iso&quot;:&quot;800&quot;,&quot;shutter_speed&quot;:&quot;0.008&quot;,&quot;title&quot;:&quot;Nordische Momente - Isle of Skye Masterclass 2021&quot;,&quot;orientation&quot;:&quot;1&quot;}\" data-image-title=\"Neist Point, Isle of Skye, Schottland, Foto: Martin H\u00fclle\" data-image-description=\"&lt;p&gt;Neist Point, Isle of Skye, Schottland, Foto: Martin H\u00fclle&lt;\/p&gt;\n\" data-image-caption=\"\" data-large-file=\"https:\/\/www.martin-huelle.de\/blog\/wp-content\/uploads\/2023\/05\/neist_point_isle_of_skye_schottland-1024x683.jpg\" role=\"button\" tabindex=\"0\" aria-label=\"Bild\u00a01 von 2 im Vollbildmodus \u00f6ffnen\"srcset=\"https:\/\/i0.wp.com\/www.martin-huelle.de\/blog\/wp-content\/uploads\/2023\/05\/neist_point_isle_of_skye_schottland-1024x683.jpg?strip=info&#038;w=600&#038;ssl=1 600w,https:\/\/i0.wp.com\/www.martin-huelle.de\/blog\/wp-content\/uploads\/2023\/05\/neist_point_isle_of_skye_schottland-1024x683.jpg?strip=info&#038;w=900&#038;ssl=1 900w,https:\/\/i0.wp.com\/www.martin-huelle.de\/blog\/wp-content\/uploads\/2023\/05\/neist_point_isle_of_skye_schottland-1024x683.jpg?strip=info&#038;w=1200&#038;ssl=1 1200w,https:\/\/i0.wp.com\/www.martin-huelle.de\/blog\/wp-content\/uploads\/2023\/05\/neist_point_isle_of_skye_schottland-1024x683.jpg?strip=info&#038;w=1500&#038;ssl=1 1500w,https:\/\/i0.wp.com\/www.martin-huelle.de\/blog\/wp-content\/uploads\/2023\/05\/neist_point_isle_of_skye_schottland-1024x683.jpg?strip=info&#038;w=1800&#038;ssl=1 1800w,https:\/\/i0.wp.com\/www.martin-huelle.de\/blog\/wp-content\/uploads\/2023\/05\/neist_point_isle_of_skye_schottland-1024x683.jpg?strip=info&#038;w=2000&#038;ssl=1 2000w\" alt=\"Neist Point, Isle of Skye, Schottland, Foto: Martin H\u00fclle\" data-height=\"1340\" data-id=\"11647\" data-link=\"https:\/\/www.martin-huelle.de\/blog\/nordische-momente-isle-of-skye-masterclass-2021-7\/\" data-url=\"https:\/\/www.martin-huelle.de\/blog\/wp-content\/uploads\/2023\/05\/neist_point_isle_of_skye_schottland-1024x683.jpg\" data-width=\"2010\" src=\"https:\/\/i0.wp.com\/www.martin-huelle.de\/blog\/wp-content\/uploads\/2023\/05\/neist_point_isle_of_skye_schottland-1024x683.jpg?ssl=1\" data-amp-layout=\"responsive\" tabindex=\"0\" role=\"button\" aria-label=\"Bild\u00a01 von 2 im Vollbildmodus \u00f6ffnen\"\/><\/figure><\/div><div class=\"tiled-gallery__col\" style=\"flex-basis:30.81527%\"><figure class=\"tiled-gallery__item\"><img decoding=\"async\" data-attachment-id=\"11648\" data-permalink=\"https:\/\/www.martin-huelle.de\/blog\/nordische-momente-isle-of-skye-masterclass-2021-8\/\" data-orig-file=\"https:\/\/www.martin-huelle.de\/blog\/wp-content\/uploads\/2023\/05\/eas_mor_isle_of_skye_schottland.jpg\" data-orig-size=\"893,1340\" data-comments-opened=\"1\" data-image-meta=\"{&quot;aperture&quot;:&quot;8&quot;,&quot;credit&quot;:&quot;Martin H\\u00fclle&quot;,&quot;camera&quot;:&quot;X-E4&quot;,&quot;caption&quot;:&quot;&quot;,&quot;created_timestamp&quot;:&quot;1661599441&quot;,&quot;copyright&quot;:&quot;Martin H\\u00fclle, www.martin-huelle.de&quot;,&quot;focal_length&quot;:&quot;27&quot;,&quot;iso&quot;:&quot;200&quot;,&quot;shutter_speed&quot;:&quot;0.004&quot;,&quot;title&quot;:&quot;Nordische Momente - Isle of Skye Masterclass 2021&quot;,&quot;orientation&quot;:&quot;1&quot;}\" data-image-title=\"Eas M\u00f2r, Isle of Skye, Schottland, Foto: Martin H\u00fclle\" data-image-description=\"&lt;p&gt;Eas M\u00f2r, Isle of Skye, Schottland, Foto: Martin H\u00fclle&lt;\/p&gt;\n\" data-image-caption=\"\" data-large-file=\"https:\/\/www.martin-huelle.de\/blog\/wp-content\/uploads\/2023\/05\/eas_mor_isle_of_skye_schottland-682x1024.jpg\" data-attachment-id=\"11648\" data-permalink=\"https:\/\/www.martin-huelle.de\/blog\/nordische-momente-isle-of-skye-masterclass-2021-8\/\" data-orig-file=\"https:\/\/www.martin-huelle.de\/blog\/wp-content\/uploads\/2023\/05\/eas_mor_isle_of_skye_schottland.jpg\" data-orig-size=\"893,1340\" data-comments-opened=\"1\" data-image-meta=\"{&quot;aperture&quot;:&quot;8&quot;,&quot;credit&quot;:&quot;Martin H\\u00fclle&quot;,&quot;camera&quot;:&quot;X-E4&quot;,&quot;caption&quot;:&quot;&quot;,&quot;created_timestamp&quot;:&quot;1661599441&quot;,&quot;copyright&quot;:&quot;Martin H\\u00fclle, www.martin-huelle.de&quot;,&quot;focal_length&quot;:&quot;27&quot;,&quot;iso&quot;:&quot;200&quot;,&quot;shutter_speed&quot;:&quot;0.004&quot;,&quot;title&quot;:&quot;Nordische Momente - Isle of Skye Masterclass 2021&quot;,&quot;orientation&quot;:&quot;1&quot;}\" data-image-title=\"Eas M\u00f2r, Isle of Skye, Schottland, Foto: Martin H\u00fclle\" data-image-description=\"&lt;p&gt;Eas M\u00f2r, Isle of Skye, Schottland, Foto: Martin H\u00fclle&lt;\/p&gt;\n\" data-image-caption=\"\" data-large-file=\"https:\/\/www.martin-huelle.de\/blog\/wp-content\/uploads\/2023\/05\/eas_mor_isle_of_skye_schottland-682x1024.jpg\" role=\"button\" tabindex=\"0\" aria-label=\"Bild\u00a02 von 2 im Vollbildmodus \u00f6ffnen\"srcset=\"https:\/\/i2.wp.com\/www.martin-huelle.de\/blog\/wp-content\/uploads\/2023\/05\/eas_mor_isle_of_skye_schottland-682x1024.jpg?strip=info&#038;w=600&#038;ssl=1 600w,https:\/\/i2.wp.com\/www.martin-huelle.de\/blog\/wp-content\/uploads\/2023\/05\/eas_mor_isle_of_skye_schottland-682x1024.jpg?strip=info&#038;w=893&#038;ssl=1 893w\" alt=\"Eas M\u00f2r, Isle of Skye, Schottland, Foto: Martin H\u00fclle\" data-height=\"1340\" data-id=\"11648\" data-link=\"https:\/\/www.martin-huelle.de\/blog\/nordische-momente-isle-of-skye-masterclass-2021-8\/\" data-url=\"https:\/\/www.martin-huelle.de\/blog\/wp-content\/uploads\/2023\/05\/eas_mor_isle_of_skye_schottland-682x1024.jpg\" data-width=\"893\" src=\"https:\/\/i2.wp.com\/www.martin-huelle.de\/blog\/wp-content\/uploads\/2023\/05\/eas_mor_isle_of_skye_schottland-682x1024.jpg?ssl=1\" data-amp-layout=\"responsive\" tabindex=\"0\" role=\"button\" aria-label=\"Bild\u00a02 von 2 im Vollbildmodus \u00f6ffnen\"\/><\/figure><\/div><\/div><\/div><\/div><\/div>\n\n\n\n<p class=\"has-text-align-center\">\u2014<\/p>\n\n\n\n<p class=\"has-text-align-center\">Regen und Sonne \u2013 die Wetterwechsel waren rasant und von Schauern in den Bergen bis zu Strahlen am Meer, war unsere Zeit auf der Isle of Skye von st\u00e4ndiger Abwechslung gepr\u00e4gt.<\/p>\n\n\n\n<div class=\"wp-block-jetpack-tiled-gallery aligncenter is-style-rectangular\"><div class=\"\"><div class=\"tiled-gallery__gallery\"><div class=\"tiled-gallery__row\"><div class=\"tiled-gallery__col\" style=\"flex-basis:50.00000%\"><figure class=\"tiled-gallery__item\"><img decoding=\"async\" data-attachment-id=\"11646\" data-permalink=\"https:\/\/www.martin-huelle.de\/blog\/nordische-momente-isle-of-skye-masterclass-2021-6\/\" data-orig-file=\"https:\/\/www.martin-huelle.de\/blog\/wp-content\/uploads\/2023\/05\/quiraing_isle_of_skye_schottland.jpg\" data-orig-size=\"2010,1340\" data-comments-opened=\"1\" data-image-meta=\"{&quot;aperture&quot;:&quot;5.6&quot;,&quot;credit&quot;:&quot;Martin H\\u00fclle&quot;,&quot;camera&quot;:&quot;X-E4&quot;,&quot;caption&quot;:&quot;&quot;,&quot;created_timestamp&quot;:&quot;1661599441&quot;,&quot;copyright&quot;:&quot;Martin H\\u00fclle, www.martin-huelle.de&quot;,&quot;focal_length&quot;:&quot;50&quot;,&quot;iso&quot;:&quot;160&quot;,&quot;shutter_speed&quot;:&quot;0.00017241379310345&quot;,&quot;title&quot;:&quot;Nordische Momente - Isle of Skye Masterclass 2021&quot;,&quot;orientation&quot;:&quot;1&quot;}\" data-image-title=\"Quiraing, Isle of Skye, Schottland, Foto: Martin H\u00fclle\" data-image-description=\"&lt;p&gt;Quiraing, Isle of Skye, Schottland, Foto: Martin H\u00fclle&lt;\/p&gt;\n\" data-image-caption=\"\" data-large-file=\"https:\/\/www.martin-huelle.de\/blog\/wp-content\/uploads\/2023\/05\/quiraing_isle_of_skye_schottland-1024x683.jpg\" data-attachment-id=\"11646\" data-permalink=\"https:\/\/www.martin-huelle.de\/blog\/nordische-momente-isle-of-skye-masterclass-2021-6\/\" data-orig-file=\"https:\/\/www.martin-huelle.de\/blog\/wp-content\/uploads\/2023\/05\/quiraing_isle_of_skye_schottland.jpg\" data-orig-size=\"2010,1340\" data-comments-opened=\"1\" data-image-meta=\"{&quot;aperture&quot;:&quot;5.6&quot;,&quot;credit&quot;:&quot;Martin H\\u00fclle&quot;,&quot;camera&quot;:&quot;X-E4&quot;,&quot;caption&quot;:&quot;&quot;,&quot;created_timestamp&quot;:&quot;1661599441&quot;,&quot;copyright&quot;:&quot;Martin H\\u00fclle, www.martin-huelle.de&quot;,&quot;focal_length&quot;:&quot;50&quot;,&quot;iso&quot;:&quot;160&quot;,&quot;shutter_speed&quot;:&quot;0.00017241379310345&quot;,&quot;title&quot;:&quot;Nordische Momente - Isle of Skye Masterclass 2021&quot;,&quot;orientation&quot;:&quot;1&quot;}\" data-image-title=\"Quiraing, Isle of Skye, Schottland, Foto: Martin H\u00fclle\" data-image-description=\"&lt;p&gt;Quiraing, Isle of Skye, Schottland, Foto: Martin H\u00fclle&lt;\/p&gt;\n\" data-image-caption=\"\" data-large-file=\"https:\/\/www.martin-huelle.de\/blog\/wp-content\/uploads\/2023\/05\/quiraing_isle_of_skye_schottland-1024x683.jpg\" role=\"button\" tabindex=\"0\" aria-label=\"Bild\u00a01 von 2 im Vollbildmodus \u00f6ffnen\"srcset=\"https:\/\/i0.wp.com\/www.martin-huelle.de\/blog\/wp-content\/uploads\/2023\/05\/quiraing_isle_of_skye_schottland-1024x683.jpg?strip=info&#038;w=600&#038;ssl=1 600w,https:\/\/i0.wp.com\/www.martin-huelle.de\/blog\/wp-content\/uploads\/2023\/05\/quiraing_isle_of_skye_schottland-1024x683.jpg?strip=info&#038;w=900&#038;ssl=1 900w,https:\/\/i0.wp.com\/www.martin-huelle.de\/blog\/wp-content\/uploads\/2023\/05\/quiraing_isle_of_skye_schottland-1024x683.jpg?strip=info&#038;w=1200&#038;ssl=1 1200w,https:\/\/i0.wp.com\/www.martin-huelle.de\/blog\/wp-content\/uploads\/2023\/05\/quiraing_isle_of_skye_schottland-1024x683.jpg?strip=info&#038;w=1500&#038;ssl=1 1500w,https:\/\/i0.wp.com\/www.martin-huelle.de\/blog\/wp-content\/uploads\/2023\/05\/quiraing_isle_of_skye_schottland-1024x683.jpg?strip=info&#038;w=1800&#038;ssl=1 1800w,https:\/\/i0.wp.com\/www.martin-huelle.de\/blog\/wp-content\/uploads\/2023\/05\/quiraing_isle_of_skye_schottland-1024x683.jpg?strip=info&#038;w=2000&#038;ssl=1 2000w\" alt=\"Quiraing, Isle of Skye, Schottland, Foto: Martin H\u00fclle\" data-height=\"1340\" data-id=\"11646\" data-link=\"https:\/\/www.martin-huelle.de\/blog\/nordische-momente-isle-of-skye-masterclass-2021-6\/\" data-url=\"https:\/\/www.martin-huelle.de\/blog\/wp-content\/uploads\/2023\/05\/quiraing_isle_of_skye_schottland-1024x683.jpg\" data-width=\"2010\" src=\"https:\/\/i0.wp.com\/www.martin-huelle.de\/blog\/wp-content\/uploads\/2023\/05\/quiraing_isle_of_skye_schottland-1024x683.jpg?ssl=1\" data-amp-layout=\"responsive\" tabindex=\"0\" role=\"button\" aria-label=\"Bild\u00a01 von 2 im Vollbildmodus \u00f6ffnen\"\/><\/figure><\/div><div class=\"tiled-gallery__col\" style=\"flex-basis:50.00000%\"><figure class=\"tiled-gallery__item\"><img decoding=\"async\" data-attachment-id=\"11645\" data-permalink=\"https:\/\/www.martin-huelle.de\/blog\/nordische-momente-isle-of-skye-masterclass-2021-5\/\" data-orig-file=\"https:\/\/www.martin-huelle.de\/blog\/wp-content\/uploads\/2023\/05\/lub_score_isle_of_skye_schottland.jpg\" data-orig-size=\"2010,1340\" data-comments-opened=\"1\" data-image-meta=\"{&quot;aperture&quot;:&quot;5.6&quot;,&quot;credit&quot;:&quot;Martin H\\u00fclle&quot;,&quot;camera&quot;:&quot;X-E4&quot;,&quot;caption&quot;:&quot;&quot;,&quot;created_timestamp&quot;:&quot;1661599441&quot;,&quot;copyright&quot;:&quot;Martin H\\u00fclle, www.martin-huelle.de&quot;,&quot;focal_length&quot;:&quot;50&quot;,&quot;iso&quot;:&quot;160&quot;,&quot;shutter_speed&quot;:&quot;0.00028571428571429&quot;,&quot;title&quot;:&quot;Nordische Momente - Isle of Skye Masterclass 2021&quot;,&quot;orientation&quot;:&quot;1&quot;}\" data-image-title=\"Lub Score, Isle of Skye, Schottland, Foto: Martin H\u00fclle\" data-image-description=\"&lt;p&gt;Lub Score, Isle of Skye, Schottland, Foto: Martin H\u00fclle&lt;\/p&gt;\n\" data-image-caption=\"\" data-large-file=\"https:\/\/www.martin-huelle.de\/blog\/wp-content\/uploads\/2023\/05\/lub_score_isle_of_skye_schottland-1024x683.jpg\" data-attachment-id=\"11645\" data-permalink=\"https:\/\/www.martin-huelle.de\/blog\/nordische-momente-isle-of-skye-masterclass-2021-5\/\" data-orig-file=\"https:\/\/www.martin-huelle.de\/blog\/wp-content\/uploads\/2023\/05\/lub_score_isle_of_skye_schottland.jpg\" data-orig-size=\"2010,1340\" data-comments-opened=\"1\" data-image-meta=\"{&quot;aperture&quot;:&quot;5.6&quot;,&quot;credit&quot;:&quot;Martin H\\u00fclle&quot;,&quot;camera&quot;:&quot;X-E4&quot;,&quot;caption&quot;:&quot;&quot;,&quot;created_timestamp&quot;:&quot;1661599441&quot;,&quot;copyright&quot;:&quot;Martin H\\u00fclle, www.martin-huelle.de&quot;,&quot;focal_length&quot;:&quot;50&quot;,&quot;iso&quot;:&quot;160&quot;,&quot;shutter_speed&quot;:&quot;0.00028571428571429&quot;,&quot;title&quot;:&quot;Nordische Momente - Isle of Skye Masterclass 2021&quot;,&quot;orientation&quot;:&quot;1&quot;}\" data-image-title=\"Lub Score, Isle of Skye, Schottland, Foto: Martin H\u00fclle\" data-image-description=\"&lt;p&gt;Lub Score, Isle of Skye, Schottland, Foto: Martin H\u00fclle&lt;\/p&gt;\n\" data-image-caption=\"\" data-large-file=\"https:\/\/www.martin-huelle.de\/blog\/wp-content\/uploads\/2023\/05\/lub_score_isle_of_skye_schottland-1024x683.jpg\" role=\"button\" tabindex=\"0\" aria-label=\"Bild\u00a02 von 2 im Vollbildmodus \u00f6ffnen\"srcset=\"https:\/\/i0.wp.com\/www.martin-huelle.de\/blog\/wp-content\/uploads\/2023\/05\/lub_score_isle_of_skye_schottland-1024x683.jpg?strip=info&#038;w=600&#038;ssl=1 600w,https:\/\/i0.wp.com\/www.martin-huelle.de\/blog\/wp-content\/uploads\/2023\/05\/lub_score_isle_of_skye_schottland-1024x683.jpg?strip=info&#038;w=900&#038;ssl=1 900w,https:\/\/i0.wp.com\/www.martin-huelle.de\/blog\/wp-content\/uploads\/2023\/05\/lub_score_isle_of_skye_schottland-1024x683.jpg?strip=info&#038;w=1200&#038;ssl=1 1200w,https:\/\/i0.wp.com\/www.martin-huelle.de\/blog\/wp-content\/uploads\/2023\/05\/lub_score_isle_of_skye_schottland-1024x683.jpg?strip=info&#038;w=1500&#038;ssl=1 1500w,https:\/\/i0.wp.com\/www.martin-huelle.de\/blog\/wp-content\/uploads\/2023\/05\/lub_score_isle_of_skye_schottland-1024x683.jpg?strip=info&#038;w=1800&#038;ssl=1 1800w,https:\/\/i0.wp.com\/www.martin-huelle.de\/blog\/wp-content\/uploads\/2023\/05\/lub_score_isle_of_skye_schottland-1024x683.jpg?strip=info&#038;w=2000&#038;ssl=1 2000w\" alt=\"Lub Score, Isle of Skye, Schottland, Foto: Martin H\u00fclle\" data-height=\"1340\" data-id=\"11645\" data-link=\"https:\/\/www.martin-huelle.de\/blog\/nordische-momente-isle-of-skye-masterclass-2021-5\/\" data-url=\"https:\/\/www.martin-huelle.de\/blog\/wp-content\/uploads\/2023\/05\/lub_score_isle_of_skye_schottland-1024x683.jpg\" data-width=\"2010\" src=\"https:\/\/i0.wp.com\/www.martin-huelle.de\/blog\/wp-content\/uploads\/2023\/05\/lub_score_isle_of_skye_schottland-1024x683.jpg?ssl=1\" data-amp-layout=\"responsive\" tabindex=\"0\" role=\"button\" aria-label=\"Bild\u00a02 von 2 im Vollbildmodus \u00f6ffnen\"\/><\/figure><\/div><\/div><\/div><\/div><\/div>\n\n\n\n<p class=\"has-text-align-center\">\u2014<\/p>\n\n\n\n<p class=\"has-text-align-center\">Unten und oben \u2013 von der Stra\u00dfe aus betrachtet oder ganz nah ran gewandert, erkundeten wir die Insel aus allen m\u00f6glichen Perspektiven.<\/p>\n\n\n\n<div class=\"wp-block-jetpack-tiled-gallery aligncenter is-style-rectangular\"><div class=\"\"><div class=\"tiled-gallery__gallery\"><div class=\"tiled-gallery__row\"><div class=\"tiled-gallery__col\" style=\"flex-basis:50.00000%\"><figure class=\"tiled-gallery__item\"><img decoding=\"async\" data-attachment-id=\"11644\" data-permalink=\"https:\/\/www.martin-huelle.de\/blog\/nordische-momente-isle-of-skye-masterclass-2021-4\/\" data-orig-file=\"https:\/\/www.martin-huelle.de\/blog\/wp-content\/uploads\/2023\/05\/loch_fada_isle_of_skye_schottland.jpg\" data-orig-size=\"893,1340\" data-comments-opened=\"1\" data-image-meta=\"{&quot;aperture&quot;:&quot;5.6&quot;,&quot;credit&quot;:&quot;Martin H\\u00fclle&quot;,&quot;camera&quot;:&quot;X-E4&quot;,&quot;caption&quot;:&quot;&quot;,&quot;created_timestamp&quot;:&quot;1661599441&quot;,&quot;copyright&quot;:&quot;Martin H\\u00fclle, www.martin-huelle.de&quot;,&quot;focal_length&quot;:&quot;50&quot;,&quot;iso&quot;:&quot;160&quot;,&quot;shutter_speed&quot;:&quot;0.002&quot;,&quot;title&quot;:&quot;Nordische Momente - Isle of Skye Masterclass 2021&quot;,&quot;orientation&quot;:&quot;1&quot;}\" data-image-title=\"Loch Fada, Isle of Skye, Schottland, Foto: Martin H\u00fclle\" data-image-description=\"&lt;p&gt;Loch Fada, Isle of Skye, Schottland, Foto: Martin H\u00fclle&lt;\/p&gt;\n\" data-image-caption=\"\" data-large-file=\"https:\/\/www.martin-huelle.de\/blog\/wp-content\/uploads\/2023\/05\/loch_fada_isle_of_skye_schottland-682x1024.jpg\" data-attachment-id=\"11644\" data-permalink=\"https:\/\/www.martin-huelle.de\/blog\/nordische-momente-isle-of-skye-masterclass-2021-4\/\" data-orig-file=\"https:\/\/www.martin-huelle.de\/blog\/wp-content\/uploads\/2023\/05\/loch_fada_isle_of_skye_schottland.jpg\" data-orig-size=\"893,1340\" data-comments-opened=\"1\" data-image-meta=\"{&quot;aperture&quot;:&quot;5.6&quot;,&quot;credit&quot;:&quot;Martin H\\u00fclle&quot;,&quot;camera&quot;:&quot;X-E4&quot;,&quot;caption&quot;:&quot;&quot;,&quot;created_timestamp&quot;:&quot;1661599441&quot;,&quot;copyright&quot;:&quot;Martin H\\u00fclle, www.martin-huelle.de&quot;,&quot;focal_length&quot;:&quot;50&quot;,&quot;iso&quot;:&quot;160&quot;,&quot;shutter_speed&quot;:&quot;0.002&quot;,&quot;title&quot;:&quot;Nordische Momente - Isle of Skye Masterclass 2021&quot;,&quot;orientation&quot;:&quot;1&quot;}\" data-image-title=\"Loch Fada, Isle of Skye, Schottland, Foto: Martin H\u00fclle\" data-image-description=\"&lt;p&gt;Loch Fada, Isle of Skye, Schottland, Foto: Martin H\u00fclle&lt;\/p&gt;\n\" data-image-caption=\"\" data-large-file=\"https:\/\/www.martin-huelle.de\/blog\/wp-content\/uploads\/2023\/05\/loch_fada_isle_of_skye_schottland-682x1024.jpg\" role=\"button\" tabindex=\"0\" aria-label=\"Bild\u00a01 von 2 im Vollbildmodus \u00f6ffnen\"srcset=\"https:\/\/i2.wp.com\/www.martin-huelle.de\/blog\/wp-content\/uploads\/2023\/05\/loch_fada_isle_of_skye_schottland-682x1024.jpg?strip=info&#038;w=600&#038;ssl=1 600w,https:\/\/i2.wp.com\/www.martin-huelle.de\/blog\/wp-content\/uploads\/2023\/05\/loch_fada_isle_of_skye_schottland-682x1024.jpg?strip=info&#038;w=893&#038;ssl=1 893w\" alt=\"Loch Fada, Isle of Skye, Schottland, Foto: Martin H\u00fclle\" data-height=\"1340\" data-id=\"11644\" data-link=\"https:\/\/www.martin-huelle.de\/blog\/nordische-momente-isle-of-skye-masterclass-2021-4\/\" data-url=\"https:\/\/www.martin-huelle.de\/blog\/wp-content\/uploads\/2023\/05\/loch_fada_isle_of_skye_schottland-682x1024.jpg\" data-width=\"893\" src=\"https:\/\/i2.wp.com\/www.martin-huelle.de\/blog\/wp-content\/uploads\/2023\/05\/loch_fada_isle_of_skye_schottland-682x1024.jpg?ssl=1\" data-amp-layout=\"responsive\" tabindex=\"0\" role=\"button\" aria-label=\"Bild\u00a01 von 2 im Vollbildmodus \u00f6ffnen\"\/><\/figure><\/div><div class=\"tiled-gallery__col\" style=\"flex-basis:50.00000%\"><figure class=\"tiled-gallery__item\"><img decoding=\"async\" data-attachment-id=\"11643\" data-permalink=\"https:\/\/www.martin-huelle.de\/blog\/nordische-momente-isle-of-skye-masterclass-2021-3\/\" data-orig-file=\"https:\/\/www.martin-huelle.de\/blog\/wp-content\/uploads\/2023\/05\/old_man_of_storr_isle_of_skye_schottland.jpg\" data-orig-size=\"893,1340\" data-comments-opened=\"1\" data-image-meta=\"{&quot;aperture&quot;:&quot;11&quot;,&quot;credit&quot;:&quot;Martin H\\u00fclle&quot;,&quot;camera&quot;:&quot;X-E4&quot;,&quot;caption&quot;:&quot;&quot;,&quot;created_timestamp&quot;:&quot;1661599441&quot;,&quot;copyright&quot;:&quot;Martin H\\u00fclle, www.martin-huelle.de&quot;,&quot;focal_length&quot;:&quot;27&quot;,&quot;iso&quot;:&quot;160&quot;,&quot;shutter_speed&quot;:&quot;0.0008&quot;,&quot;title&quot;:&quot;Nordische Momente - Isle of Skye Masterclass 2021&quot;,&quot;orientation&quot;:&quot;1&quot;}\" data-image-title=\"Old Man of Storr, Isle of Skye, Schottland, Foto: Martin H\u00fclle\" data-image-description=\"&lt;p&gt;Old Man of Storr, Isle of Skye, Schottland, Foto: Martin H\u00fclle&lt;\/p&gt;\n\" data-image-caption=\"\" data-large-file=\"https:\/\/www.martin-huelle.de\/blog\/wp-content\/uploads\/2023\/05\/old_man_of_storr_isle_of_skye_schottland-682x1024.jpg\" data-attachment-id=\"11643\" data-permalink=\"https:\/\/www.martin-huelle.de\/blog\/nordische-momente-isle-of-skye-masterclass-2021-3\/\" data-orig-file=\"https:\/\/www.martin-huelle.de\/blog\/wp-content\/uploads\/2023\/05\/old_man_of_storr_isle_of_skye_schottland.jpg\" data-orig-size=\"893,1340\" data-comments-opened=\"1\" data-image-meta=\"{&quot;aperture&quot;:&quot;11&quot;,&quot;credit&quot;:&quot;Martin H\\u00fclle&quot;,&quot;camera&quot;:&quot;X-E4&quot;,&quot;caption&quot;:&quot;&quot;,&quot;created_timestamp&quot;:&quot;1661599441&quot;,&quot;copyright&quot;:&quot;Martin H\\u00fclle, www.martin-huelle.de&quot;,&quot;focal_length&quot;:&quot;27&quot;,&quot;iso&quot;:&quot;160&quot;,&quot;shutter_speed&quot;:&quot;0.0008&quot;,&quot;title&quot;:&quot;Nordische Momente - Isle of Skye Masterclass 2021&quot;,&quot;orientation&quot;:&quot;1&quot;}\" data-image-title=\"Old Man of Storr, Isle of Skye, Schottland, Foto: Martin H\u00fclle\" data-image-description=\"&lt;p&gt;Old Man of Storr, Isle of Skye, Schottland, Foto: Martin H\u00fclle&lt;\/p&gt;\n\" data-image-caption=\"\" data-large-file=\"https:\/\/www.martin-huelle.de\/blog\/wp-content\/uploads\/2023\/05\/old_man_of_storr_isle_of_skye_schottland-682x1024.jpg\" role=\"button\" tabindex=\"0\" aria-label=\"Bild\u00a02 von 2 im Vollbildmodus \u00f6ffnen\"srcset=\"https:\/\/i0.wp.com\/www.martin-huelle.de\/blog\/wp-content\/uploads\/2023\/05\/old_man_of_storr_isle_of_skye_schottland-682x1024.jpg?strip=info&#038;w=600&#038;ssl=1 600w,https:\/\/i0.wp.com\/www.martin-huelle.de\/blog\/wp-content\/uploads\/2023\/05\/old_man_of_storr_isle_of_skye_schottland-682x1024.jpg?strip=info&#038;w=893&#038;ssl=1 893w\" alt=\"Old Man of Storr, Isle of Skye, Schottland, Foto: Martin H\u00fclle\" data-height=\"1340\" data-id=\"11643\" data-link=\"https:\/\/www.martin-huelle.de\/blog\/nordische-momente-isle-of-skye-masterclass-2021-3\/\" data-url=\"https:\/\/www.martin-huelle.de\/blog\/wp-content\/uploads\/2023\/05\/old_man_of_storr_isle_of_skye_schottland-682x1024.jpg\" data-width=\"893\" src=\"https:\/\/i0.wp.com\/www.martin-huelle.de\/blog\/wp-content\/uploads\/2023\/05\/old_man_of_storr_isle_of_skye_schottland-682x1024.jpg?ssl=1\" data-amp-layout=\"responsive\" tabindex=\"0\" role=\"button\" aria-label=\"Bild\u00a02 von 2 im Vollbildmodus \u00f6ffnen\"\/><\/figure><\/div><\/div><\/div><\/div><\/div>\n\n\n\n<p class=\"has-text-align-center\">\u2014<\/p>\n\n\n\n<p class=\"has-text-align-center\">Felsen und Steine \u2013 karg zeigte sich die Isle of Skye an allen Orten, ganz egal, ob an schroffen Steilk\u00fcsten oder in alten Gem\u00e4uern.<\/p>\n\n\n\n<div class=\"wp-block-jetpack-tiled-gallery aligncenter is-style-rectangular\"><div class=\"\"><div class=\"tiled-gallery__gallery\"><div class=\"tiled-gallery__row\"><div class=\"tiled-gallery__col\" style=\"flex-basis:50.00000%\"><figure class=\"tiled-gallery__item\"><img decoding=\"async\" data-attachment-id=\"11642\" data-permalink=\"https:\/\/www.martin-huelle.de\/blog\/nordische-momente-isle-of-skye-masterclass-2021-2\/\" data-orig-file=\"https:\/\/www.martin-huelle.de\/blog\/wp-content\/uploads\/2023\/05\/meall_tuath_isle_of_skye_schottland.jpg\" data-orig-size=\"2010,1340\" data-comments-opened=\"1\" data-image-meta=\"{&quot;aperture&quot;:&quot;8&quot;,&quot;credit&quot;:&quot;Martin H\\u00fclle&quot;,&quot;camera&quot;:&quot;X-E4&quot;,&quot;caption&quot;:&quot;&quot;,&quot;created_timestamp&quot;:&quot;1661599441&quot;,&quot;copyright&quot;:&quot;Martin H\\u00fclle, www.martin-huelle.de&quot;,&quot;focal_length&quot;:&quot;16&quot;,&quot;iso&quot;:&quot;160&quot;,&quot;shutter_speed&quot;:&quot;0.004&quot;,&quot;title&quot;:&quot;Nordische Momente - Isle of Skye Masterclass 2021&quot;,&quot;orientation&quot;:&quot;1&quot;}\" data-image-title=\"Meall Tuath, Isle of Skye, Schottland, Foto: Martin H\u00fclle\" data-image-description=\"&lt;p&gt;Meall Tuath, Isle of Skye, Schottland, Foto: Martin H\u00fclle&lt;\/p&gt;\n\" data-image-caption=\"\" data-large-file=\"https:\/\/www.martin-huelle.de\/blog\/wp-content\/uploads\/2023\/05\/meall_tuath_isle_of_skye_schottland-1024x683.jpg\" data-attachment-id=\"11642\" data-permalink=\"https:\/\/www.martin-huelle.de\/blog\/nordische-momente-isle-of-skye-masterclass-2021-2\/\" data-orig-file=\"https:\/\/www.martin-huelle.de\/blog\/wp-content\/uploads\/2023\/05\/meall_tuath_isle_of_skye_schottland.jpg\" data-orig-size=\"2010,1340\" data-comments-opened=\"1\" data-image-meta=\"{&quot;aperture&quot;:&quot;8&quot;,&quot;credit&quot;:&quot;Martin H\\u00fclle&quot;,&quot;camera&quot;:&quot;X-E4&quot;,&quot;caption&quot;:&quot;&quot;,&quot;created_timestamp&quot;:&quot;1661599441&quot;,&quot;copyright&quot;:&quot;Martin H\\u00fclle, www.martin-huelle.de&quot;,&quot;focal_length&quot;:&quot;16&quot;,&quot;iso&quot;:&quot;160&quot;,&quot;shutter_speed&quot;:&quot;0.004&quot;,&quot;title&quot;:&quot;Nordische Momente - Isle of Skye Masterclass 2021&quot;,&quot;orientation&quot;:&quot;1&quot;}\" data-image-title=\"Meall Tuath, Isle of Skye, Schottland, Foto: Martin H\u00fclle\" data-image-description=\"&lt;p&gt;Meall Tuath, Isle of Skye, Schottland, Foto: Martin H\u00fclle&lt;\/p&gt;\n\" data-image-caption=\"\" data-large-file=\"https:\/\/www.martin-huelle.de\/blog\/wp-content\/uploads\/2023\/05\/meall_tuath_isle_of_skye_schottland-1024x683.jpg\" role=\"button\" tabindex=\"0\" aria-label=\"Bild\u00a01 von 2 im Vollbildmodus \u00f6ffnen\"srcset=\"https:\/\/i2.wp.com\/www.martin-huelle.de\/blog\/wp-content\/uploads\/2023\/05\/meall_tuath_isle_of_skye_schottland-1024x683.jpg?strip=info&#038;w=600&#038;ssl=1 600w,https:\/\/i2.wp.com\/www.martin-huelle.de\/blog\/wp-content\/uploads\/2023\/05\/meall_tuath_isle_of_skye_schottland-1024x683.jpg?strip=info&#038;w=900&#038;ssl=1 900w,https:\/\/i2.wp.com\/www.martin-huelle.de\/blog\/wp-content\/uploads\/2023\/05\/meall_tuath_isle_of_skye_schottland-1024x683.jpg?strip=info&#038;w=1200&#038;ssl=1 1200w,https:\/\/i2.wp.com\/www.martin-huelle.de\/blog\/wp-content\/uploads\/2023\/05\/meall_tuath_isle_of_skye_schottland-1024x683.jpg?strip=info&#038;w=1500&#038;ssl=1 1500w,https:\/\/i2.wp.com\/www.martin-huelle.de\/blog\/wp-content\/uploads\/2023\/05\/meall_tuath_isle_of_skye_schottland-1024x683.jpg?strip=info&#038;w=1800&#038;ssl=1 1800w,https:\/\/i2.wp.com\/www.martin-huelle.de\/blog\/wp-content\/uploads\/2023\/05\/meall_tuath_isle_of_skye_schottland-1024x683.jpg?strip=info&#038;w=2000&#038;ssl=1 2000w\" alt=\"Meall Tuath, Isle of Skye, Schottland, Foto: Martin H\u00fclle\" data-height=\"1340\" data-id=\"11642\" data-link=\"https:\/\/www.martin-huelle.de\/blog\/nordische-momente-isle-of-skye-masterclass-2021-2\/\" data-url=\"https:\/\/www.martin-huelle.de\/blog\/wp-content\/uploads\/2023\/05\/meall_tuath_isle_of_skye_schottland-1024x683.jpg\" data-width=\"2010\" src=\"https:\/\/i2.wp.com\/www.martin-huelle.de\/blog\/wp-content\/uploads\/2023\/05\/meall_tuath_isle_of_skye_schottland-1024x683.jpg?ssl=1\" data-amp-layout=\"responsive\" tabindex=\"0\" role=\"button\" aria-label=\"Bild\u00a01 von 2 im Vollbildmodus \u00f6ffnen\"\/><\/figure><\/div><div class=\"tiled-gallery__col\" style=\"flex-basis:50.00000%\"><figure class=\"tiled-gallery__item\"><img decoding=\"async\" data-attachment-id=\"11641\" data-permalink=\"https:\/\/www.martin-huelle.de\/blog\/nordische-momente-isle-of-skye-masterclass-2021\/\" data-orig-file=\"https:\/\/www.martin-huelle.de\/blog\/wp-content\/uploads\/2023\/05\/kilmuir_isle_of_skye_schottland.jpg\" data-orig-size=\"2010,1340\" data-comments-opened=\"1\" data-image-meta=\"{&quot;aperture&quot;:&quot;8&quot;,&quot;credit&quot;:&quot;Martin H\\u00fclle&quot;,&quot;camera&quot;:&quot;X-E4&quot;,&quot;caption&quot;:&quot;&quot;,&quot;created_timestamp&quot;:&quot;1661599441&quot;,&quot;copyright&quot;:&quot;Martin H\\u00fclle, www.martin-huelle.de&quot;,&quot;focal_length&quot;:&quot;27&quot;,&quot;iso&quot;:&quot;160&quot;,&quot;shutter_speed&quot;:&quot;0.008&quot;,&quot;title&quot;:&quot;Nordische Momente - Isle of Skye Masterclass 2021&quot;,&quot;orientation&quot;:&quot;1&quot;}\" data-image-title=\"Kilmuir, Isle of Skye, Schottland, Foto: Martin H\u00fclle\" data-image-description=\"&lt;p&gt;Kilmuir, Isle of Skye, Schottland, Foto: Martin H\u00fclle&lt;\/p&gt;\n\" data-image-caption=\"\" data-large-file=\"https:\/\/www.martin-huelle.de\/blog\/wp-content\/uploads\/2023\/05\/kilmuir_isle_of_skye_schottland-1024x683.jpg\" data-attachment-id=\"11641\" data-permalink=\"https:\/\/www.martin-huelle.de\/blog\/nordische-momente-isle-of-skye-masterclass-2021\/\" data-orig-file=\"https:\/\/www.martin-huelle.de\/blog\/wp-content\/uploads\/2023\/05\/kilmuir_isle_of_skye_schottland.jpg\" data-orig-size=\"2010,1340\" data-comments-opened=\"1\" data-image-meta=\"{&quot;aperture&quot;:&quot;8&quot;,&quot;credit&quot;:&quot;Martin H\\u00fclle&quot;,&quot;camera&quot;:&quot;X-E4&quot;,&quot;caption&quot;:&quot;&quot;,&quot;created_timestamp&quot;:&quot;1661599441&quot;,&quot;copyright&quot;:&quot;Martin H\\u00fclle, www.martin-huelle.de&quot;,&quot;focal_length&quot;:&quot;27&quot;,&quot;iso&quot;:&quot;160&quot;,&quot;shutter_speed&quot;:&quot;0.008&quot;,&quot;title&quot;:&quot;Nordische Momente - Isle of Skye Masterclass 2021&quot;,&quot;orientation&quot;:&quot;1&quot;}\" data-image-title=\"Kilmuir, Isle of Skye, Schottland, Foto: Martin H\u00fclle\" data-image-description=\"&lt;p&gt;Kilmuir, Isle of Skye, Schottland, Foto: Martin H\u00fclle&lt;\/p&gt;\n\" data-image-caption=\"\" data-large-file=\"https:\/\/www.martin-huelle.de\/blog\/wp-content\/uploads\/2023\/05\/kilmuir_isle_of_skye_schottland-1024x683.jpg\" role=\"button\" tabindex=\"0\" aria-label=\"Bild\u00a02 von 2 im Vollbildmodus \u00f6ffnen\"srcset=\"https:\/\/i2.wp.com\/www.martin-huelle.de\/blog\/wp-content\/uploads\/2023\/05\/kilmuir_isle_of_skye_schottland-1024x683.jpg?strip=info&#038;w=600&#038;ssl=1 600w,https:\/\/i2.wp.com\/www.martin-huelle.de\/blog\/wp-content\/uploads\/2023\/05\/kilmuir_isle_of_skye_schottland-1024x683.jpg?strip=info&#038;w=900&#038;ssl=1 900w,https:\/\/i2.wp.com\/www.martin-huelle.de\/blog\/wp-content\/uploads\/2023\/05\/kilmuir_isle_of_skye_schottland-1024x683.jpg?strip=info&#038;w=1200&#038;ssl=1 1200w,https:\/\/i2.wp.com\/www.martin-huelle.de\/blog\/wp-content\/uploads\/2023\/05\/kilmuir_isle_of_skye_schottland-1024x683.jpg?strip=info&#038;w=1500&#038;ssl=1 1500w,https:\/\/i2.wp.com\/www.martin-huelle.de\/blog\/wp-content\/uploads\/2023\/05\/kilmuir_isle_of_skye_schottland-1024x683.jpg?strip=info&#038;w=1800&#038;ssl=1 1800w,https:\/\/i2.wp.com\/www.martin-huelle.de\/blog\/wp-content\/uploads\/2023\/05\/kilmuir_isle_of_skye_schottland-1024x683.jpg?strip=info&#038;w=2000&#038;ssl=1 2000w\" alt=\"Kilmuir, Isle of Skye, Schottland, Foto: Martin H\u00fclle\" data-height=\"1340\" data-id=\"11641\" data-link=\"https:\/\/www.martin-huelle.de\/blog\/nordische-momente-isle-of-skye-masterclass-2021\/\" data-url=\"https:\/\/www.martin-huelle.de\/blog\/wp-content\/uploads\/2023\/05\/kilmuir_isle_of_skye_schottland-1024x683.jpg\" data-width=\"2010\" src=\"https:\/\/i2.wp.com\/www.martin-huelle.de\/blog\/wp-content\/uploads\/2023\/05\/kilmuir_isle_of_skye_schottland-1024x683.jpg?ssl=1\" data-amp-layout=\"responsive\" tabindex=\"0\" role=\"button\" aria-label=\"Bild\u00a02 von 2 im Vollbildmodus \u00f6ffnen\"\/><\/figure><\/div><\/div><\/div><\/div><\/div>\n\n\n\n<p class=\"has-text-align-center\">\u2014<\/p>\n\n\n\n<p><em>Wart Ihr auch schon mal in den schottischen Highlands oder stehen sie noch auf Eurer Wunschliste?&nbsp;Berichtet gerne in den Kommentaren!<\/em><\/p>\n\n\n\n<p class=\"has-text-align-center\">\u2014<\/p>\n\n\n\n<p><a href=\"https:\/\/www.martin-huelle.de\/fotoreisen\" target=\"_blank\" rel=\"noreferrer noopener\">&gt; Fotoreisen<\/a><\/p>\n\n\n\n<p class=\"has-text-align-center\">\u2014<\/p>\n\n\n\n<p class=\"has-text-align-center\"><em>Dir&nbsp;<\/em><em>gef\u00e4llt mein Blog oder Du m\u00f6chtest meine Arbeit unterst\u00fctzen?<\/em>&nbsp;<em>Dann&nbsp;<a href=\"https:\/\/www.paypal.com\/paypalme\/martinhuellefotograf\" target=\"_blank\" rel=\"noreferrer noopener\">spendiere mir einen Kaffee<\/a>&nbsp;:-)<\/em><\/p>\n<div class=\"shariff shariff-align-left shariff-widget-align-left\"><ul class=\"shariff-buttons theme-white orientation-horizontal buttonsize-small\"><li class=\"shariff-button facebook shariff-nocustomcolor\" style=\"background-color:#4273c8\"><a href=\"https:\/\/www.facebook.com\/sharer\/sharer.php?u=https%3A%2F%2Fwww.martin-huelle.de%2Fblog%2Fherbsttage-auf-der-isle-of-skye%2F\" title=\"Bei Facebook teilen\" aria-label=\"Bei Facebook teilen\" role=\"button\" rel=\"nofollow\" class=\"shariff-link\" style=\"; background-color:#3b5998; color:#3b5998\" target=\"_blank\"><span class=\"shariff-icon\" style=\"fill:#3b5998\"><svg width=\"32px\" height=\"20px\" xmlns=\"http:\/\/www.w3.org\/2000\/svg\" viewBox=\"0 0 18 32\"><path fill=\"#3b5998\" d=\"M17.1 0.2v4.7h-2.8q-1.5 0-2.1 0.6t-0.5 1.9v3.4h5.2l-0.7 5.3h-4.5v13.6h-5.5v-13.6h-4.5v-5.3h4.5v-3.9q0-3.3 1.9-5.2t5-1.8q2.6 0 4.1 0.2z\"\/><\/svg><\/span><span class=\"shariff-text\" style=\"color:#3b5998\">teilen<\/span>&nbsp;<\/a><\/li><li class=\"shariff-button twitter shariff-nocustomcolor\" style=\"background-color:#595959\"><a href=\"https:\/\/twitter.com\/share?url=https%3A%2F%2Fwww.martin-huelle.de%2Fblog%2Fherbsttage-auf-der-isle-of-skye%2F&text=Herbsttage%20auf%20der%20Isle%20of%20Skye\" title=\"Bei X teilen\" aria-label=\"Bei X teilen\" role=\"button\" rel=\"noopener nofollow\" class=\"shariff-link\" style=\"; background-color:#000; color:#000\" target=\"_blank\"><span class=\"shariff-icon\" style=\"fill:#000\"><svg width=\"32px\" height=\"20px\" xmlns=\"http:\/\/www.w3.org\/2000\/svg\" viewBox=\"0 0 24 24\"><path fill=\"#000\" d=\"M14.258 10.152L23.176 0h-2.113l-7.747 8.813L7.133 0H0l9.352 13.328L0 23.973h2.113l8.176-9.309 6.531 9.309h7.133zm-2.895 3.293l-.949-1.328L2.875 1.56h3.246l6.086 8.523.945 1.328 7.91 11.078h-3.246zm0 0\"\/><\/svg><\/span><span class=\"shariff-text\" style=\"color:#000\">teilen<\/span>&nbsp;<\/a><\/li><li class=\"shariff-button mailto shariff-nocustomcolor\" style=\"background-color:#a8a8a8\"><a href=\"mailto:?body=https%3A%2F%2Fwww.martin-huelle.de%2Fblog%2Fherbsttage-auf-der-isle-of-skye%2F&subject=Herbsttage%20auf%20der%20Isle%20of%20Skye\" title=\"Per E-Mail versenden\" aria-label=\"Per E-Mail versenden\" role=\"button\" rel=\"noopener nofollow\" class=\"shariff-link\" style=\"; background-color:#999; color:#999\"><span class=\"shariff-icon\" style=\"fill:#999\"><svg width=\"32px\" height=\"20px\" xmlns=\"http:\/\/www.w3.org\/2000\/svg\" viewBox=\"0 0 32 32\"><path fill=\"#999\" d=\"M32 12.7v14.2q0 1.2-0.8 2t-2 0.9h-26.3q-1.2 0-2-0.9t-0.8-2v-14.2q0.8 0.9 1.8 1.6 6.5 4.4 8.9 6.1 1 0.8 1.6 1.2t1.7 0.9 2 0.4h0.1q0.9 0 2-0.4t1.7-0.9 1.6-1.2q3-2.2 8.9-6.1 1-0.7 1.8-1.6zM32 7.4q0 1.4-0.9 2.7t-2.2 2.2q-6.7 4.7-8.4 5.8-0.2 0.1-0.7 0.5t-1 0.7-0.9 0.6-1.1 0.5-0.9 0.2h-0.1q-0.4 0-0.9-0.2t-1.1-0.5-0.9-0.6-1-0.7-0.7-0.5q-1.6-1.1-4.7-3.2t-3.6-2.6q-1.1-0.7-2.1-2t-1-2.5q0-1.4 0.7-2.3t2.1-0.9h26.3q1.2 0 2 0.8t0.9 2z\"\/><\/svg><\/span><span class=\"shariff-text\" style=\"color:#999\">E-Mail<\/span>&nbsp;<\/a><\/li><\/ul><\/div>","protected":false},"excerpt":{"rendered":"<p>Berge und Meer \u2013 das waren immer wieder Motive w\u00e4hrend unserer Fotoreise auf die Isle of Skye in Schottland. \u2014 Rauschendes Wasser und stille See \u2013 ob versteckt zwischen den Gipfeln oder exponiert an der K\u00fcste, fanden wir immer wieder faszinierende Motive. \u2014 Regen und Sonne \u2013 die Wetterwechsel waren rasant und von Schauern in&hellip;<\/p>\n","protected":false},"author":2,"featured_media":11650,"comment_status":"open","ping_status":"open","sticky":false,"template":"","format":"standard","meta":{"jetpack_post_was_ever_published":false,"_jetpack_newsletter_access":"","_jetpack_dont_email_post_to_subs":false,"_jetpack_newsletter_tier_id":0,"_jetpack_memberships_contains_paywalled_content":false,"_jetpack_memberships_contains_paid_content":false,"footnotes":"","jetpack_publicize_message":"","jetpack_publicize_feature_enabled":true,"jetpack_social_post_already_shared":true,"jetpack_social_options":{"image_generator_settings":{"template":"highway","default_image_id":0,"font":"","enabled":false},"version":2},"_links_to":"","_links_to_target":""},"categories":[9,11],"tags":[171,89,270,307,269,394],"class_list":["post-11651","post","type-post","status-publish","format-standard","has-post-thumbnail","hentry","category-fotografie","category-reisen","tag-fotoreise","tag-fujifilm","tag-isle-of-skye","tag-nordische-momente","tag-schottland","tag-x-e4","comments-open","no-comments"],"yoast_head":"<!-- This site is optimized with the Yoast SEO plugin v27.5 - https:\/\/yoast.com\/product\/yoast-seo-wordpress\/ -->\n<title>Herbsttage auf der Isle of Skye - Martin H\u00fclle<\/title>\n<meta name=\"robots\" content=\"index, follow, max-snippet:-1, max-image-preview:large, max-video-preview:-1\" \/>\n<link rel=\"canonical\" href=\"https:\/\/www.martin-huelle.de\/blog\/herbsttage-auf-der-isle-of-skye\/\" \/>\n<meta property=\"og:locale\" content=\"de_DE\" \/>\n<meta property=\"og:type\" content=\"article\" \/>\n<meta property=\"og:title\" content=\"Herbsttage auf der Isle of Skye - Martin H\u00fclle\" \/>\n<meta property=\"og:description\" content=\"Berge und Meer \u2013 das waren immer wieder Motive w\u00e4hrend unserer Fotoreise auf die Isle of Skye in Schottland. \u2014 Rauschendes Wasser und stille See \u2013 ob versteckt zwischen den Gipfeln oder exponiert an der K\u00fcste, fanden wir immer wieder faszinierende Motive. \u2014 Regen und Sonne \u2013 die Wetterwechsel waren rasant und von Schauern in&hellip;\" \/>\n<meta property=\"og:url\" content=\"https:\/\/www.martin-huelle.de\/blog\/herbsttage-auf-der-isle-of-skye\/\" \/>\n<meta property=\"og:site_name\" content=\"Martin H\u00fclle\" \/>\n<meta property=\"article:publisher\" content=\"https:\/\/www.facebook.com\/MartinHuelleFotografie\" \/>\n<meta property=\"article:published_time\" content=\"2023-05-31T09:20:28+00:00\" \/>\n<meta property=\"article:modified_time\" content=\"2024-09-16T06:03:56+00:00\" \/>\n<meta property=\"og:image\" content=\"https:\/\/www.martin-huelle.de\/blog\/wp-content\/uploads\/2023\/05\/herbsttage_auf_der_isle_of_skye.jpg\" \/>\n\t<meta property=\"og:image:width\" content=\"2000\" \/>\n\t<meta property=\"og:image:height\" content=\"1125\" \/>\n\t<meta property=\"og:image:type\" content=\"image\/jpeg\" \/>\n<meta name=\"author\" content=\"Martin H\u00fclle\" \/>\n<meta name=\"twitter:card\" content=\"summary_large_image\" \/>\n<meta name=\"twitter:creator\" content=\"@MartinHuelle\" \/>\n<meta name=\"twitter:site\" content=\"@MartinHuelle\" \/>\n<meta name=\"twitter:label1\" content=\"Verfasst von\" \/>\n\t<meta name=\"twitter:data1\" content=\"Martin H\u00fclle\" \/>\n\t<meta name=\"twitter:label2\" content=\"Gesch\u00e4tzte Lesezeit\" \/>\n\t<meta name=\"twitter:data2\" content=\"3\u00a0Minuten\" \/>\n<script type=\"application\/ld+json\" class=\"yoast-schema-graph\">{\"@context\":\"https:\\\/\\\/schema.org\",\"@graph\":[{\"@type\":\"Article\",\"@id\":\"https:\\\/\\\/www.martin-huelle.de\\\/blog\\\/herbsttage-auf-der-isle-of-skye\\\/#article\",\"isPartOf\":{\"@id\":\"https:\\\/\\\/www.martin-huelle.de\\\/blog\\\/herbsttage-auf-der-isle-of-skye\\\/\"},\"author\":{\"name\":\"Martin H\u00fclle\",\"@id\":\"https:\\\/\\\/www.martin-huelle.de\\\/blog\\\/#\\\/schema\\\/person\\\/3795a036df77eeca5488e43d17b280d6\"},\"headline\":\"Herbsttage auf der Isle of Skye\",\"datePublished\":\"2023-05-31T09:20:28+00:00\",\"dateModified\":\"2024-09-16T06:03:56+00:00\",\"mainEntityOfPage\":{\"@id\":\"https:\\\/\\\/www.martin-huelle.de\\\/blog\\\/herbsttage-auf-der-isle-of-skye\\\/\"},\"wordCount\":174,\"commentCount\":0,\"image\":{\"@id\":\"https:\\\/\\\/www.martin-huelle.de\\\/blog\\\/herbsttage-auf-der-isle-of-skye\\\/#primaryimage\"},\"thumbnailUrl\":\"https:\\\/\\\/www.martin-huelle.de\\\/blog\\\/wp-content\\\/uploads\\\/2023\\\/05\\\/herbsttage_auf_der_isle_of_skye.jpg\",\"keywords\":[\"fotoreise\",\"fujifilm\",\"isle of skye\",\"nordische momente\",\"schottland\",\"x-e4\"],\"articleSection\":[\"Fotografie\",\"Reisen\"],\"inLanguage\":\"de\",\"potentialAction\":[{\"@type\":\"CommentAction\",\"name\":\"Comment\",\"target\":[\"https:\\\/\\\/www.martin-huelle.de\\\/blog\\\/herbsttage-auf-der-isle-of-skye\\\/#respond\"]}]},{\"@type\":\"WebPage\",\"@id\":\"https:\\\/\\\/www.martin-huelle.de\\\/blog\\\/herbsttage-auf-der-isle-of-skye\\\/\",\"url\":\"https:\\\/\\\/www.martin-huelle.de\\\/blog\\\/herbsttage-auf-der-isle-of-skye\\\/\",\"name\":\"Herbsttage auf der Isle of Skye - Martin H\u00fclle\",\"isPartOf\":{\"@id\":\"https:\\\/\\\/www.martin-huelle.de\\\/blog\\\/#website\"},\"primaryImageOfPage\":{\"@id\":\"https:\\\/\\\/www.martin-huelle.de\\\/blog\\\/herbsttage-auf-der-isle-of-skye\\\/#primaryimage\"},\"image\":{\"@id\":\"https:\\\/\\\/www.martin-huelle.de\\\/blog\\\/herbsttage-auf-der-isle-of-skye\\\/#primaryimage\"},\"thumbnailUrl\":\"https:\\\/\\\/www.martin-huelle.de\\\/blog\\\/wp-content\\\/uploads\\\/2023\\\/05\\\/herbsttage_auf_der_isle_of_skye.jpg\",\"datePublished\":\"2023-05-31T09:20:28+00:00\",\"dateModified\":\"2024-09-16T06:03:56+00:00\",\"author\":{\"@id\":\"https:\\\/\\\/www.martin-huelle.de\\\/blog\\\/#\\\/schema\\\/person\\\/3795a036df77eeca5488e43d17b280d6\"},\"breadcrumb\":{\"@id\":\"https:\\\/\\\/www.martin-huelle.de\\\/blog\\\/herbsttage-auf-der-isle-of-skye\\\/#breadcrumb\"},\"inLanguage\":\"de\",\"potentialAction\":[{\"@type\":\"ReadAction\",\"target\":[\"https:\\\/\\\/www.martin-huelle.de\\\/blog\\\/herbsttage-auf-der-isle-of-skye\\\/\"]}]},{\"@type\":\"ImageObject\",\"inLanguage\":\"de\",\"@id\":\"https:\\\/\\\/www.martin-huelle.de\\\/blog\\\/herbsttage-auf-der-isle-of-skye\\\/#primaryimage\",\"url\":\"https:\\\/\\\/www.martin-huelle.de\\\/blog\\\/wp-content\\\/uploads\\\/2023\\\/05\\\/herbsttage_auf_der_isle_of_skye.jpg\",\"contentUrl\":\"https:\\\/\\\/www.martin-huelle.de\\\/blog\\\/wp-content\\\/uploads\\\/2023\\\/05\\\/herbsttage_auf_der_isle_of_skye.jpg\",\"width\":2000,\"height\":1125,\"caption\":\"Herbsttage auf der Isle of Skye, Foto: Martin H\u00fclle\"},{\"@type\":\"BreadcrumbList\",\"@id\":\"https:\\\/\\\/www.martin-huelle.de\\\/blog\\\/herbsttage-auf-der-isle-of-skye\\\/#breadcrumb\",\"itemListElement\":[{\"@type\":\"ListItem\",\"position\":1,\"name\":\"Startseite\",\"item\":\"https:\\\/\\\/www.martin-huelle.de\\\/blog\\\/\"},{\"@type\":\"ListItem\",\"position\":2,\"name\":\"Herbsttage auf der Isle of Skye\"}]},{\"@type\":\"WebSite\",\"@id\":\"https:\\\/\\\/www.martin-huelle.de\\\/blog\\\/#website\",\"url\":\"https:\\\/\\\/www.martin-huelle.de\\\/blog\\\/\",\"name\":\"Martin H\u00fclle\",\"description\":\"Fotografie - Blog\",\"potentialAction\":[{\"@type\":\"SearchAction\",\"target\":{\"@type\":\"EntryPoint\",\"urlTemplate\":\"https:\\\/\\\/www.martin-huelle.de\\\/blog\\\/?s={search_term_string}\"},\"query-input\":{\"@type\":\"PropertyValueSpecification\",\"valueRequired\":true,\"valueName\":\"search_term_string\"}}],\"inLanguage\":\"de\"},{\"@type\":\"Person\",\"@id\":\"https:\\\/\\\/www.martin-huelle.de\\\/blog\\\/#\\\/schema\\\/person\\\/3795a036df77eeca5488e43d17b280d6\",\"name\":\"Martin H\u00fclle\",\"image\":{\"@type\":\"ImageObject\",\"inLanguage\":\"de\",\"@id\":\"https:\\\/\\\/secure.gravatar.com\\\/avatar\\\/c98e2751188ecfaf9efaca563c2601d020b00535097295c8d2a11488554048fe?s=96&d=blank&r=g\",\"url\":\"https:\\\/\\\/secure.gravatar.com\\\/avatar\\\/c98e2751188ecfaf9efaca563c2601d020b00535097295c8d2a11488554048fe?s=96&d=blank&r=g\",\"contentUrl\":\"https:\\\/\\\/secure.gravatar.com\\\/avatar\\\/c98e2751188ecfaf9efaca563c2601d020b00535097295c8d2a11488554048fe?s=96&d=blank&r=g\",\"caption\":\"Martin H\u00fclle\"},\"sameAs\":[\"http:\\\/\\\/www.martin-huelle.de\"],\"url\":\"https:\\\/\\\/www.martin-huelle.de\\\/blog\\\/author\\\/martin\\\/\"}]}<\/script>\n<!-- \/ Yoast SEO plugin. -->","yoast_head_json":{"title":"Herbsttage auf der Isle of Skye - Martin H\u00fclle","robots":{"index":"index","follow":"follow","max-snippet":"max-snippet:-1","max-image-preview":"max-image-preview:large","max-video-preview":"max-video-preview:-1"},"canonical":"https:\/\/www.martin-huelle.de\/blog\/herbsttage-auf-der-isle-of-skye\/","og_locale":"de_DE","og_type":"article","og_title":"Herbsttage auf der Isle of Skye - Martin H\u00fclle","og_description":"Berge und Meer \u2013 das waren immer wieder Motive w\u00e4hrend unserer Fotoreise auf die Isle of Skye in Schottland. \u2014 Rauschendes Wasser und stille See \u2013 ob versteckt zwischen den Gipfeln oder exponiert an der K\u00fcste, fanden wir immer wieder faszinierende Motive. \u2014 Regen und Sonne \u2013 die Wetterwechsel waren rasant und von Schauern in&hellip;","og_url":"https:\/\/www.martin-huelle.de\/blog\/herbsttage-auf-der-isle-of-skye\/","og_site_name":"Martin H\u00fclle","article_publisher":"https:\/\/www.facebook.com\/MartinHuelleFotografie","article_published_time":"2023-05-31T09:20:28+00:00","article_modified_time":"2024-09-16T06:03:56+00:00","og_image":[{"width":2000,"height":1125,"url":"https:\/\/www.martin-huelle.de\/blog\/wp-content\/uploads\/2023\/05\/herbsttage_auf_der_isle_of_skye.jpg","type":"image\/jpeg"}],"author":"Martin H\u00fclle","twitter_card":"summary_large_image","twitter_creator":"@MartinHuelle","twitter_site":"@MartinHuelle","twitter_misc":{"Verfasst von":"Martin H\u00fclle","Gesch\u00e4tzte Lesezeit":"3\u00a0Minuten"},"schema":{"@context":"https:\/\/schema.org","@graph":[{"@type":"Article","@id":"https:\/\/www.martin-huelle.de\/blog\/herbsttage-auf-der-isle-of-skye\/#article","isPartOf":{"@id":"https:\/\/www.martin-huelle.de\/blog\/herbsttage-auf-der-isle-of-skye\/"},"author":{"name":"Martin H\u00fclle","@id":"https:\/\/www.martin-huelle.de\/blog\/#\/schema\/person\/3795a036df77eeca5488e43d17b280d6"},"headline":"Herbsttage auf der Isle of Skye","datePublished":"2023-05-31T09:20:28+00:00","dateModified":"2024-09-16T06:03:56+00:00","mainEntityOfPage":{"@id":"https:\/\/www.martin-huelle.de\/blog\/herbsttage-auf-der-isle-of-skye\/"},"wordCount":174,"commentCount":0,"image":{"@id":"https:\/\/www.martin-huelle.de\/blog\/herbsttage-auf-der-isle-of-skye\/#primaryimage"},"thumbnailUrl":"https:\/\/www.martin-huelle.de\/blog\/wp-content\/uploads\/2023\/05\/herbsttage_auf_der_isle_of_skye.jpg","keywords":["fotoreise","fujifilm","isle of skye","nordische momente","schottland","x-e4"],"articleSection":["Fotografie","Reisen"],"inLanguage":"de","potentialAction":[{"@type":"CommentAction","name":"Comment","target":["https:\/\/www.martin-huelle.de\/blog\/herbsttage-auf-der-isle-of-skye\/#respond"]}]},{"@type":"WebPage","@id":"https:\/\/www.martin-huelle.de\/blog\/herbsttage-auf-der-isle-of-skye\/","url":"https:\/\/www.martin-huelle.de\/blog\/herbsttage-auf-der-isle-of-skye\/","name":"Herbsttage auf der Isle of Skye - Martin H\u00fclle","isPartOf":{"@id":"https:\/\/www.martin-huelle.de\/blog\/#website"},"primaryImageOfPage":{"@id":"https:\/\/www.martin-huelle.de\/blog\/herbsttage-auf-der-isle-of-skye\/#primaryimage"},"image":{"@id":"https:\/\/www.martin-huelle.de\/blog\/herbsttage-auf-der-isle-of-skye\/#primaryimage"},"thumbnailUrl":"https:\/\/www.martin-huelle.de\/blog\/wp-content\/uploads\/2023\/05\/herbsttage_auf_der_isle_of_skye.jpg","datePublished":"2023-05-31T09:20:28+00:00","dateModified":"2024-09-16T06:03:56+00:00","author":{"@id":"https:\/\/www.martin-huelle.de\/blog\/#\/schema\/person\/3795a036df77eeca5488e43d17b280d6"},"breadcrumb":{"@id":"https:\/\/www.martin-huelle.de\/blog\/herbsttage-auf-der-isle-of-skye\/#breadcrumb"},"inLanguage":"de","potentialAction":[{"@type":"ReadAction","target":["https:\/\/www.martin-huelle.de\/blog\/herbsttage-auf-der-isle-of-skye\/"]}]},{"@type":"ImageObject","inLanguage":"de","@id":"https:\/\/www.martin-huelle.de\/blog\/herbsttage-auf-der-isle-of-skye\/#primaryimage","url":"https:\/\/www.martin-huelle.de\/blog\/wp-content\/uploads\/2023\/05\/herbsttage_auf_der_isle_of_skye.jpg","contentUrl":"https:\/\/www.martin-huelle.de\/blog\/wp-content\/uploads\/2023\/05\/herbsttage_auf_der_isle_of_skye.jpg","width":2000,"height":1125,"caption":"Herbsttage auf der Isle of Skye, Foto: Martin H\u00fclle"},{"@type":"BreadcrumbList","@id":"https:\/\/www.martin-huelle.de\/blog\/herbsttage-auf-der-isle-of-skye\/#breadcrumb","itemListElement":[{"@type":"ListItem","position":1,"name":"Startseite","item":"https:\/\/www.martin-huelle.de\/blog\/"},{"@type":"ListItem","position":2,"name":"Herbsttage auf der Isle of Skye"}]},{"@type":"WebSite","@id":"https:\/\/www.martin-huelle.de\/blog\/#website","url":"https:\/\/www.martin-huelle.de\/blog\/","name":"Martin H\u00fclle","description":"Fotografie - Blog","potentialAction":[{"@type":"SearchAction","target":{"@type":"EntryPoint","urlTemplate":"https:\/\/www.martin-huelle.de\/blog\/?s={search_term_string}"},"query-input":{"@type":"PropertyValueSpecification","valueRequired":true,"valueName":"search_term_string"}}],"inLanguage":"de"},{"@type":"Person","@id":"https:\/\/www.martin-huelle.de\/blog\/#\/schema\/person\/3795a036df77eeca5488e43d17b280d6","name":"Martin H\u00fclle","image":{"@type":"ImageObject","inLanguage":"de","@id":"https:\/\/secure.gravatar.com\/avatar\/c98e2751188ecfaf9efaca563c2601d020b00535097295c8d2a11488554048fe?s=96&d=blank&r=g","url":"https:\/\/secure.gravatar.com\/avatar\/c98e2751188ecfaf9efaca563c2601d020b00535097295c8d2a11488554048fe?s=96&d=blank&r=g","contentUrl":"https:\/\/secure.gravatar.com\/avatar\/c98e2751188ecfaf9efaca563c2601d020b00535097295c8d2a11488554048fe?s=96&d=blank&r=g","caption":"Martin H\u00fclle"},"sameAs":["http:\/\/www.martin-huelle.de"],"url":"https:\/\/www.martin-huelle.de\/blog\/author\/martin\/"}]}},"jetpack_publicize_connections":[],"jetpack_featured_media_url":"https:\/\/www.martin-huelle.de\/blog\/wp-content\/uploads\/2023\/05\/herbsttage_auf_der_isle_of_skye.jpg","jetpack_sharing_enabled":true,"jetpack_shortlink":"https:\/\/wp.me\/p3Wb1B-31V","_links":{"self":[{"href":"https:\/\/www.martin-huelle.de\/blog\/wp-json\/wp\/v2\/posts\/11651","targetHints":{"allow":["GET"]}}],"collection":[{"href":"https:\/\/www.martin-huelle.de\/blog\/wp-json\/wp\/v2\/posts"}],"about":[{"href":"https:\/\/www.martin-huelle.de\/blog\/wp-json\/wp\/v2\/types\/post"}],"author":[{"embeddable":true,"href":"https:\/\/www.martin-huelle.de\/blog\/wp-json\/wp\/v2\/users\/2"}],"replies":[{"embeddable":true,"href":"https:\/\/www.martin-huelle.de\/blog\/wp-json\/wp\/v2\/comments?post=11651"}],"version-history":[{"count":9,"href":"https:\/\/www.martin-huelle.de\/blog\/wp-json\/wp\/v2\/posts\/11651\/revisions"}],"predecessor-version":[{"id":11801,"href":"https:\/\/www.martin-huelle.de\/blog\/wp-json\/wp\/v2\/posts\/11651\/revisions\/11801"}],"wp:featuredmedia":[{"embeddable":true,"href":"https:\/\/www.martin-huelle.de\/blog\/wp-json\/wp\/v2\/media\/11650"}],"wp:attachment":[{"href":"https:\/\/www.martin-huelle.de\/blog\/wp-json\/wp\/v2\/media?parent=11651"}],"wp:term":[{"taxonomy":"category","embeddable":true,"href":"https:\/\/www.martin-huelle.de\/blog\/wp-json\/wp\/v2\/categories?post=11651"},{"taxonomy":"post_tag","embeddable":true,"href":"https:\/\/www.martin-huelle.de\/blog\/wp-json\/wp\/v2\/tags?post=11651"}],"curies":[{"name":"wp","href":"https:\/\/api.w.org\/{rel}","templated":true}]}}